{"id":154258,"date":"2025-10-10T08:33:31","date_gmt":"2025-10-10T13:33:31","guid":{"rendered":"https:\/\/lospoliticosveracruz.com.mx\/?p=154258"},"modified":"2025-10-10T08:34:13","modified_gmt":"2025-10-10T13:34:13","slug":"tlaqna-sigue-con-graduaciones","status":"publish","type":"post","link":"https:\/\/lospoliticosveracruz.com.mx\/?p=154258","title":{"rendered":"TLAQN\u00c1 SIGUE CON GRADUACIONES"},"content":{"rendered":"\n<p><strong>\u00a0Omar Z\u00fa\u00f1iga<\/strong><\/p>\n\n\n\n<p><em>De Primera Mano<\/em><\/p>\n\n\n\n<p>\u201cHaiga sido como haiga sido, esta es una se\u00f1al m\u00e1s de la insensatez con que se maneja la Rector\u00eda de&nbsp;<strong>Martincillo<\/strong>, ahora que fue prestado o rentado (como dir\u00eda el padre Padilla, est\u00e1 cabr\u00f3n saber tanto) para graduaciones, podr\u00edan esperarse entonces que lo hagan para una fiesta de 15 a\u00f1os, con los S\u00faper Caracoles o Nelson Kanzela, como tel\u00f3n de fondo, la ac\u00fastica del lugar har\u00eda el resto\u201d.<\/p>\n\n\n\n\n\n<p>\u201cProbado est\u00e1 que este personaje, el rectorcito, no debe seguir hundiendo a la Universidad Veracruzana, aunque su gavilla de la Junta de Gobierno pretenda avalar la ilegalidad del asalto a Rector\u00eda mediante la triqui\u00f1uela de la pr\u00f3rroga\u201d.<\/p>\n\n\n\n<p>Este texto fue publicado en este espacio el 27 de julio&nbsp;pasado, por la calebraci\u00f3n de una ceremonia de graduaci\u00f3n para alumnos de bachillerato en el majestuoso escenario de la&nbsp;<strong>Sala de Conciertos Tlaqn\u00e1<\/strong>.<\/p>\n\n\n\n<p>Pues como visto est\u00e1 que a las autoridades universitarias eso de respetar la normatividad (no me vengan con que la ley es la ley, AMLO dixit), la Sala Tlaqn\u00e1 repiti\u00f3.<\/p>\n\n\n\n<p>Alumnos de diferente nivel (ahora fueron maestros y doctores) en una graduaci\u00f3n&nbsp;el s\u00e1bado 4 de octubre, el escenario volvi\u00f3 a ser el mismo.<\/p>\n\n\n\n<p>Dado que se trata de una universidad privada, se torna muy dif\u00edcil que la majestuosa Sala de Conciertos haya sido prestada.<\/p>\n\n\n\n<p>Al final del d\u00eda la porquer\u00eda es la misma, a los usuarios de las instalaciones de la USBI se les cobra por hacer uso de ellas,&nbsp;y un escenario que est\u00e1 destinado exclusivamente para la Orquesta Sinf\u00f3nica de Xalapa,&nbsp;sesiones del CUG&nbsp;y en su caso las bellas artes, la vemos&nbsp;con asientos numerados para los graduados.<\/p>\n\n\n\n<p>Falt\u00f3 el fest\u00f3n del Mercado J\u00e1uregui y los fot\u00f3grafos pasteleros con su tendedera en el mezzanine.<\/p>\n\n\n\n<p>Los que est\u00e1n que brincan de j\u00fabilo son Martincillo y el director de la Fundaci\u00f3n UV,&nbsp;<strong>Facundo Pacheco<\/strong>.<\/p>\n\n\n\n<p>Ojal\u00e1 podamos saber el costo por la renta del recinto, en una de esas, podemos festejar ah\u00ed un cumplea\u00f1os, \u00a1por todo lo alto!<\/p>\n\n\n\n<p>*****<\/p>\n\n\n\n<p>No todo lo que se hace un gobierno es malo&nbsp;y tampoco&nbsp;todo es bueno, es una m\u00e1xima que debe prevalecer en la democracia.<\/p>\n\n\n\n<p>Sin embargo, en el sexenio del tr\u00edstemente c\u00e9lebre&nbsp;<strong>Cuitl\u00e1huac Garc\u00eda<\/strong>,&nbsp;no recuerdo algo bueno que se haya hecho, ni siquiera cuando bajaba a limpiarse los zapatos a&nbsp;Parque&nbsp;Ju\u00e1rez&nbsp;en Xalapa, porque nadie lo pelaba;&nbsp;y de visitar zonas&nbsp;siniestradas por alg\u00fan desastre&nbsp;natural, ni hablamos.<\/p>\n\n\n\n<p>Hoy en d\u00eda, las lluvias&nbsp;no han parado en pr\u00e1cticamente 48 horas&nbsp;en Veracruz; ha sido mucha agua la que ha ca\u00eddo en&nbsp;el terru\u00f1o.<\/p>\n\n\n\n<p>Se revive&nbsp;en el norte del estado&nbsp;la tragedia de 1999, varios r\u00edos han salido de su cauce y otro est\u00e1n por salirse.<\/p>\n\n\n\n<p>No es que haga ninguna gracia, ni podr\u00e1 resolver lo que no se&nbsp;puede resolver, contra la naturaleza no hay vencedor, sin&nbsp;embargo, lo&nbsp;que est\u00e1 bien tambi\u00e9n hay que decirlo y&nbsp;<strong>Roc<\/strong><strong>\u00ed<\/strong><strong>o Nahle<\/strong>&nbsp;se&nbsp;quit\u00f3 las zapatillas, se&nbsp;puso el impermeable y acudi\u00f3 a lazona afectada, sobrevuelo incluido.<\/p>\n\n\n\n<p>Lo dicho,&nbsp;no podr\u00e1&nbsp;solucuonar nada de inmediato, pero la sola presencia de la gobernadora,&nbsp;le da \u00e1nimo y alivio a la gente afectada por las inundaciones.<\/p>\n\n\n\n<p>Es lo que se necesita en estos momentos, esperanza ante lo inminente y apoyo cuando las aguas vuelvan a su cauce.<\/p>\n\n\n\n<p>*****<\/p>\n\n\n\n<p>Y s\u00ed, hoy es 10 de octubre. \u00a1D\u00eda que no se repite en todo el a\u00f1o!<\/p>\n\n\n\n<p>\u00a1Qu\u00e9 barbaridad!<\/p>\n\n\n\n<p><a href=\"mailto:deprimera.mano2020@gmail.com\">deprimera.mano2020@gmail.com<\/a><\/p>\n","protected":false},"excerpt":{"rendered":"<p>\u00a0Omar Z\u00fa\u00f1iga De Primera Mano \u201cHaiga sido como haiga sido, esta es una se\u00f1al m\u00e1s de la insensatez con que se maneja la Rector\u00eda de&nbsp;Martincillo, ahora que fue prestado o rentado (como dir\u00eda el padre Padilla, est\u00e1 cabr\u00f3n saber tanto) para graduaciones, podr\u00edan esperarse entonces que lo hagan para una fiesta de 15 a\u00f1os, con [&hellip;]<\/p>\n","protected":false},"author":2,"featured_media":141427,"comment_status":"closed","ping_status":"closed","sticky":false,"template":"","format":"standard","meta":{"_jetpack_newsletter_access":"","_jetpack_dont_email_post_to_subs":false,"_jetpack_newsletter_tier_id":0,"_jetpack_memberships_contains_paywalled_content":false,"_jetpack_memberships_contains_paid_content":false,"footnotes":""},"categories":[70],"tags":[1563,1026,3578,46540,195],"class_list":["post-154258","post","type-post","status-publish","format-standard","has-post-thumbnail","hentry","category-de-opinion","tag-cuitlahuac-garcia-jimenez","tag-morena","tag-rocio-nahle","tag-salon-tlaqna","tag-veracruz"],"jetpack_featured_media_url":"https:\/\/lospoliticosveracruz.com.mx\/wp-content\/uploads\/2025\/04\/Omar-Zuniga.jpg","jetpack_sharing_enabled":true,"jetpack_shortlink":"https:\/\/wp.me\/p4Qcd3-E82","_links":{"self":[{"href":"https:\/\/lospoliticosveracruz.com.mx\/index.php?rest_route=\/wp\/v2\/posts\/154258","targetHints":{"allow":["GET"]}}],"collection":[{"href":"https:\/\/lospoliticosveracruz.com.mx\/index.php?rest_route=\/wp\/v2\/posts"}],"about":[{"href":"https:\/\/lospoliticosveracruz.com.mx\/index.php?rest_route=\/wp\/v2\/types\/post"}],"author":[{"embeddable":true,"href":"https:\/\/lospoliticosveracruz.com.mx\/index.php?rest_route=\/wp\/v2\/users\/2"}],"replies":[{"embeddable":true,"href":"https:\/\/lospoliticosveracruz.com.mx\/index.php?rest_route=%2Fwp%2Fv2%2Fcomments&post=154258"}],"version-history":[{"count":2,"href":"https:\/\/lospoliticosveracruz.com.mx\/index.php?rest_route=\/wp\/v2\/posts\/154258\/revisions"}],"predecessor-version":[{"id":154260,"href":"https:\/\/lospoliticosveracruz.com.mx\/index.php?rest_route=\/wp\/v2\/posts\/154258\/revisions\/154260"}],"wp:featuredmedia":[{"embeddable":true,"href":"https:\/\/lospoliticosveracruz.com.mx\/index.php?rest_route=\/wp\/v2\/media\/141427"}],"wp:attachment":[{"href":"https:\/\/lospoliticosveracruz.com.mx\/index.php?rest_route=%2Fwp%2Fv2%2Fmedia&parent=154258"}],"wp:term":[{"taxonomy":"category","embeddable":true,"href":"https:\/\/lospoliticosveracruz.com.mx\/index.php?rest_route=%2Fwp%2Fv2%2Fcategories&post=154258"},{"taxonomy":"post_tag","embeddable":true,"href":"https:\/\/lospoliticosveracruz.com.mx\/index.php?rest_route=%2Fwp%2Fv2%2Ftags&post=154258"}],"curies":[{"name":"wp","href":"https:\/\/api.w.org\/{rel}","templated":true}]}}