{"id":154274,"date":"2025-10-10T12:27:58","date_gmt":"2025-10-10T17:27:58","guid":{"rendered":"https:\/\/lospoliticosveracruz.com.mx\/?p=154274"},"modified":"2025-10-10T12:28:18","modified_gmt":"2025-10-10T17:28:18","slug":"ultimatum-a-cfe","status":"publish","type":"post","link":"https:\/\/lospoliticosveracruz.com.mx\/?p=154274","title":{"rendered":"ULTIM\u00c1TUM A CFE!"},"content":{"rendered":"\n<p>S\u00edguenos ahora tambi\u00e9n en WhatsApp.\u00a0\u00a1<a href=\"https:\/\/whatsapp.com\/channel\/0029Va8zRWlEKyZIP3Z1dF0e\"><strong>Da clic aqu\u00ed<\/strong><\/a><strong>!<\/strong><\/p>\n\n\n\n<p><\/p>\n\n\n\n<p><strong>Alejandro \u00c1vila<br><\/strong><em>Alvarado<br><\/em>Ciudadanos del municipio de Alvarado colocaron un letrero en el puente que pasa por el R\u00edo Papaloapan dando un ultim\u00e1tum a Comisi\u00f3n Federal de Electricidad (CFE) para que les dote de energ\u00eda el\u00e9ctrica.<\/p>\n\n\n\n<p>El letrero va dirigido a la dependencia Federal, al Ayuntamiento de Alvarado y a la ciudadan\u00eda en general que se podr\u00eda ver afectada por el bloqueo del puente que conecta al municipio de Alvarado con Lerdo de Tejada, Tlacotalpan y las localidades de la zona sur del municipio.<\/p>\n\n\n\n\n\n<p>La pancarta se\u00f1ala que si a las 2 de la tarde de este viernes 10 de octubre no se restablece la energ\u00eda el\u00e9ctrica en las colonias Escolleras, Paso Nacional, La Trocha y Loma del Rosario, bloquear\u00e1n los accesos al puente.<\/p>\n\n\n\n<p>De la misma manera, a trav\u00e9s de redes sociales se solicit\u00f3 el apoyo a Protecci\u00f3n Civil de Alvarado para diversos deslaves que se han suscitado en la colonia La Playa, debido a las constantes lluvias que ha dejado la Vaguada y la Depresi\u00f3n Tropical 90E.<\/p>\n","protected":false},"excerpt":{"rendered":"<p>Alejandro \u00c1vilaAlvaradoCiudadanos del municipio de Alvarado colocaron un letrero en el puente que pasa por el R\u00edo Papaloapan dando un ultim\u00e1tum a Comisi\u00f3n Federal de Electricidad (CFE) para que les dote de energ\u00eda el\u00e9ctrica. El letrero va dirigido a la dependencia Federal, al Ayuntamiento de Alvarado y a la ciudadan\u00eda en general que se podr\u00eda [&hellip;]<\/p>\n","protected":false},"author":2,"featured_media":154275,"comment_status":"closed","ping_status":"closed","sticky":false,"template":"","format":"standard","meta":{"_jetpack_newsletter_access":"","_jetpack_dont_email_post_to_subs":false,"_jetpack_newsletter_tier_id":0,"_jetpack_memberships_contains_paywalled_content":false,"_jetpack_memberships_contains_paid_content":false,"footnotes":""},"categories":[6446],"tags":[301,4973,5858,46553],"class_list":["post-154274","post","type-post","status-publish","format-standard","has-post-thumbnail","hentry","category-la-nota","tag-alvarado","tag-cfe","tag-energia-electrica","tag-puente-papaloapan"],"jetpack_featured_media_url":"https:\/\/lospoliticosveracruz.com.mx\/wp-content\/uploads\/2025\/10\/WhatsApp-Image-2025-10-10-at-11.24.53.jpeg","jetpack_sharing_enabled":true,"jetpack_shortlink":"https:\/\/wp.me\/p4Qcd3-E8i","_links":{"self":[{"href":"https:\/\/lospoliticosveracruz.com.mx\/index.php?rest_route=\/wp\/v2\/posts\/154274","targetHints":{"allow":["GET"]}}],"collection":[{"href":"https:\/\/lospoliticosveracruz.com.mx\/index.php?rest_route=\/wp\/v2\/posts"}],"about":[{"href":"https:\/\/lospoliticosveracruz.com.mx\/index.php?rest_route=\/wp\/v2\/types\/post"}],"author":[{"embeddable":true,"href":"https:\/\/lospoliticosveracruz.com.mx\/index.php?rest_route=\/wp\/v2\/users\/2"}],"replies":[{"embeddable":true,"href":"https:\/\/lospoliticosveracruz.com.mx\/index.php?rest_route=%2Fwp%2Fv2%2Fcomments&post=154274"}],"version-history":[{"count":1,"href":"https:\/\/lospoliticosveracruz.com.mx\/index.php?rest_route=\/wp\/v2\/posts\/154274\/revisions"}],"predecessor-version":[{"id":154276,"href":"https:\/\/lospoliticosveracruz.com.mx\/index.php?rest_route=\/wp\/v2\/posts\/154274\/revisions\/154276"}],"wp:featuredmedia":[{"embeddable":true,"href":"https:\/\/lospoliticosveracruz.com.mx\/index.php?rest_route=\/wp\/v2\/media\/154275"}],"wp:attachment":[{"href":"https:\/\/lospoliticosveracruz.com.mx\/index.php?rest_route=%2Fwp%2Fv2%2Fmedia&parent=154274"}],"wp:term":[{"taxonomy":"category","embeddable":true,"href":"https:\/\/lospoliticosveracruz.com.mx\/index.php?rest_route=%2Fwp%2Fv2%2Fcategories&post=154274"},{"taxonomy":"post_tag","embeddable":true,"href":"https:\/\/lospoliticosveracruz.com.mx\/index.php?rest_route=%2Fwp%2Fv2%2Ftags&post=154274"}],"curies":[{"name":"wp","href":"https:\/\/api.w.org\/{rel}","templated":true}]}}