{"id":154372,"date":"2025-10-12T21:46:51","date_gmt":"2025-10-13T02:46:51","guid":{"rendered":"https:\/\/lospoliticosveracruz.com.mx\/?p=154372"},"modified":"2025-10-12T21:47:06","modified_gmt":"2025-10-13T02:47:06","slug":"los-buitres-del-oportunismo","status":"publish","type":"post","link":"https:\/\/lospoliticosveracruz.com.mx\/?p=154372","title":{"rendered":"LOS BUITRES DEL OPORTUNISMO"},"content":{"rendered":"\n<p>S\u00edguenos ahora tambi\u00e9n en WhatsApp.\u00a0\u00a1<a href=\"https:\/\/whatsapp.com\/channel\/0029Va8zRWlEKyZIP3Z1dF0e\"><strong>Da clic aqu\u00ed<\/strong><\/a><strong>!<\/strong><\/p>\n\n\n\n<p><strong>Miguel Valera<\/strong><br><em>Contrase\u00f1as<\/em><\/p>\n\n\n\n<p>En pol\u00edtica hay quienes llegan tarde al trabajo, pero siempre a tiempo para la tragedia. Esa parece ser la especialidad de algunos personajes de <strong>Movimiento Ciudadano (MC)<\/strong>, encabezados por el excandidato <strong>Emilio Olvera Andrade<\/strong>, quien ha encontrado en el dolor de <strong>Poza Rica<\/strong> la oportunidad de su revancha pol\u00edtica.<\/p>\n\n\n\n<p>Tras la emergencia, cuando lo urgente era coordinar, ayudar y sumar esfuerzos, el equipo de Olvera \u2014alentado, nos dicen por el <strong>senador Manuel Huerta Ladr\u00f3n de Guevara<\/strong>, el eterno conspirador\u2014 activ\u00f3 una operaci\u00f3n digital y medi\u00e1tica con un solo fin: golpear a la <strong>Gobernadora Roc\u00edo Nahle Garc\u00eda<\/strong> y empa\u00f1ar el trabajo del <strong>gobierno estatal<\/strong> frente a la <strong>presidenta Claudia Sheinbaum<\/strong>.<\/p>\n\n\n\n\n\n<p>No fue espont\u00e1neo. Desde n\u00fameros telef\u00f3nicos de <strong>Nuevo Le\u00f3n<\/strong>, circularon mensajes coordinados para sembrar cr\u00edticas y alimentar la percepci\u00f3n de caos.<br>El guion es burdo, pero revela lo peor de la pol\u00edtica: el uso del dolor ajeno como combustible electoral. \u00a1Pero qu\u00e9 necesidad!<\/p>\n\n\n\n<p>El problema es que la gente en <strong>Veracruz<\/strong> no es ingenua. Ha visto a la gobernadora trabajar en el territorio, mientras los \u201cbuitres\u201d del oportunismo s\u00f3lo sobrevuelan buscando carro\u00f1a pol\u00edtica. Y cuando la gente distingue entre qui\u00e9n ayuda y qui\u00e9n luce, la mentira deja de tener vuelo.<\/p>\n\n\n\n<p>\u201cEstamos aqu\u00ed para ayudarles\u201d: <strong>Sheinbaum<\/strong><\/p>\n\n\n\n<p>En <strong>Poza Rica<\/strong>, este domingo, la <strong>presidenta Claudia Sheinbaum Pardo<\/strong> se hizo presente. Recibi\u00f3 reclamos, como es normal. La gente est\u00e1 agobiada, estresada, cansada. Lo que pas\u00f3 no es para menos, pero es una cat\u00e1strofe natural, no es responsabilidad de un gobierno en particular. La mandataria mexicana escuch\u00f3, no perdi\u00f3 el temple, atendi\u00f3 las peticiones, dio instrucciones.<\/p>\n\n\n\n<p>Dijo que \u201clo primero es ayudarles a la limpieza y todo lo que tiene que ver con alimentaci\u00f3n, agua potable, para que puedan pasar la emergencia. Aqu\u00ed est\u00e1 el <strong>secretario de la Defensa<\/strong>, de <strong>Marina<\/strong>, la <strong>gobernadora<\/strong>, para poderles ayudar en todo eso. En muchos municipios de <strong>Veracruz<\/strong> hay afectaciones. El da\u00f1o fue en cinco estados. Por eso estamos aqu\u00ed. Aqu\u00ed me est\u00e1n oyendo, para que podamos desplegar brigadas y ayudarles en la limpieza. Eso es lo primero\u201d, destac\u00f3 en una de las calles de esta demarcaci\u00f3n.<\/p>\n\n\n\n<p>Luego, desde el <strong>Centro de Comando Permanente en Veracruz<\/strong>, inform\u00f3 que los tres \u00f3rdenes de gobierno atienden la emergencia por lluvias en comunidades donde ya establecimos puentes a\u00e9reos para entregar ayuda y realizar traslados m\u00e9dicos; tambi\u00e9n trabajamos para restablecer caminos. \u201cEn <strong>Poza Rica<\/strong> y <strong>\u00c1lamo<\/strong>, principales ciudades afectadas, avanzan los trabajos de limpieza. Nadie quedar\u00e1 desamparado. Ma\u00f1ana comienza el censo casa por casa; todas las viviendas recibir\u00e1n apoyo\u201d, destac\u00f3.<\/p>\n\n\n\n<p>La mandataria mexicana reconoci\u00f3 que \u201ctodav\u00eda varias comunidades aisladas donde afortunadamente pudimos establecer puentes a\u00e9reos para poder llevar alimentaci\u00f3n, agua y poder atender a cualquier persona enferma. Se hicieron varios traslados\u201d.<\/p>\n\n\n\n<p>Adem\u00e1s, coment\u00f3 que ya est\u00e1n trabajando en las carreteras da\u00f1adas y en los puentes colapsados. Existe una muy buena coordinaci\u00f3n entre el <strong>Gobierno del Estado<\/strong>, la <strong>SIOP<\/strong>, la <strong>SICT<\/strong>, la <strong>Secretar\u00eda de la Defensa<\/strong>, la <strong>Marina Armada de M\u00e9xico<\/strong> y empresas privadas.<\/p>\n\n\n\n<p>\u201cEn el caso de <strong>Veracruz<\/strong> hay dos zonas muy afectadas: <strong>Poza Rica<\/strong> y <strong>\u00c1lamo<\/strong>. Aqu\u00ed lo primero fue que bajaran las aguas, limpiar, ma\u00f1ana lo haremos con mayor intensidad\u201d.<\/p>\n\n\n\n<p>En <strong>Poza Rica<\/strong> se establecieron cuatro sectores que ser\u00e1n atendidos por <strong>Defensa<\/strong>, <strong>Marina<\/strong>, <strong>Gobierno estatal<\/strong> y <strong>gobierno municipal<\/strong>.<\/p>\n\n\n\n<p><strong>\u00c1lamo Temapache<\/strong> se dividi\u00f3 en cinco sectores: este lunes igual se trabajar\u00e1 con mayor intensidad, explic\u00f3 <strong>Sheinbaum<\/strong>.<\/p>\n\n\n\n<p>\u201cEl mensaje a la poblaci\u00f3n: sabemos que hay mucha desesperaci\u00f3n y preocupaci\u00f3n. Los vamos a atender a todos. Los trabajos de limpieza se van a desarrollar con toda la amplitud, sin escatimar ning\u00fan recurso\u201d.<\/p>\n\n\n\n<p>\u201cLa <strong>Secretar\u00eda de Bienestar<\/strong> empezar\u00e1 a censar casa por casa. Se les va a poyar a todos. A nadie se le va a dejar desamparado. Vamos a regresar en la semana\u201d.<\/p>\n\n\n\n<p>\u201cLas personas que perdieron la vida, hay un protocolo a trav\u00e9s de la <strong>Fiscal\u00eda General del Estado de Veracruz<\/strong>\u201d. Pidi\u00f3 a familiares que reporten al 089, si a\u00fan hay personas no localizadas. \u201cToda la informaci\u00f3n se manejar\u00e1 de manera transparente. Vamos a atender a todas las familias\u201d, concluy\u00f3 la presidenta de M\u00e9xico.<\/p>\n\n\n\n<p>Impresionante trabajo de <strong>Aleyda Gatell<\/strong><\/p>\n\n\n\n<p>Impresionante el trabajo solidario que en esta contingencia est\u00e1 realizando la pozarricense <strong>Aleyda Gatell<\/strong>, directora de la p\u00e1gina <strong>Vialidad Xalapa<\/strong>. Desde el primer minuto puso sus plataformas al servicio de la sociedad norveracruzana y aunque radica en <strong>Xalapa<\/strong>, se moviliz\u00f3 a su zona de origen para personalmente atender a damnificados, promover informaci\u00f3n de utilidad, registrar las acciones que se est\u00e1n realizando, buscar a personas desaparecidas, entre otras acciones. Su solidaridad y empat\u00eda son dignas de reconocerse.<\/p>\n\n\n\n<p>@MValeraH<\/p>\n","protected":false},"excerpt":{"rendered":"<p>Miguel ValeraContrase\u00f1as En pol\u00edtica hay quienes llegan tarde al trabajo, pero siempre a tiempo para la tragedia. Esa parece ser la especialidad de algunos personajes de Movimiento Ciudadano (MC), encabezados por el excandidato Emilio Olvera Andrade, quien ha encontrado en el dolor de Poza Rica la oportunidad de su revancha pol\u00edtica. Tras la emergencia, cuando [&hellip;]<\/p>\n","protected":false},"author":2,"featured_media":141429,"comment_status":"closed","ping_status":"closed","sticky":false,"template":"","format":"standard","meta":{"_jetpack_newsletter_access":"","_jetpack_dont_email_post_to_subs":false,"_jetpack_newsletter_tier_id":0,"_jetpack_memberships_contains_paywalled_content":false,"_jetpack_memberships_contains_paid_content":false,"footnotes":""},"categories":[70],"tags":[46586,46587,46585,44353],"class_list":["post-154372","post","type-post","status-publish","format-standard","has-post-thumbnail","hentry","category-de-opinion","tag-claudia-sheinbaum-apoyo","tag-emergencia-norte-veracruz","tag-poza-rica-inundaciones","tag-rocio-nahle-veracruz"],"jetpack_featured_media_url":"https:\/\/lospoliticosveracruz.com.mx\/wp-content\/uploads\/2025\/04\/Miguel-Valera.jpg","jetpack_sharing_enabled":true,"jetpack_shortlink":"https:\/\/wp.me\/p4Qcd3-E9S","_links":{"self":[{"href":"https:\/\/lospoliticosveracruz.com.mx\/index.php?rest_route=\/wp\/v2\/posts\/154372","targetHints":{"allow":["GET"]}}],"collection":[{"href":"https:\/\/lospoliticosveracruz.com.mx\/index.php?rest_route=\/wp\/v2\/posts"}],"about":[{"href":"https:\/\/lospoliticosveracruz.com.mx\/index.php?rest_route=\/wp\/v2\/types\/post"}],"author":[{"embeddable":true,"href":"https:\/\/lospoliticosveracruz.com.mx\/index.php?rest_route=\/wp\/v2\/users\/2"}],"replies":[{"embeddable":true,"href":"https:\/\/lospoliticosveracruz.com.mx\/index.php?rest_route=%2Fwp%2Fv2%2Fcomments&post=154372"}],"version-history":[{"count":1,"href":"https:\/\/lospoliticosveracruz.com.mx\/index.php?rest_route=\/wp\/v2\/posts\/154372\/revisions"}],"predecessor-version":[{"id":154373,"href":"https:\/\/lospoliticosveracruz.com.mx\/index.php?rest_route=\/wp\/v2\/posts\/154372\/revisions\/154373"}],"wp:featuredmedia":[{"embeddable":true,"href":"https:\/\/lospoliticosveracruz.com.mx\/index.php?rest_route=\/wp\/v2\/media\/141429"}],"wp:attachment":[{"href":"https:\/\/lospoliticosveracruz.com.mx\/index.php?rest_route=%2Fwp%2Fv2%2Fmedia&parent=154372"}],"wp:term":[{"taxonomy":"category","embeddable":true,"href":"https:\/\/lospoliticosveracruz.com.mx\/index.php?rest_route=%2Fwp%2Fv2%2Fcategories&post=154372"},{"taxonomy":"post_tag","embeddable":true,"href":"https:\/\/lospoliticosveracruz.com.mx\/index.php?rest_route=%2Fwp%2Fv2%2Ftags&post=154372"}],"curies":[{"name":"wp","href":"https:\/\/api.w.org\/{rel}","templated":true}]}}