{"id":154514,"date":"2025-10-14T22:28:00","date_gmt":"2025-10-15T03:28:00","guid":{"rendered":"https:\/\/lospoliticosveracruz.com.mx\/?p=154514"},"modified":"2025-10-14T19:40:15","modified_gmt":"2025-10-15T00:40:15","slug":"la-batalla-que-viene-2","status":"publish","type":"post","link":"https:\/\/lospoliticosveracruz.com.mx\/?p=154514","title":{"rendered":"LA BATALLA QUE VIENE"},"content":{"rendered":"\n<p>S\u00edguenos ahora tambi\u00e9n en WhatsApp.\u00a0\u00a1<a href=\"https:\/\/whatsapp.com\/channel\/0029Va8zRWlEKyZIP3Z1dF0e\"><strong>Da clic aqu\u00ed<\/strong><\/a><strong>!<\/strong><\/p>\n\n\n\n<p><strong>Salvador Mu\u00f1oz<\/strong><\/p>\n\n\n\n<p><em>Los Pol\u00edticos<br><\/em><\/p>\n\n\n\n<p>Entre las casas inundadas y el olor a humedad; entre el cansancio y la tristeza; entre los lodazales y quienes hacen chiquero de la desgracia ajena, est\u00e1 el lodo que dej\u00f3 la naturaleza y el que se est\u00e1n arrojando los pol\u00edticos\u2026<br>Ambos, lodo y chiquero, hacen mucho da\u00f1o\u2026<br>El de los pol\u00edticos, porque lejos de hermanar, dividen, separan, generan mucho resentimiento\u2026 ya de por s\u00ed tenemos una sociedad lastimada como para echarle sal y lim\u00f3n a la herida\u2026<br>El otro lodo es un enemigo silencioso que no distingue partido, colores, estatus\u2026 agarra parejo\u2026<\/p>\n\n\n\n\n\n<p>Hoy, en <strong>Poza Rica<\/strong>, <strong>\u00c1lamo<\/strong>, <strong>Tuxpan<\/strong> y el resto del norte de <strong>Veracruz<\/strong>, la emergencia ya no es solo por lo que dej\u00f3 la inundaci\u00f3n, ahora es por la <strong>salud<\/strong>.<br>Casi no se habla de ello porque la amenaza es hasta cierto punto invisible\u2026 En este momento se habla de p\u00e9rdidas materiales y humanas, de ayuda, de v\u00edveres, de refugios\u2026 pero poco de la salud de quienes vivieron y viven la tragedia, como de quienes asisten y auxilian a \u00e9stos\u2026 De un modo u otro, los que est\u00e1n como los que van, corren un nuevo riesgo\u2026<\/p>\n\n\n\n<p>El enemigo ya no es el agua, sino lo que deja: bacterias, mosquitos, infecciones, angustia. Y ah\u00ed es donde muchos est\u00e1n operando con luz de sol, de planta o linterna, atendiendo a quien llega con fiebre, tos o miedo. No se anuncian en redes ni convocan conferencias, pero est\u00e1n sosteniendo una contenci\u00f3n silenciosa que vale m\u00e1s que cualquier discurso.<\/p>\n\n\n\n<p>S\u00ed, todas las brigadas de apoyo, de rescate, de caminos son importantes, pero ac\u00e1 es cuando <strong>Salud<\/strong> debe mantenerse al frente, no como un respaldo log\u00edstico, sino como el eje de la reconstrucci\u00f3n humana.<\/p>\n\n\n\n<p>Despu\u00e9s del desastre f\u00edsico viene el invisible: las enfermedades, el cansancio, la tristeza. S\u00ed, hablamos de lo f\u00edsico y lo mental. Y ese frente no se combate con maquinaria, sino con <strong>m\u00e9dicos<\/strong>, <strong>enfermeras<\/strong> y <strong>promotores de salud<\/strong> que conocen el factor humano mejor que los mapas.<br>No hacen ruido, pero salvan. No posan, pero curan. En un <strong>Veracruz<\/strong> donde la pol\u00edtica suele ensuciarlo todo, hombres y mujeres de blanco son el recordatorio de que a\u00fan hay servicio p\u00fablico que s\u00ed honra su nombre.<\/p>\n\n\n\n<p>M\u00e9dicos y doctoras, enfermeros y enfermeras son quienes van casa por casa revisando heridas infectadas, vacunando ni\u00f1os, entregando suero oral, potabilizando agua y explicando \u2013las veces que sean necesarias\u2013 el porqu\u00e9 no hay que confiarse del color transparente de un vaso. En medio del desastre, ellos deben ser el orden dentro del caos.<\/p>\n\n\n\n<p>S\u00ed, mientras las c\u00e1maras buscan declaraciones y los pol\u00edticos reparten culpas, hay m\u00e9dicos, enfermeras, brigadistas y promotores que siguen ah\u00ed con el cansancio en la cara y el deber en las manos. Sin reflectores pero con resultados.<br>Y hoy, en medio del lodo, \u00e9se que dej\u00f3 la naturaleza cruda como el que se reparten los pol\u00edticos, son ellos, hombres y mujeres de blanco, con bata, quienes hacen una labor de contenci\u00f3n, de prevenci\u00f3n, de salud\u2026<\/p>\n\n\n\n<p>Ya se desbordaron las aguas\u2026 el norte del Estado no puede darse el lujo de que se desborde la salud f\u00edsica y mental de sus habitantes\u2026 ya sufren mucho por lo que se ha perdido\u2026 y si se pierde la salud es demasiado\u2026 esta batalla a\u00fan no ha terminado\u2026 y hay que ganarla.<\/p>\n","protected":false},"excerpt":{"rendered":"<p>Salvador Mu\u00f1oz Los Pol\u00edticos Entre las casas inundadas y el olor a humedad; entre el cansancio y la tristeza; entre los lodazales y quienes hacen chiquero de la desgracia ajena, est\u00e1 el lodo que dej\u00f3 la naturaleza y el que se est\u00e1n arrojando los pol\u00edticos\u2026Ambos, lodo y chiquero, hacen mucho da\u00f1o\u2026El de los pol\u00edticos, porque [&hellip;]<\/p>\n","protected":false},"author":2,"featured_media":141805,"comment_status":"closed","ping_status":"closed","sticky":false,"template":"","format":"standard","meta":{"_jetpack_newsletter_access":"","_jetpack_dont_email_post_to_subs":false,"_jetpack_newsletter_tier_id":0,"_jetpack_memberships_contains_paywalled_content":false,"_jetpack_memberships_contains_paid_content":false,"footnotes":""},"categories":[70],"tags":[16424,46598,46635,46634],"class_list":["post-154514","post","type-post","status-publish","format-standard","has-post-thumbnail","hentry","category-de-opinion","tag-brigadas-de-salud","tag-inundaciones-norte-de-veracruz","tag-medicos-y-enfermeras","tag-poza-rica-veracruz"],"jetpack_featured_media_url":"https:\/\/lospoliticosveracruz.com.mx\/wp-content\/uploads\/2025\/04\/Chava-Munoz-1.jpg","jetpack_sharing_enabled":true,"jetpack_shortlink":"https:\/\/wp.me\/p4Qcd3-Eca","_links":{"self":[{"href":"https:\/\/lospoliticosveracruz.com.mx\/index.php?rest_route=\/wp\/v2\/posts\/154514","targetHints":{"allow":["GET"]}}],"collection":[{"href":"https:\/\/lospoliticosveracruz.com.mx\/index.php?rest_route=\/wp\/v2\/posts"}],"about":[{"href":"https:\/\/lospoliticosveracruz.com.mx\/index.php?rest_route=\/wp\/v2\/types\/post"}],"author":[{"embeddable":true,"href":"https:\/\/lospoliticosveracruz.com.mx\/index.php?rest_route=\/wp\/v2\/users\/2"}],"replies":[{"embeddable":true,"href":"https:\/\/lospoliticosveracruz.com.mx\/index.php?rest_route=%2Fwp%2Fv2%2Fcomments&post=154514"}],"version-history":[{"count":2,"href":"https:\/\/lospoliticosveracruz.com.mx\/index.php?rest_route=\/wp\/v2\/posts\/154514\/revisions"}],"predecessor-version":[{"id":154516,"href":"https:\/\/lospoliticosveracruz.com.mx\/index.php?rest_route=\/wp\/v2\/posts\/154514\/revisions\/154516"}],"wp:featuredmedia":[{"embeddable":true,"href":"https:\/\/lospoliticosveracruz.com.mx\/index.php?rest_route=\/wp\/v2\/media\/141805"}],"wp:attachment":[{"href":"https:\/\/lospoliticosveracruz.com.mx\/index.php?rest_route=%2Fwp%2Fv2%2Fmedia&parent=154514"}],"wp:term":[{"taxonomy":"category","embeddable":true,"href":"https:\/\/lospoliticosveracruz.com.mx\/index.php?rest_route=%2Fwp%2Fv2%2Fcategories&post=154514"},{"taxonomy":"post_tag","embeddable":true,"href":"https:\/\/lospoliticosveracruz.com.mx\/index.php?rest_route=%2Fwp%2Fv2%2Ftags&post=154514"}],"curies":[{"name":"wp","href":"https:\/\/api.w.org\/{rel}","templated":true}]}}