{"id":154524,"date":"2025-10-14T23:45:46","date_gmt":"2025-10-15T04:45:46","guid":{"rendered":"https:\/\/lospoliticosveracruz.com.mx\/?p=154524"},"modified":"2025-10-14T23:46:43","modified_gmt":"2025-10-15T04:46:43","slug":"veracruz-la-crisis-de-la-inundacion","status":"publish","type":"post","link":"https:\/\/lospoliticosveracruz.com.mx\/?p=154524","title":{"rendered":"VERACRUZ, LA CRISIS DE LA INUNDACI\u00d3N"},"content":{"rendered":"\n<p><strong>Ricardo Chua<\/strong><\/p>\n\n\n\n<p><em>Sale y Vale<\/em><\/p>\n\n\n\n<p>El grave error que cometen los propagandistas de la 4T y del gobierno de Veracruz.. Despu\u00e9s de la crisis que vive la administraci\u00f3n por las lluvias y severas inundaciones en el municipio de Poza Rica y la zona norte.. Es que a trav\u00e9s de sus redes sociales, contenidos y hasta por grupos de whatsapp.. Quieren poner como la principal \u00abdamnificada\u00bb por el meteoro que azot\u00f3 a esa regi\u00f3n a la gobernadora Roc\u00edo Nahle y no a la ciudadan\u00eda.. Desde el pasado viernes, el d\u00eda m\u00e1s cr\u00edtico de la inundaci\u00f3n, tratan de \u00abvender\u00bb esa narrativa.. Y no les ha funcionado porque \u00abcrisparon\u00bb los \u00e1nimos de la sociedad, no s\u00f3lo local sino nacional.. Y ning\u00fan favor le hicieron a la mandataria estatal.. Por esa f\u00e9rrea defensa la dejaron como \u00abvictimaria\u00bb.. OJO no es culpa de Nahle, es culpa y error de sus propagandistas..<\/p>\n\n\n\n\n\n<p>La percepci\u00f3n ciudadana, que es la mayor\u00eda a los simpatizantes de MORENA en esa regi\u00f3n y hasta en las redes sociales, ha encontrado a tres culpables \u00abfavoritos\u00bb de la crisis por este desastre natural.. Uno es el alcalde, Fernando \u00abEl Pulpo\u00bb Remes, la otra es la candidata de MORENA a la alcald\u00eda, Adanely Rodr\u00edgiuez y la propia Roc\u00edo Nahle.. Y todo debido a que sus \u00bfpropagandistas? en vez de aliados, parecen sus enemigos.. A qui\u00e9n se le ocurre mandarlos a enfrentarse con la sociedad en redes sociales, cuando el desastre est\u00e1 en su m\u00e1xima expresi\u00f3n.. Y siempre son m\u00e1s los afectados, que la ayuda que se pueda otorgar.. Fue un \u00abbalazo en el pie\u00bb el que se metieron al defenderla con tanta \u00abdevoci\u00f3n\u00bb.. El pueblo la vio entonces como adversaria y no como aliada.. Esa es la percepci\u00f3n..<\/p>\n\n\n\n<p>La ciudadan\u00eda afectada en Poza Rica, a diferencia del 1999, que est\u00e1 en sus labores de limpieza, rescate, viendo sus casas, coches, propiedades destruidas.. Est\u00e1n observando las redes sociales, cuentan con un celular en mano, analizan y ven las publicaciones.. Y obviamente al ver la defensa a ultranza que le hacen sus propagandistas en sus redes, los llena de enojo, rabia y cosas peores por la situaci\u00f3n que est\u00e1n viviendo.. Por eso, encuentran culpable siempre al gobierno y luego si ven esas publicaciones la cosa se pone peor.. Sumado a la opini\u00f3n p\u00fablica nacional.. Por cada publicaci\u00f3n de defensa al gobierno de Veracruz.. Hay hasta 300 respuestas negativas en menos de una hora.. La gente anda irritada y esto en vez de calmarlos, los pone m\u00e1s \u00abacelerados\u00bb y los ataques al gobierno no cesan..<\/p>\n\n\n\n<p>Adem\u00e1s la estrategia de estos propagandistas es reactiva.. No construyen, s\u00f3lo quieren destruir los comentarios adversos al gobierno, lo cual los deja rezagados ante la gran cantidad de reclamos en sus publicaciones.. Y no logran que la gobernadora conecte con la ciudadan\u00eda y que los funcionarios de MORENA se vean EMPATICOS con los afectados por las inundaciones.. Por eso, el rechazo, el reclamo y todo lo que fue testigo la Presidenta Claudia Shienbaum en su visita a Poza Rica el pasado domingo.. Todo ese clamor social sali\u00f3 cuando la vieron ah\u00ed presente.. Ya las redes sociales hab\u00edan \u00abalimentado\u00bb esa inconformidad por la defensa a ultranza del gobierno estatal.. No le \u00abaligeraron la carga\u00bb a Roc\u00edo Nahle, al contrario, sus voceros la sobrecargaron y ah\u00ed est\u00e1n las consecuencias..<\/p>\n\n\n\n<p>Ya que el problema principal, es que en estas publicaciones a favor del gobierno de Nahle, era que los textos y fotos NO DEMUESTRAN EMPAT\u00cdA CON LAS V\u00cdCTIMAS.. S\u00f3lo quer\u00edan demostrar empat\u00eda con la gobernadora.. Y eso no es as\u00ed cuando est\u00e1s en medio de una crisis por un desastre natural.. El tema no era pol\u00edtico, era de empat\u00eda social.. Para el colmo, los mismos propagandistas no analizaron los pro y los contras de esas publicaciones.. En redes sociales, no puedes pedir que se tenga empat\u00eda por un gobernante, cuando est\u00e1n las afectaciones por las inundaciones, si ese funcionario, ya sea alcalde, gobernador o Presidente.. NO VIVE en el sitio afectado, sino que reside a 250 kil\u00f3metros de la zona de desastre.. A qui\u00e9n se le ocurri\u00f3 ordenar estas publicaciones, eran casi los mismos textos..<\/p>\n\n\n\n<p>Ah\u00ed fue donde cometieron el error m\u00e1s grave.. Roc\u00edo Nahle vive en Boca del R\u00edo, se traslada de un lugar a otro en un convoy de camionetas u ocupa una aeronave en estos casos.. Ricardo Ahued vive en Xalapa.. No hay ning\u00fan funcionario estatal de alto rango que sea oriundo de Poza Rica.. Jos\u00e9 Manuel Pozos Castro, es de Tuxpan.. A poco su equipo de comunicaci\u00f3n pol\u00edtica, no valor\u00f3 esto.. Se metieron al pleito medi\u00e1tico, sin medir consecuencias, y ah\u00ed fue donde la \u00abinundaci\u00f3n\u00bb se llev\u00f3 la narrativa del gobierno tambi\u00e9n.. Obvio a la que dejaron expuesta fue a la gobernadora Roc\u00edo Nahle.. En eso, les gan\u00f3 el delegado federal de Bienestar en Veracruz, Juan Javier G\u00f3mez Cazar\u00edn, que lleg\u00f3 a Poza Rica, agarr\u00f3 la escoba y se puso a limpiar calles.. Eso es empat\u00eda y no hubo reclamos para \u00e9l..<\/p>\n\n\n\n<p>As\u00ed que la \u00abcantaleta\u00bb ocupada por los propagandistas del gobierno estatal, que era evidentemente dictada, en vez de ayudar, perjudicaron en ese momento la imagen de la persona que ten\u00eda el poder, para dar la respuesta a la ciudadan\u00eda ante la tragedia, que era la gobernadora.. Ya que los videos y publicaciones en redes sociales, rebasaban cualquier tipo de defensa gubernamental ante la realidad, que se estaba viviendo en la zona norte de la entidad.. Adem\u00e1s que el discurso de la propaganda fue err\u00f3neo porque todo lo minimizaron entre un pleito entre MORENA y Movimiento Ciudadano cuando no es as\u00ed, ese tema era algo secundario, la sociedad si est\u00e1 polarizada.. Pero no era el meollo del asunto.. El meollo era la ayuda ante las severas lluvias e inundaciones..<\/p>\n\n\n\n<p>Estos mismos personajes no se fijaron en la molestia de la ciudadan\u00eda porque supuestamente el gobierno estatal, no avis\u00f3 a tiempo de la inundaci\u00f3n.. Y con los enfrentamientos medi\u00e1ticos, le echaron m\u00e1s \u00ablim\u00f3n a la herida\u00bb y todo se descontrol\u00f3.. Ya despu\u00e9s no hubo control de da\u00f1os.. Porque los enfrentamientos ya fueron directos y crecieron ante la opini\u00f3n p\u00fablica nacional.. Y ah\u00ed fue el acabose porque los propagandistas se\u00f1alaban que todo era una campa\u00f1a en contra de Roc\u00edo Nahle.. Cuando afuera la sociedad buscaba rescatar algo de lo perdido o encontrar a ese familiar que no pod\u00edan ubicar.. Ya despu\u00e9s de eso, no hubo vuelta atr\u00e1s y el da\u00f1o ya estaba hecho.. La cr\u00edtica fue despiadada en contra del gobierno estatal.. Y ya no hubo reversa..<\/p>\n\n\n\n<p>Ya que las redes sociales desde el pasado s\u00e1bado.. La voz era \u00fanica contra el gobierno de Veracruz y se hizo m\u00e1s ca\u00f3tico cuando la Presidenta vino a recibir m\u00e1s reclamos.. El haberle echado la culpa a Movimiento Ciudadano, s\u00f3lo sirvi\u00f3 para que Javier Alvarez Maynez, su l\u00edder nacional, saliera a respaldar la visita de Shienbaum a zonas afectadas por las lluvias.. Pero no hizo mella en la percepci\u00f3n ciudadana, que llamaron a Maynez: \u00abGambusino\u00bb pol\u00edtico.. Pero a\u00fan as\u00ed la cr\u00edtica al gobierno no ces\u00f3, arrecia por un mal trabajo pol\u00edtico medi\u00e1tico y por permitir, sin control, que todos defendieran a la gobernadora.. Exponi\u00e9ndose m\u00e1s de lo debido.. Ya para ese momento, la narrativa estaba perdida.. Sus mismos propagandistas le generaron a Nahle una \u00abRUDEZA INNECESARIA\u00bb..<\/p>\n\n\n\n<p>REFLEXI\u00d3N.. Si los propagandistas y los que manejan la narrativa del gobierno estatal.. Hubieran sido m\u00e1s \u00abfr\u00edos\u00bb y calculadores con una estrategia.. En vez de enfrentarse a la sociedad civil que reclamaba o criticaba en redes la acci\u00f3n de esta administraci\u00f3n en las horas cr\u00edticas de Poza Rica.. Hubiera informado que desde Palacio de Gobierno se instalaba un centro de operaciones en monitoreo del clima de manera permanente, encabezada por la secretaria de Protecci\u00f3n Civil, Guadalupe Osorno, le quitabas a una de las presuntas responsables de la tragedia del ojo p\u00fablico.. Y anuncias que Roc\u00edo Nahle estar\u00eda viviendo en Poza Rica hasta que la crisis termine.. \u00bfQui\u00e9n se los iba a criticar?..<\/p>\n\n\n\n<p>Horas despu\u00e9s los propagandistas hubieran anunciado que coordinado por el secretario de Gobierno, Ricardo Ahued, hay un grupo especial de rescate por parte del gobierno junto con el Ej\u00e9rcito, Marina y Polic\u00eda Estatal.. Luego endosabas el tema de la reparaci\u00f3n a la federaci\u00f3n en la operatividad y reconstrucci\u00f3n.. Y enseguida mencionas que habr\u00e1 anuncios de la Secretar\u00eda de Finanzas de una modificaci\u00f3n presupuestal urgente para la atenci\u00f3n inmediata.. Y llevas al sitio de la tragedia a funcionarios que realmente tengan algo que ver con el tema SIOP, CAEV, SEDARPA y otros m\u00e1s.. Adem\u00e1s de llevar a medios a Poza Rica para que vean el nivel de desastre.. Nada de esto hubiera pasado.. Y la figura del gobierno ser\u00eda de construcci\u00f3n, no de enfrentamiento.. Cuesti\u00f3n de enfoques.. Gobierno de respuesta r\u00e1pida.. AMEN..<\/p>\n","protected":false},"excerpt":{"rendered":"<p>Ricardo Chua Sale y Vale El grave error que cometen los propagandistas de la 4T y del gobierno de Veracruz.. Despu\u00e9s de la crisis que vive la administraci\u00f3n por las lluvias y severas inundaciones en el municipio de Poza Rica y la zona norte.. Es que a trav\u00e9s de sus redes sociales, contenidos y hasta [&hellip;]<\/p>\n","protected":false},"author":2,"featured_media":141434,"comment_status":"closed","ping_status":"closed","sticky":false,"template":"","format":"standard","meta":{"_jetpack_newsletter_access":"","_jetpack_dont_email_post_to_subs":false,"_jetpack_newsletter_tier_id":0,"_jetpack_memberships_contains_paywalled_content":false,"_jetpack_memberships_contains_paid_content":false,"footnotes":""},"categories":[70],"tags":[1026,3578,195],"class_list":["post-154524","post","type-post","status-publish","format-standard","has-post-thumbnail","hentry","category-de-opinion","tag-morena","tag-rocio-nahle","tag-veracruz"],"jetpack_featured_media_url":"https:\/\/lospoliticosveracruz.com.mx\/wp-content\/uploads\/2025\/04\/Chua-e1761364658706.jpg","jetpack_sharing_enabled":true,"jetpack_shortlink":"https:\/\/wp.me\/p4Qcd3-Eck","_links":{"self":[{"href":"https:\/\/lospoliticosveracruz.com.mx\/index.php?rest_route=\/wp\/v2\/posts\/154524","targetHints":{"allow":["GET"]}}],"collection":[{"href":"https:\/\/lospoliticosveracruz.com.mx\/index.php?rest_route=\/wp\/v2\/posts"}],"about":[{"href":"https:\/\/lospoliticosveracruz.com.mx\/index.php?rest_route=\/wp\/v2\/types\/post"}],"author":[{"embeddable":true,"href":"https:\/\/lospoliticosveracruz.com.mx\/index.php?rest_route=\/wp\/v2\/users\/2"}],"replies":[{"embeddable":true,"href":"https:\/\/lospoliticosveracruz.com.mx\/index.php?rest_route=%2Fwp%2Fv2%2Fcomments&post=154524"}],"version-history":[{"count":2,"href":"https:\/\/lospoliticosveracruz.com.mx\/index.php?rest_route=\/wp\/v2\/posts\/154524\/revisions"}],"predecessor-version":[{"id":154526,"href":"https:\/\/lospoliticosveracruz.com.mx\/index.php?rest_route=\/wp\/v2\/posts\/154524\/revisions\/154526"}],"wp:featuredmedia":[{"embeddable":true,"href":"https:\/\/lospoliticosveracruz.com.mx\/index.php?rest_route=\/wp\/v2\/media\/141434"}],"wp:attachment":[{"href":"https:\/\/lospoliticosveracruz.com.mx\/index.php?rest_route=%2Fwp%2Fv2%2Fmedia&parent=154524"}],"wp:term":[{"taxonomy":"category","embeddable":true,"href":"https:\/\/lospoliticosveracruz.com.mx\/index.php?rest_route=%2Fwp%2Fv2%2Fcategories&post=154524"},{"taxonomy":"post_tag","embeddable":true,"href":"https:\/\/lospoliticosveracruz.com.mx\/index.php?rest_route=%2Fwp%2Fv2%2Ftags&post=154524"}],"curies":[{"name":"wp","href":"https:\/\/api.w.org\/{rel}","templated":true}]}}