{"id":154528,"date":"2025-10-15T07:09:05","date_gmt":"2025-10-15T12:09:05","guid":{"rendered":"https:\/\/lospoliticosveracruz.com.mx\/?p=154528"},"modified":"2025-10-15T07:09:23","modified_gmt":"2025-10-15T12:09:23","slug":"el-cinismo-del-pulpo","status":"publish","type":"post","link":"https:\/\/lospoliticosveracruz.com.mx\/?p=154528","title":{"rendered":"EL CINISMO DEL PULPO"},"content":{"rendered":"\n<p><strong>Fanny Y\u00e9pez<\/strong><br><em>La Columna<\/em><\/p>\n\n\n\n<p><\/p>\n\n\n\n<p>No quieren perder las dobles prerrogativasVaya para descaro, cinismo y desverg\u00fcenza del alcalde morenista de Poza Rica, Veracruz, Fernando \u2018El Pulpo\u2019 Remes, quien con una gran sonrisa acept\u00f3 un presunto desv\u00edo de 14 millones de pesos, que ser\u00edan destinados para la construcci\u00f3n de un muro de contenci\u00f3n para el R\u00edo Cazones, cuyo desbordamiento el viernes pasado inundo ese municipio petrolero, afectando a cientos de familias y con sarcasmo reto a las autoridades a meterlo a la c\u00e1rcel.<\/p>\n\n\n\n\n\n<p>\u201cVoy a hablar con Conagua, ya tiene instrucciones, para ver c\u00f3mo continuamos con ese muro de contenci\u00f3n en el hombro derecho del R\u00edo Cazones. Lo tienen parado y ha de haber habido presupuesto para ellos y se lo fregaron, ni modo, est\u00e1n grabando, que me metan a la c\u00e1rcel, pero estoy seguro que no lo terminaron\u00bb, asegur\u00f3 el Edil en diciembre de 2023 durante una sesi\u00f3n con regidores.<\/p>\n\n\n\n<p>La nota que resaltaron los medios locales y nacionales donde aparece el video de la reuni\u00f3n de Remes, ha sido difundida en redes sociales tras el desastre en Poza Rica, mismo que es claro ejemplo de la corrupci\u00f3n e impunidad.<\/p>\n\n\n\n<p>Para respaldar la podredumbre en el gobierno municipal de Poza Rica, que est\u00e1 a escasos 75 d\u00edas de concluir, existen documentos oficiales que confirman que el Ayuntamiento pag\u00f3 en 2023 un total de 14 millones 136 mil 519 pesos al contratista, Adri\u00e1n Ulises Hern\u00e1ndez Falc\u00f3n, por realizar la obra \u00abMuro de contenci\u00f3n del R\u00edo Cazones del KM-0+000 al KM 1+600 entre Puente Cazones y Puente Cazones II, Hombro derecho\u00bb, que no se concluy\u00f3, de acuerdo con el portal Emequis,<\/p>\n\n\n\n<p>Sin embargo, la construcci\u00f3n de un muro que protegiera a las colonias vulnerables del municipio ha sido una promesa que data desde la inundaci\u00f3n del 5 de octubre de 1999, desde hace 6 a\u00f1os, es como se relata en esa informaci\u00f3n. Las obras, iniciadas desde 2009 en distintas etapas y con presupuestos millonarios, solo beneficiaron parcialmente algunas zonas, mientras que otras quedaron expuestas, seg\u00fan reportes locales.<\/p>\n\n\n\n<p>En medio de la desesperaci\u00f3n e indignaci\u00f3n por la tragedia, pobladores le arrojaron lodo y piedras, adem\u00e1s de una seria de insultos al corrupto edil, cuando visit\u00f3 a bordo de una camioneta de lujo, la Colonia Las Granjas, una de las zonas m\u00e1s afectadas por el desbordamiento del r\u00edo.<\/p>\n\n\n\n<p>El fin de semana la Presidenta Claudia Sheinbaum tambi\u00e9n enfrent\u00f3 el descontento de la gente en ese municipio.<\/p>\n\n\n\n<p>Organizaciones pol\u00edticas se curan en salud para no desaparecer<\/p>\n\n\n\n<p>Los representantes de 18 organizaciones pol\u00edticas de varios estados del pa\u00eds, exigieron al Instituto Nacional Electoral que al reformar el art\u00edculo 41 constitucional, para que los votos obtenidos en las elecciones de Ayuntamientos sean los que cuenten para mantener su registro, no la votaci\u00f3n a la Gubernatura o diputaci\u00f3n local, y si cuenta con Ayuntamientos o diputaciones tengan acceso al financiamiento p\u00fablico. Se est\u00e1n curando en salud.<\/p>\n\n\n\n<p>Esto fue porque con la Reforma Electoral algunos partidos y organizaciones pol\u00edticas corren el riesgo de perder su registro en los estados, por ello, los representantes de partidos locales pidieron al INE interceder por ellos ante el Gobierno federal para fortalecer su existencia en la reforma electoral.<\/p>\n\n\n\n<p>Durante un encuentro con consejeros, l\u00edderes de 18 fuerzas pol\u00edticas en los estados afirmaron que tienen una \u201cinjerencia muy importante\u201d en la vida democr\u00e1tica del Pa\u00eds, pero no se valora, por lo que presentaron un documento con 14 propuestas.<\/p>\n\n\n\n<p>A sabiendas que es en sus respectivos estados donde se establece su fuerza demandaron tambi\u00e9n que una \u201ccoalici\u00f3n mixta\u201d, permita a los partidos pol\u00edticos locales participar formalmente en las elecciones federales sin tener que fusionarse con ellos.<\/p>\n\n\n\n<p>\u201cUn trato equitativo en el r\u00e9gimen de sanciones, estableciendo que las multas financieras impuestas a los partidos pol\u00edticos se calculen en proporci\u00f3n al monto de financiamiento p\u00fablico anual que reciben\u201d, indica otro punto.<\/p>\n\n\n\n<p>Pero fueron m\u00e1s all\u00e1, como si fuera una carta a los Santos Reyes, solicitaron tener una representaci\u00f3n nacional que tenga un asiento ante el Consejo General el INE, y elevar su asignaci\u00f3n de tiempos en radio y televisi\u00f3n.<\/p>\n\n\n\n<p>Intentando despacharse con la cuchara grande tambi\u00e9n pidieron avalar que, quienes se afilian a un partido a nivel nacional, puedan hacerlo a uno distinto a nivel local, y permitir que las reglas de financiamiento las dise\u00f1e cada estado.<\/p>\n\n\n\n<p>Adem\u00e1s de generar una mejor interlocuci\u00f3n entre los partidos locales y el INE.<\/p>\n\n\n\n<p>\u201cLos partidos pol\u00edticos locales tienen una injerencia muy importante en la vida democr\u00e1tica del Pa\u00eds. Los partidos pol\u00edticos locales representan los cimientos de la democracia en nuestro Pa\u00eds, y cualquier cimiento de cualquier construcci\u00f3n no se puede dinamitar, al contrario, se tiene que reforzar\u201d.<\/p>\n\n\n\n<p>\u201cLos partidos locales luchan contra una fiscalizaci\u00f3n, contra la doble prerrogativa, pero que tambi\u00e9n sienten el cobijo de m\u00e1s de 2 millones de ciudadanos que hacen estar presentes en la escena nacional\u201d, argument\u00f3 el l\u00edder de Nueva Alianza en Oaxaca, Bersahin L\u00f3pez.<\/p>\n\n\n\n<p>La presidenta del INE, Guadalupe Taddei, les aclar\u00f3 que el organismo no participa en la comisi\u00f3n que dise\u00f1ar\u00e1 la reforma electoral, sin embargo, llevar\u00e1n su propuesta ante el Gobierno federal.<\/p>\n\n\n\n<p>Sin embargo, record\u00f3, una vez que se realice la reforma electoral federal, habr\u00e1 una discusi\u00f3n en los estados.<\/p>\n\n\n\n<p>\u201cNos permiten enriquecer nuestros propios an\u00e1lisis t\u00e9cnicos, robustecer nuestras evaluaciones de impacto creativo y mantener una visi\u00f3n integral sobre los desaf\u00edos y las \u00e1reas de oportunidades de nuestro sistema nacional electoral.<\/p>\n\n\n\n<p>\u201cSu voz es crucial para la labor de diagn\u00f3stico permanente que realiza este instituto. Tengan la plena certeza de que sus planteamientos son escuchados con el mayor inter\u00e9s y seriedad institucional\u201d, indic\u00f3.<\/p>\n\n\n\n<p>Por su parte, la consejera Dania Ravel record\u00f3 los partidos pol\u00edticos estatales gobiernan en 258 municipios, y tienen 57 diputaciones locales.<\/p>\n\n\n\n<p>\u201cEn una democracia todas las voces tienen que ser escuchadas, y es fundamental que nosotros tengamos esta escucha activa con una apertura real para hacer cambios y adecuaciones en el sistema electoral\u201d, indic\u00f3.<\/p>\n\n\n\n<p>Por ejemplo, expuso, est\u00e1 de acuerdo en que los partidos con registro nacional no tengan prerrogativas a nivel local, pues reciben doble financiamiento, adem\u00e1s quitarlo ayudar\u00eda a la \u201causteridad\u201d que demanda el Gobierno y no lastimar\u00eda las finanzas estatales.<\/p>\n","protected":false},"excerpt":{"rendered":"<p>Fanny Y\u00e9pezLa Columna No quieren perder las dobles prerrogativasVaya para descaro, cinismo y desverg\u00fcenza del alcalde morenista de Poza Rica, Veracruz, Fernando \u2018El Pulpo\u2019 Remes, quien con una gran sonrisa acept\u00f3 un presunto desv\u00edo de 14 millones de pesos, que ser\u00edan destinados para la construcci\u00f3n de un muro de contenci\u00f3n para el R\u00edo Cazones, cuyo [&hellip;]<\/p>\n","protected":false},"author":2,"featured_media":141383,"comment_status":"closed","ping_status":"closed","sticky":false,"template":"","format":"standard","meta":{"_jetpack_newsletter_access":"","_jetpack_dont_email_post_to_subs":false,"_jetpack_newsletter_tier_id":0,"_jetpack_memberships_contains_paywalled_content":false,"_jetpack_memberships_contains_paid_content":false,"footnotes":""},"categories":[70],"tags":[1267],"class_list":["post-154528","post","type-post","status-publish","format-standard","has-post-thumbnail","hentry","category-de-opinion","tag-poza-rica"],"jetpack_featured_media_url":"https:\/\/lospoliticosveracruz.com.mx\/wp-content\/uploads\/2025\/04\/Fanny-Yepez-Luna.jpg","jetpack_sharing_enabled":true,"jetpack_shortlink":"https:\/\/wp.me\/p4Qcd3-Eco","_links":{"self":[{"href":"https:\/\/lospoliticosveracruz.com.mx\/index.php?rest_route=\/wp\/v2\/posts\/154528","targetHints":{"allow":["GET"]}}],"collection":[{"href":"https:\/\/lospoliticosveracruz.com.mx\/index.php?rest_route=\/wp\/v2\/posts"}],"about":[{"href":"https:\/\/lospoliticosveracruz.com.mx\/index.php?rest_route=\/wp\/v2\/types\/post"}],"author":[{"embeddable":true,"href":"https:\/\/lospoliticosveracruz.com.mx\/index.php?rest_route=\/wp\/v2\/users\/2"}],"replies":[{"embeddable":true,"href":"https:\/\/lospoliticosveracruz.com.mx\/index.php?rest_route=%2Fwp%2Fv2%2Fcomments&post=154528"}],"version-history":[{"count":2,"href":"https:\/\/lospoliticosveracruz.com.mx\/index.php?rest_route=\/wp\/v2\/posts\/154528\/revisions"}],"predecessor-version":[{"id":154530,"href":"https:\/\/lospoliticosveracruz.com.mx\/index.php?rest_route=\/wp\/v2\/posts\/154528\/revisions\/154530"}],"wp:featuredmedia":[{"embeddable":true,"href":"https:\/\/lospoliticosveracruz.com.mx\/index.php?rest_route=\/wp\/v2\/media\/141383"}],"wp:attachment":[{"href":"https:\/\/lospoliticosveracruz.com.mx\/index.php?rest_route=%2Fwp%2Fv2%2Fmedia&parent=154528"}],"wp:term":[{"taxonomy":"category","embeddable":true,"href":"https:\/\/lospoliticosveracruz.com.mx\/index.php?rest_route=%2Fwp%2Fv2%2Fcategories&post=154528"},{"taxonomy":"post_tag","embeddable":true,"href":"https:\/\/lospoliticosveracruz.com.mx\/index.php?rest_route=%2Fwp%2Fv2%2Ftags&post=154528"}],"curies":[{"name":"wp","href":"https:\/\/api.w.org\/{rel}","templated":true}]}}