{"id":154531,"date":"2025-10-15T07:35:44","date_gmt":"2025-10-15T12:35:44","guid":{"rendered":"https:\/\/lospoliticosveracruz.com.mx\/?p=154531"},"modified":"2025-10-15T07:35:58","modified_gmt":"2025-10-15T12:35:58","slug":"guadalupe-osorno-sabia","status":"publish","type":"post","link":"https:\/\/lospoliticosveracruz.com.mx\/?p=154531","title":{"rendered":"GUADALUPE OSORNO SAB\u00cdA"},"content":{"rendered":"\n<p><strong>Omar Z\u00fa\u00f1iga<\/strong><\/p>\n\n\n\n<p><em>De Primera Mano<\/em> <\/p>\n\n\n\n<p>La presidenta de M\u00e9xico,&nbsp;<strong>Claudia Sheinbaum<\/strong><strong><\/strong><strong>Pardo<\/strong>,&nbsp;dijo&nbsp;que&nbsp;\u201cno hab\u00eda indicadores de lluvias at\u00edpicas&nbsp;que provocaron la muerte de 64 personas en cinco estados de la Rep\u00fablica\u201d, entre ellos Veracruz, que sac\u00f3 la peor parte.&nbsp;<\/p>\n\n\n\n<p>Las autoridades estaban concentradas, \u201centre otras cosas, en la&nbsp;tormenta tropical&nbsp;Priscila, localizado en el Pac\u00edfico\u00bb, para el cual se emiti\u00f3 una alerta de previsi\u00f3n de lluvias intensas en la regi\u00f3n.<\/p>\n\n\n\n<p>Estas fueron declaraciones de quien gobierna el pa\u00eds, este lunes 13 de septiembre, 96 horas despu\u00e9s del desastre que enluta a decenas, quiz\u00e1 cientos de familias en el norte de Veracruz\u00a0y otra entidades.\u00a0<br><\/p>\n\n\n\n\n\n<p>En ese mismo escenario de Palacio Nacional,&nbsp;<strong>Sheinbaum<\/strong>&nbsp;mand\u00f3 a su secretario de Marina a respaldar sus declaraciones, sin embargo,&nbsp;el&nbsp;almirante&nbsp;secretario de Marina,&nbsp;<strong>Raymundo Pedro Morales \u00c1ngeles<\/strong>, contradijo&nbsp;a su jefa y sostuvo&nbsp;que este fen\u00f3meno meteorol\u00f3gico s\u00ed&nbsp;se pudo predecir, debido a que la temporada de lluvias ha provocado&nbsp;que&nbsp;los r\u00edos se encuentren en su m\u00e1xima capacidad,&nbsp;as\u00ed como los mantos fre\u00e1ticos que se encuentran en altos niveles de saturaci\u00f3n.<\/p>\n\n\n\n<p>Y buscando matizar, el almirante sostuvo que&nbsp;\u201cs\u00ed&nbsp;es predecible, s\u00ed&nbsp;es identificable desde que se analiza el contexto meteorol\u00f3gico&nbsp;(\u2026)\u201d pero &nbsp;\u201cidentificar la cantidad exacta de lluvia que iba a caer no era sencillo\u201d.<\/p>\n\n\n\n<p><br>*****<\/p>\n\n\n\n<p>Esto en el contexto de lo nacional, sin embargo, el maldito \u201cpero\u201d de siempre, es que en Veracruz, las autoridades suspendieron clases desde 72 horas previo a esta crecida.<\/p>\n\n\n\n<p>Es decir, s\u00ed esperaban&nbsp;un escenario nada halag\u00fce\u00f1o.<\/p>\n\n\n\n<p>La Comisi\u00f3n Nacional&nbsp;del Agua incluso,&nbsp;pronostic\u00f3 lluvias \u201ctorrenciales\u201d para Veracruz&nbsp;al menos un d\u00eda antes&nbsp;del viernes.<\/p>\n\n\n\n<p>Si eso, presidenta, no es detectar cu\u00e1nta agua puede caer en alg\u00fan&nbsp;lugar, de plano estamos jodidosy si quedaba alguna duda, en manos de un pu\u00f1ado de ineptos que nos dirigena al desfiladero.<\/p>\n\n\n\n<p>*****<\/p>\n\n\n\n<p>Especialistas consultados, sostienen que&nbsp;la respnsabilidad de&nbsp;esta tragedia recae&nbsp;completamente en la persona,&nbsp;el o la,&nbsp;titular de Protecci\u00f3n Civil, en este caso, la titular es&nbsp;<strong>Guadalupe Osorno<\/strong>, por cierto&nbsp;herencia&nbsp;del anterior gobierno,&nbsp;el&nbsp;del in\u00fatil&nbsp;(AMLO dixit) de&nbsp;<strong>Cuit\u00e1huac Garc\u00eda<\/strong>.<\/p>\n\n\n\n<p>Osorno tuvo&nbsp;la informaci\u00f3n al menos 12 horas antes, tiempo suficiente,&nbsp;y nunca ejerci\u00f3 su autoridad paradar&nbsp;la&nbsp;alerta, salvar vidas y evitar la tragedia.<\/p>\n\n\n\n<p>Ante esa falta de autoridad, viene la responsabilidad, que adem\u00e1s de la legal, est\u00e1 por supuesto cargar a cuestas&nbsp;con decenas&nbsp;o cientos&nbsp;de muertos, a sabiendas de que&nbsp;tuvo todo para haberlo&nbsp;evitado.<\/p>\n\n\n\n<p>Por supuesto,&nbsp;<strong>Guada<\/strong><strong>l<\/strong><strong>upe Osorno<\/strong>, en condiciones de cualquier&nbsp;gobierno democr\u00e1tico, debe&nbsp;presentar de inmediato su&nbsp;renuncia y ponerse a disposici\u00f3n de su jefa,&nbsp;para&nbsp;que tome las medidas pertinentes ante&nbsp;tama\u00f1a&nbsp;negligencia.<\/p>\n\n\n\n<p>*****<\/p>\n\n\n\n<p>Pero&nbsp;esta responsabilidad recae tambi\u00e9n&nbsp;a&nbsp;nivel federal, y si la misma presidenta&nbsp;sostiene&nbsp;que era&nbsp;imposible prever un fen\u00f3meno de esta&nbsp;naturaleza, juzgue usted&nbsp;sobre qui\u00e9n debe recaer la responsabilidad.<\/p>\n\n\n\n<p>*****<\/p>\n\n\n\n<p><strong>Mono Blanco<\/strong>&nbsp;sac\u00f3 la casta en el Festival Internacional Cervantino&nbsp;2025 este martes 14, con todo y que los dej\u00f3 tirados a medio camino el cami\u00f3n que adquiri\u00f3 gobierno de Veracruz.<\/p>\n\n\n\n<p>La alegr\u00eda y algarab\u00eda de sotavento se dej\u00f3 sentir en la explanada de la Alh\u00f3ndiga de Granaditas con los acordes&nbsp;la agrupaci\u00f3n tlacotalpe\u00f1a de son jarochocon \u201cEl mundo se va a acabar\u201d.<\/p>\n\n\n\n<p>Bien por nuestros m\u00fasicos, que haiga sido como haiga sido, son embajadores de la patria chica, en estos duros momentos de crisis en el norte de la entidad, y proyectan que Veracruz es un pedacito de patria que sabe sufrir y cantar\u2026<\/p>\n\n\n\n<p>\u00a1Qu\u00e9 barbaridad!<\/p>\n\n\n\n<p>deprimera.mano2020@gmail.com<\/p>\n","protected":false},"excerpt":{"rendered":"<p>Omar Z\u00fa\u00f1iga De Primera Mano La presidenta de M\u00e9xico,&nbsp;Claudia SheinbaumPardo,&nbsp;dijo&nbsp;que&nbsp;\u201cno hab\u00eda indicadores de lluvias at\u00edpicas&nbsp;que provocaron la muerte de 64 personas en cinco estados de la Rep\u00fablica\u201d, entre ellos Veracruz, que sac\u00f3 la peor parte.&nbsp; Las autoridades estaban concentradas, \u201centre otras cosas, en la&nbsp;tormenta tropical&nbsp;Priscila, localizado en el Pac\u00edfico\u00bb, para el cual se emiti\u00f3 una [&hellip;]<\/p>\n","protected":false},"author":2,"featured_media":141427,"comment_status":"closed","ping_status":"closed","sticky":false,"template":"","format":"standard","meta":{"_jetpack_newsletter_access":"","_jetpack_dont_email_post_to_subs":false,"_jetpack_newsletter_tier_id":0,"_jetpack_memberships_contains_paywalled_content":false,"_jetpack_memberships_contains_paid_content":false,"footnotes":""},"categories":[70],"tags":[1563,11408,1026,1267,3578,195],"class_list":["post-154531","post","type-post","status-publish","format-standard","has-post-thumbnail","hentry","category-de-opinion","tag-cuitlahuac-garcia-jimenez","tag-guadalupe-osorno-maldonado","tag-morena","tag-poza-rica","tag-rocio-nahle","tag-veracruz"],"jetpack_featured_media_url":"https:\/\/lospoliticosveracruz.com.mx\/wp-content\/uploads\/2025\/04\/Omar-Zuniga.jpg","jetpack_sharing_enabled":true,"jetpack_shortlink":"https:\/\/wp.me\/p4Qcd3-Ecr","_links":{"self":[{"href":"https:\/\/lospoliticosveracruz.com.mx\/index.php?rest_route=\/wp\/v2\/posts\/154531","targetHints":{"allow":["GET"]}}],"collection":[{"href":"https:\/\/lospoliticosveracruz.com.mx\/index.php?rest_route=\/wp\/v2\/posts"}],"about":[{"href":"https:\/\/lospoliticosveracruz.com.mx\/index.php?rest_route=\/wp\/v2\/types\/post"}],"author":[{"embeddable":true,"href":"https:\/\/lospoliticosveracruz.com.mx\/index.php?rest_route=\/wp\/v2\/users\/2"}],"replies":[{"embeddable":true,"href":"https:\/\/lospoliticosveracruz.com.mx\/index.php?rest_route=%2Fwp%2Fv2%2Fcomments&post=154531"}],"version-history":[{"count":1,"href":"https:\/\/lospoliticosveracruz.com.mx\/index.php?rest_route=\/wp\/v2\/posts\/154531\/revisions"}],"predecessor-version":[{"id":154532,"href":"https:\/\/lospoliticosveracruz.com.mx\/index.php?rest_route=\/wp\/v2\/posts\/154531\/revisions\/154532"}],"wp:featuredmedia":[{"embeddable":true,"href":"https:\/\/lospoliticosveracruz.com.mx\/index.php?rest_route=\/wp\/v2\/media\/141427"}],"wp:attachment":[{"href":"https:\/\/lospoliticosveracruz.com.mx\/index.php?rest_route=%2Fwp%2Fv2%2Fmedia&parent=154531"}],"wp:term":[{"taxonomy":"category","embeddable":true,"href":"https:\/\/lospoliticosveracruz.com.mx\/index.php?rest_route=%2Fwp%2Fv2%2Fcategories&post=154531"},{"taxonomy":"post_tag","embeddable":true,"href":"https:\/\/lospoliticosveracruz.com.mx\/index.php?rest_route=%2Fwp%2Fv2%2Ftags&post=154531"}],"curies":[{"name":"wp","href":"https:\/\/api.w.org\/{rel}","templated":true}]}}