{"id":154533,"date":"2025-10-15T08:23:07","date_gmt":"2025-10-15T13:23:07","guid":{"rendered":"https:\/\/lospoliticosveracruz.com.mx\/?p=154533"},"modified":"2025-10-15T08:23:39","modified_gmt":"2025-10-15T13:23:39","slug":"no-olvidar-a-los-damnificados","status":"publish","type":"post","link":"https:\/\/lospoliticosveracruz.com.mx\/?p=154533","title":{"rendered":"NO OLVIDAR A LOS DAMNIFICADOS"},"content":{"rendered":"\n<p><strong>Yamiri Rodr\u00edguez Madrid<\/strong><\/p>\n\n\n\n<p><em>La vuelta a Veracruz en un\u00a0teclazo<\/em><\/p>\n\n\n\n<p>Por estos d\u00edas, Veracruz vuelve a demostrarse a s\u00ed mismo lo que ya sabe: cuando la naturaleza aprieta, la gente afloja el coraz\u00f3n. Ah\u00ed est\u00e1n los datos,&nbsp;y, sobre todo, las manos, para recordarlo, ayuda que est\u00e1 fluyendo por diversos puntos del estado y del pa\u00eds para llevar consuelo y sustento a las y los damnificados.<\/p>\n\n\n\n\n\n<p>Ejemplos hay muchos. Desde el estadio Pirata Fuente salieron tres camiones con m\u00e1s de siete toneladas de ayuda humanitaria rumbo a los municipios del norte afectados por las inundaciones. No fueron cajas: fueron abrazos enlatados, garrafones de solidaridad, escobas y jabones con nombre y apellido. Y no se detiene: el centro de acopio del Pirata Fuente seguir\u00e1 recibiendo donaciones todo este mes, de lunes a s\u00e1bado, de 09:00 a 17:00 horas, en las taquillas (calle Espa\u00f1a esquina Jacarandas).<\/p>\n\n\n\n<p>En paralelo, el Congreso del Estado agiliz\u00f3 acciones y, en apenas 48 horas, traslad\u00f3 y comenz\u00f3 a entregar m\u00e1s de 25 toneladas de v\u00edveres en Poza Rica, Cazones de Herrera y \u00c1lamo. Esa coordinaci\u00f3n importa. En emergencias, el tiempo no solo es oro: es alimento, techo, higiene, dignidad. Cada d\u00eda que pasa sin respuestas concretas se multiplica el costo humano.<\/p>\n\n\n\n<p>E igual de importante es la ayuda que el ciudadano realiza juntando un poco de ayuda y mand\u00e1ndola con amigos, con conocidos, con la esperanza de que llegue pronto a quien m\u00e1s lo necesita en este momento.<\/p>\n\n\n\n<p>Pero conviene decirlo con todas sus letras: la emergencia no termina cuando baja el agua, aunque a\u00fan hay&nbsp;57 localidades de 10 municipios del norte de Veracruz&nbsp;incomunicados.Empieza otra, m\u00e1s silenciosa y larga, cuando se encienden los focos rojos de la econom\u00eda familiar. La humedad se va; las deudas se quedan. La escuela reanuda; los \u00fatiles faltan. La nevera se descongela; el empleo no reaparece de la noche a la ma\u00f1ana. Por eso, si bien es justo aplaudir el esfuerzo \u2014y seguir donando alimentos no perecederos, agua, art\u00edculos de limpieza e higiene personal\u2014, tambi\u00e9n es urgente sostener la ayuda durante las pr\u00f3ximas semanas, cuando arrecien los d\u00edas dif\u00edciles.&nbsp;No nos olvidemos del drama de miles de familias.<\/p>\n\n\n\n<p>@YamiriRodriguez<\/p>\n","protected":false},"excerpt":{"rendered":"<p>Yamiri Rodr\u00edguez Madrid La vuelta a Veracruz en un\u00a0teclazo Por estos d\u00edas, Veracruz vuelve a demostrarse a s\u00ed mismo lo que ya sabe: cuando la naturaleza aprieta, la gente afloja el coraz\u00f3n. Ah\u00ed est\u00e1n los datos,&nbsp;y, sobre todo, las manos, para recordarlo, ayuda que est\u00e1 fluyendo por diversos puntos del estado y del pa\u00eds para [&hellip;]<\/p>\n","protected":false},"author":2,"featured_media":141413,"comment_status":"closed","ping_status":"closed","sticky":false,"template":"","format":"standard","meta":{"_jetpack_newsletter_access":"","_jetpack_dont_email_post_to_subs":false,"_jetpack_newsletter_tier_id":0,"_jetpack_memberships_contains_paywalled_content":false,"_jetpack_memberships_contains_paid_content":false,"footnotes":""},"categories":[70],"tags":[819,84],"class_list":["post-154533","post","type-post","status-publish","format-standard","has-post-thumbnail","hentry","category-de-opinion","tag-congreso-local","tag-diputados"],"jetpack_featured_media_url":"https:\/\/lospoliticosveracruz.com.mx\/wp-content\/uploads\/2025\/04\/Yamiri-Rodriguez-Madrid.jpg","jetpack_sharing_enabled":true,"jetpack_shortlink":"https:\/\/wp.me\/p4Qcd3-Ect","_links":{"self":[{"href":"https:\/\/lospoliticosveracruz.com.mx\/index.php?rest_route=\/wp\/v2\/posts\/154533","targetHints":{"allow":["GET"]}}],"collection":[{"href":"https:\/\/lospoliticosveracruz.com.mx\/index.php?rest_route=\/wp\/v2\/posts"}],"about":[{"href":"https:\/\/lospoliticosveracruz.com.mx\/index.php?rest_route=\/wp\/v2\/types\/post"}],"author":[{"embeddable":true,"href":"https:\/\/lospoliticosveracruz.com.mx\/index.php?rest_route=\/wp\/v2\/users\/2"}],"replies":[{"embeddable":true,"href":"https:\/\/lospoliticosveracruz.com.mx\/index.php?rest_route=%2Fwp%2Fv2%2Fcomments&post=154533"}],"version-history":[{"count":2,"href":"https:\/\/lospoliticosveracruz.com.mx\/index.php?rest_route=\/wp\/v2\/posts\/154533\/revisions"}],"predecessor-version":[{"id":154535,"href":"https:\/\/lospoliticosveracruz.com.mx\/index.php?rest_route=\/wp\/v2\/posts\/154533\/revisions\/154535"}],"wp:featuredmedia":[{"embeddable":true,"href":"https:\/\/lospoliticosveracruz.com.mx\/index.php?rest_route=\/wp\/v2\/media\/141413"}],"wp:attachment":[{"href":"https:\/\/lospoliticosveracruz.com.mx\/index.php?rest_route=%2Fwp%2Fv2%2Fmedia&parent=154533"}],"wp:term":[{"taxonomy":"category","embeddable":true,"href":"https:\/\/lospoliticosveracruz.com.mx\/index.php?rest_route=%2Fwp%2Fv2%2Fcategories&post=154533"},{"taxonomy":"post_tag","embeddable":true,"href":"https:\/\/lospoliticosveracruz.com.mx\/index.php?rest_route=%2Fwp%2Fv2%2Ftags&post=154533"}],"curies":[{"name":"wp","href":"https:\/\/api.w.org\/{rel}","templated":true}]}}