{"id":154536,"date":"2025-10-15T08:39:06","date_gmt":"2025-10-15T13:39:06","guid":{"rendered":"https:\/\/lospoliticosveracruz.com.mx\/?p=154536"},"modified":"2025-10-15T08:39:26","modified_gmt":"2025-10-15T13:39:26","slug":"naturalia-la-prision-de-sebastian","status":"publish","type":"post","link":"https:\/\/lospoliticosveracruz.com.mx\/?p=154536","title":{"rendered":"NATURALIA, LA PRISI\u00d3N DE SEBASTI\u00c1N"},"content":{"rendered":"\n<p><\/p>\n\n\n\n<p>S\u00edguenos ahora tambi\u00e9n en WhatsApp.\u00a0\u00a1<a href=\"https:\/\/whatsapp.com\/channel\/0029Va8zRWlEKyZIP3Z1dF0e\"><strong>Da clic aqu\u00ed<\/strong><\/a><strong>!<\/strong><\/p>\n\n\n\n<p><strong>Livia D\u00edaz<\/strong><\/p>\n\n\n\n<p>El <strong>tuc\u00e1n<\/strong> en varias culturas es venerado. En su pico tiene los colores del arco\u00edris y se le considera una <strong>conexi\u00f3n con el otro mundo<\/strong>, donde el esp\u00edritu est\u00e1 presente aunque no pueda verse, y son las almas las que yacen detr\u00e1s de su presencia.<\/p>\n\n\n\n<p>A esta ciudad lleg\u00f3, llena de amor, como cada d\u00eda, la se\u00f1ora <strong>Aid\u00e9e Garc\u00eda Barradas<\/strong>, en su tr\u00e1nsito para <strong>Villahermosa<\/strong>, y dio una declaraci\u00f3n a varios medios en una r\u00e1pida rueda de prensa para hablar de su amor por un <strong>tuc\u00e1n de pata corta<\/strong>, de nombre <strong>Sebasti\u00e1n<\/strong>, que \u2014seg\u00fan relat\u00f3\u2014 se exhibe sin su autorizaci\u00f3n consciente en <strong>Naturalia<\/strong>.<\/p>\n\n\n\n\n\n<p>Este animalito lleg\u00f3 a la vida de Aid\u00e9e hace dos a\u00f1os, cuando era un polluelo. Pero su alegr\u00eda se convirti\u00f3 en tristeza cuando, asegura, se lo quitaron mediante enga\u00f1os en la <strong>Procuradur\u00eda Federal de Protecci\u00f3n al Ambiente (PROFEPA)<\/strong>, y lo mantienen lejos de su hogar, a pesar de tener un <strong>amparo judicial concedido a su favor<\/strong>.<\/p>\n\n\n\n<p>Aid\u00e9e present\u00f3 documentos y videos que muestran a\u00f1os de convivencia con el tuc\u00e1n, encontrado en un rancho en <strong>Chiapas<\/strong>. El beb\u00e9 tuc\u00e1n ten\u00eda una deformidad en la pata izquierda, lo que le imped\u00eda desenvolverse en la naturaleza.<\/p>\n\n\n\n<p>El hermoso <strong>Sebasti\u00e1n<\/strong> encontr\u00f3 as\u00ed a su cuidadora, compa\u00f1era y amiga. En el puerto se convirti\u00f3 en \u201c<strong>El Tuc\u00e1n M\u00e1s Famoso de la Playa de Chachalacas<\/strong>\u201d, en <strong>El Sabanal<\/strong>, un h\u00e1bitat conocido como \u201c<strong>El Para\u00edso Desconocido de Veracruz<\/strong>\u201d. Visitantes lo grababan, lo acariciaban y compart\u00edan videos de sus juegos.<\/p>\n\n\n\n<p>Con el tiempo, Aid\u00e9e busc\u00f3 regularizar su tenencia, pero \u2014relata\u2014 se lo arrebataron argumentando que \u201cno ten\u00eda jaula\u201d. Hoy Sebasti\u00e1n vive encerrado en <strong>Naturalia<\/strong>, en una jaula fr\u00eda, sin agua y lejos de su hogar. Aid\u00e9e paga 60 pesos cada vez que lo visita, como cualquier otro visitante.<\/p>\n\n\n\n<p>Explica que su casa estaba adaptada para el ave: \u201candaba libre, nunca enjaulado, y recib\u00eda atenci\u00f3n y cari\u00f1o\u201d. En cambio, teme que ahora sufra tristeza y soledad. La funcionaria de la <strong>PROFEPA<\/strong>, identificada como la \u201cbi\u00f3loga Mariana\u201d, lleg\u00f3 a decirle que \u201clos animales no tienen sentimientos\u201d.<\/p>\n\n\n\n<p>Aid\u00e9e pidi\u00f3 a la ciudadan\u00eda apoyo para liberar al tuc\u00e1n, apelando a la empat\u00eda y al respeto hacia los animales cautivos. \u201cNo quiero que muera ni que enferme. Pido que recupere su libertad\u201d, expres\u00f3 entre l\u00e1grimas.<\/p>\n\n\n\n<p>Su llamado busca visibilizar la necesidad de revisar las condiciones de los animales en cautiverio dentro de <strong>Naturalia<\/strong>, donde \u2014asegura\u2014 faltan empat\u00eda, legalidad y sensibilidad.<\/p>\n","protected":false},"excerpt":{"rendered":"<p>Livia D\u00edaz El tuc\u00e1n en varias culturas es venerado. En su pico tiene los colores del arco\u00edris y se le considera una conexi\u00f3n con el otro mundo, donde el esp\u00edritu est\u00e1 presente aunque no pueda verse, y son las almas las que yacen detr\u00e1s de su presencia. A esta ciudad lleg\u00f3, llena de amor, como [&hellip;]<\/p>\n","protected":false},"author":2,"featured_media":154537,"comment_status":"closed","ping_status":"closed","sticky":false,"template":"","format":"standard","meta":{"_jetpack_newsletter_access":"","_jetpack_dont_email_post_to_subs":false,"_jetpack_newsletter_tier_id":0,"_jetpack_memberships_contains_paywalled_content":false,"_jetpack_memberships_contains_paid_content":false,"footnotes":""},"categories":[6446],"tags":[],"class_list":["post-154536","post","type-post","status-publish","format-standard","has-post-thumbnail","hentry","category-la-nota"],"jetpack_featured_media_url":"https:\/\/lospoliticosveracruz.com.mx\/wp-content\/uploads\/2025\/10\/WhatsApp-Image-2025-10-15-at-07.34.34.jpeg","jetpack_sharing_enabled":true,"jetpack_shortlink":"https:\/\/wp.me\/p4Qcd3-Ecw","_links":{"self":[{"href":"https:\/\/lospoliticosveracruz.com.mx\/index.php?rest_route=\/wp\/v2\/posts\/154536","targetHints":{"allow":["GET"]}}],"collection":[{"href":"https:\/\/lospoliticosveracruz.com.mx\/index.php?rest_route=\/wp\/v2\/posts"}],"about":[{"href":"https:\/\/lospoliticosveracruz.com.mx\/index.php?rest_route=\/wp\/v2\/types\/post"}],"author":[{"embeddable":true,"href":"https:\/\/lospoliticosveracruz.com.mx\/index.php?rest_route=\/wp\/v2\/users\/2"}],"replies":[{"embeddable":true,"href":"https:\/\/lospoliticosveracruz.com.mx\/index.php?rest_route=%2Fwp%2Fv2%2Fcomments&post=154536"}],"version-history":[{"count":2,"href":"https:\/\/lospoliticosveracruz.com.mx\/index.php?rest_route=\/wp\/v2\/posts\/154536\/revisions"}],"predecessor-version":[{"id":154539,"href":"https:\/\/lospoliticosveracruz.com.mx\/index.php?rest_route=\/wp\/v2\/posts\/154536\/revisions\/154539"}],"wp:featuredmedia":[{"embeddable":true,"href":"https:\/\/lospoliticosveracruz.com.mx\/index.php?rest_route=\/wp\/v2\/media\/154537"}],"wp:attachment":[{"href":"https:\/\/lospoliticosveracruz.com.mx\/index.php?rest_route=%2Fwp%2Fv2%2Fmedia&parent=154536"}],"wp:term":[{"taxonomy":"category","embeddable":true,"href":"https:\/\/lospoliticosveracruz.com.mx\/index.php?rest_route=%2Fwp%2Fv2%2Fcategories&post=154536"},{"taxonomy":"post_tag","embeddable":true,"href":"https:\/\/lospoliticosveracruz.com.mx\/index.php?rest_route=%2Fwp%2Fv2%2Ftags&post=154536"}],"curies":[{"name":"wp","href":"https:\/\/api.w.org\/{rel}","templated":true}]}}