{"id":154540,"date":"2025-10-15T08:44:57","date_gmt":"2025-10-15T13:44:57","guid":{"rendered":"https:\/\/lospoliticosveracruz.com.mx\/?p=154540"},"modified":"2025-10-15T08:45:22","modified_gmt":"2025-10-15T13:45:22","slug":"en-friega-chiquiyunes","status":"publish","type":"post","link":"https:\/\/lospoliticosveracruz.com.mx\/?p=154540","title":{"rendered":"EN FRIEGA CHIQUIYUNES!"},"content":{"rendered":"\n<p>S\u00edguenos ahora tambi\u00e9n en WhatsApp.\u00a0\u00a1<a href=\"https:\/\/whatsapp.com\/channel\/0029Va8zRWlEKyZIP3Z1dF0e\"><strong>Da clic aqu\u00ed<\/strong><\/a><strong>!<\/strong><\/p>\n\n\n\n<p><\/p>\n\n\n\n<p><strong>Ciudad de M\u00e9xico.<\/strong> Las <strong>Comisiones Unidas de Hacienda y Cr\u00e9dito P\u00fablico<\/strong> y <strong>Estudios Legislativos, Primera<\/strong>, celebraron una reuni\u00f3n de trabajo para analizar el dictamen que reforma, adiciona y deroga diversas disposiciones de la <strong>Ley Aduanera<\/strong>.<br>El objetivo es contar con un marco moderno, transparente y operativo que d\u00e9 certidumbre al comercio exterior, facilite a quien cumple y disuada pr\u00e1cticas que da\u00f1an la <strong>Hacienda P\u00fablica<\/strong> y la competencia leal.<\/p>\n\n\n\n\n\n<p>Entre los ejes explicados durante la sesi\u00f3n, se subrayaron:<\/p>\n\n\n\n<p>\u2022\u2060 \u2060La <strong>carta de cr\u00e9dito<\/strong> como opci\u00f3n de garant\u00eda para contribuciones y cuotas compensatorias, lo que mejora la liquidez de las operaciones sin menoscabo del inter\u00e9s fiscal.<br>\u2022\u2060 \u2060Certeza de largo plazo para el servicio aduanal: patentes y autorizaciones a <strong>20 a\u00f1os<\/strong>, prorrogables, y ajuste del calendario de certificaci\u00f3n para mantener est\u00e1ndares sin sobrerregular.<br>\u2022\u2060 \u2060Armonizaci\u00f3n de transitorios para dar orden y claridad a permisos ya otorgados, evitando reg\u00edmenes paralelos.<\/p>\n\n\n\n<p>El <strong>senador Miguel \u00c1ngel Yunes M\u00e1rquez<\/strong>, en su car\u00e1cter de <strong>Presidente de la Comisi\u00f3n de Hacienda y Cr\u00e9dito P\u00fablico<\/strong>, coincidi\u00f3 en que una aduana moderna \u201c<strong>agiliza los procesos para quienes cumplen y disuade a los infractores<\/strong>\u201d, y que cada peso bien recaudado debe traducirse en mejores servicios p\u00fablicos e infraestructura.<\/p>\n\n\n\n<p>Finalmente, en consenso y derivado del di\u00e1logo con el <strong>Poder Ejecutivo<\/strong>, los sectores y los grupos parlamentarios, la Comisi\u00f3n acord\u00f3 presentar una reserva para sincronizar la entrada en vigor de la Ley con la publicaci\u00f3n de su Reglamento.<\/p>\n\n\n\n<p>El transitorio propondr\u00e1 que la Ley entre en vigor al d\u00eda siguiente de publicarse el nuevo Reglamento y, en tanto \u00e9ste se expide, se apliquen supletoriamente el Reglamento vigente y las <strong>Reglas Generales de Comercio Exterior<\/strong> en lo que no se opongan.<\/p>\n\n\n\n<p>La medida busca <strong>aplicaci\u00f3n uniforme, continuidad operativa y tecnol\u00f3gica en aduanas, seguridad jur\u00eddica para contribuyentes y auxiliares, y estabilidad recaudatoria<\/strong>.<\/p>\n","protected":false},"excerpt":{"rendered":"<p>Ciudad de M\u00e9xico. Las Comisiones Unidas de Hacienda y Cr\u00e9dito P\u00fablico y Estudios Legislativos, Primera, celebraron una reuni\u00f3n de trabajo para analizar el dictamen que reforma, adiciona y deroga diversas disposiciones de la Ley Aduanera.El objetivo es contar con un marco moderno, transparente y operativo que d\u00e9 certidumbre al comercio exterior, facilite a quien cumple [&hellip;]<\/p>\n","protected":false},"author":2,"featured_media":154541,"comment_status":"closed","ping_status":"closed","sticky":false,"template":"","format":"standard","meta":{"_jetpack_newsletter_access":"","_jetpack_dont_email_post_to_subs":false,"_jetpack_newsletter_tier_id":0,"_jetpack_memberships_contains_paywalled_content":false,"_jetpack_memberships_contains_paid_content":false,"footnotes":""},"categories":[73],"tags":[24443,46641,536,253],"class_list":["post-154540","post","type-post","status-publish","format-standard","has-post-thumbnail","hentry","category-de-boleto","tag-comision-de-hacienda","tag-ley-aduanera","tag-miguel-angel-yunes-marquez","tag-reforma-fiscal"],"jetpack_featured_media_url":"https:\/\/lospoliticosveracruz.com.mx\/wp-content\/uploads\/2025\/10\/Miguel-Angel-Yunes-Marquez.jpeg","jetpack_sharing_enabled":true,"jetpack_shortlink":"https:\/\/wp.me\/p4Qcd3-EcA","_links":{"self":[{"href":"https:\/\/lospoliticosveracruz.com.mx\/index.php?rest_route=\/wp\/v2\/posts\/154540","targetHints":{"allow":["GET"]}}],"collection":[{"href":"https:\/\/lospoliticosveracruz.com.mx\/index.php?rest_route=\/wp\/v2\/posts"}],"about":[{"href":"https:\/\/lospoliticosveracruz.com.mx\/index.php?rest_route=\/wp\/v2\/types\/post"}],"author":[{"embeddable":true,"href":"https:\/\/lospoliticosveracruz.com.mx\/index.php?rest_route=\/wp\/v2\/users\/2"}],"replies":[{"embeddable":true,"href":"https:\/\/lospoliticosveracruz.com.mx\/index.php?rest_route=%2Fwp%2Fv2%2Fcomments&post=154540"}],"version-history":[{"count":2,"href":"https:\/\/lospoliticosveracruz.com.mx\/index.php?rest_route=\/wp\/v2\/posts\/154540\/revisions"}],"predecessor-version":[{"id":154543,"href":"https:\/\/lospoliticosveracruz.com.mx\/index.php?rest_route=\/wp\/v2\/posts\/154540\/revisions\/154543"}],"wp:featuredmedia":[{"embeddable":true,"href":"https:\/\/lospoliticosveracruz.com.mx\/index.php?rest_route=\/wp\/v2\/media\/154541"}],"wp:attachment":[{"href":"https:\/\/lospoliticosveracruz.com.mx\/index.php?rest_route=%2Fwp%2Fv2%2Fmedia&parent=154540"}],"wp:term":[{"taxonomy":"category","embeddable":true,"href":"https:\/\/lospoliticosveracruz.com.mx\/index.php?rest_route=%2Fwp%2Fv2%2Fcategories&post=154540"},{"taxonomy":"post_tag","embeddable":true,"href":"https:\/\/lospoliticosveracruz.com.mx\/index.php?rest_route=%2Fwp%2Fv2%2Ftags&post=154540"}],"curies":[{"name":"wp","href":"https:\/\/api.w.org\/{rel}","templated":true}]}}