{"id":154544,"date":"2025-10-15T08:54:01","date_gmt":"2025-10-15T13:54:01","guid":{"rendered":"https:\/\/lospoliticosveracruz.com.mx\/?p=154544"},"modified":"2025-10-15T08:59:36","modified_gmt":"2025-10-15T13:59:36","slug":"nahle-por-la-reconstruccion-del-norte","status":"publish","type":"post","link":"https:\/\/lospoliticosveracruz.com.mx\/?p=154544","title":{"rendered":"NAHLE, POR LA RECONSTRUCCI\u00d3N DEL NORTE"},"content":{"rendered":"\n<p><br><\/p>\n\n\n\n<p>S\u00edguenos ahora tambi\u00e9n en WhatsApp.\u00a0\u00a1<a href=\"https:\/\/whatsapp.com\/channel\/0029Va8zRWlEKyZIP3Z1dF0e\"><strong>Da clic aqu\u00ed<\/strong><\/a><strong>!<\/strong><\/p>\n\n\n\n<p><strong>Iv\u00e1n Calder\u00f3n<\/strong><\/p>\n\n\n\n<p><em>Perfilando<\/em><\/p>\n\n\n\n<p>Pese a lo que digan sus malquerientes (y los bots que se han multiplicado en redes sociales para atacar sistem\u00e1ticamente al <strong>Gobierno de Veracruz<\/strong>), lo que mejor sabe hacer la <strong>gobernadora Roc\u00edo Nahle Garc\u00eda<\/strong> es construir. Y hoy, en medio del desastre, el norte de Veracruz necesita justamente eso: su reconstrucci\u00f3n.<\/p>\n\n\n\n\n\n<p>Desde este lunes, las tareas de limpieza en <strong>\u00c1lamo<\/strong>, <strong>Poza Rica<\/strong> y en 38 municipios m\u00e1s se aceleraron con la llegada de <strong>maquinaria pesada<\/strong>, y este no es un asunto menor, ya que lo que m\u00e1s se requiere en este momento no son discursos ni gestos pol\u00edticos, sino retroexcavadoras, vactors y volteos que permitan sacar toneladas de lodo, basura y desechos que dej\u00f3 el agua.<\/p>\n\n\n\n<p>La gobernadora ha insistido en que <strong>no hay l\u00edmite de recursos<\/strong> para apoyar al pueblo, pero que la prioridad inmediata es tener m\u00e1s m\u00e1quinas y todo el apoyo posible, reconociendo el trabajo de la misma ciudadan\u00eda.<\/p>\n\n\n\n<p>En este sentido, <strong>Nahle Garc\u00eda<\/strong> agradeci\u00f3 el respaldo de distintos estados como la <strong>Ciudad de M\u00e9xico<\/strong>, <strong>Tamaulipas<\/strong>, <strong>Chiapas<\/strong>, <strong>Tabasco<\/strong> y <strong>Sonora<\/strong>, que enviaron apoyo con maquinaria pesada.<\/p>\n\n\n\n<p>Incluso, fuentes confirman que, con la colaboraci\u00f3n de <strong>Nuevo Le\u00f3n<\/strong>, donde se trat\u00f3 de convertir la tragedia en escaparate, no existi\u00f3 mayor eco, pues la ayuda de <strong>Samuel Garc\u00eda<\/strong> lleg\u00f3 apenas hasta <strong>El Higo<\/strong> y no a <strong>Poza Rica<\/strong>, el municipio m\u00e1s golpeado, donde \u2014por cierto\u2014 se ha querido politizar mezquinamente la desgracia tras el fracaso de <strong>Movimiento Ciudadano<\/strong>.<\/p>\n\n\n\n<p><strong>Nahle<\/strong> ha dejado muy claro que no se mover\u00e1 de la zona norte hasta que <strong>Poza Rica<\/strong> y <strong>\u00c1lamo<\/strong> est\u00e9n completamente reconstruidos. Ese es su compromiso.<\/p>\n\n\n\n<p>De hecho, todas las instancias del <strong>Gobierno Federal<\/strong> \u2014<strong>CONAGUA<\/strong>, <strong>IMSS<\/strong>, <strong>ISSSTE<\/strong>, <strong>Protecci\u00f3n Civil<\/strong>, <strong>SEDENA<\/strong> y <strong>Guardia Nacional<\/strong>\u2014 est\u00e1n desplegadas en el <strong>Centro de Control Unificado<\/strong>, por instrucciones directas de la presidenta <strong>Claudia Sheinbaum Pardo<\/strong>, para apoyar con todo al pueblo veracruzano. El <strong>Gobierno del Estado<\/strong> tambi\u00e9n est\u00e1 completo: secretarios, subsecretarios, brigadas, cuadrillas\u2026 nadie se mueve hasta que la <strong>Huasteca<\/strong> est\u00e9 nuevamente de pie.<\/p>\n\n\n\n<p><strong>Nahle<\/strong> lo dijo muy claro: \u201c<strong>Me voy a encargar de reconstruir.<\/strong>\u201d Y lo va a cumplir.<br>Al tiempo.<\/p>\n\n\n\n<p>@IvanKalderon<\/p>\n","protected":false},"excerpt":{"rendered":"<p>Iv\u00e1n Calder\u00f3n Perfilando Pese a lo que digan sus malquerientes (y los bots que se han multiplicado en redes sociales para atacar sistem\u00e1ticamente al Gobierno de Veracruz), lo que mejor sabe hacer la gobernadora Roc\u00edo Nahle Garc\u00eda es construir. Y hoy, en medio del desastre, el norte de Veracruz necesita justamente eso: su reconstrucci\u00f3n. Desde [&hellip;]<\/p>\n","protected":false},"author":2,"featured_media":141388,"comment_status":"closed","ping_status":"closed","sticky":false,"template":"","format":"standard","meta":{"_jetpack_newsletter_access":"","_jetpack_dont_email_post_to_subs":false,"_jetpack_newsletter_tier_id":0,"_jetpack_memberships_contains_paywalled_content":false,"_jetpack_memberships_contains_paid_content":false,"footnotes":""},"categories":[70],"tags":[46645,46585,46644,4386],"class_list":["post-154544","post","type-post","status-publish","format-standard","has-post-thumbnail","hentry","category-de-opinion","tag-maquinaria-pesada","tag-poza-rica-inundaciones","tag-reconstruccion-norte-de-veracruz","tag-rocio-nahle-garcia"],"jetpack_featured_media_url":"https:\/\/lospoliticosveracruz.com.mx\/wp-content\/uploads\/2025\/04\/Ivan-Calderon-Flores.jpg","jetpack_sharing_enabled":true,"jetpack_shortlink":"https:\/\/wp.me\/p4Qcd3-EcE","_links":{"self":[{"href":"https:\/\/lospoliticosveracruz.com.mx\/index.php?rest_route=\/wp\/v2\/posts\/154544","targetHints":{"allow":["GET"]}}],"collection":[{"href":"https:\/\/lospoliticosveracruz.com.mx\/index.php?rest_route=\/wp\/v2\/posts"}],"about":[{"href":"https:\/\/lospoliticosveracruz.com.mx\/index.php?rest_route=\/wp\/v2\/types\/post"}],"author":[{"embeddable":true,"href":"https:\/\/lospoliticosveracruz.com.mx\/index.php?rest_route=\/wp\/v2\/users\/2"}],"replies":[{"embeddable":true,"href":"https:\/\/lospoliticosveracruz.com.mx\/index.php?rest_route=%2Fwp%2Fv2%2Fcomments&post=154544"}],"version-history":[{"count":1,"href":"https:\/\/lospoliticosveracruz.com.mx\/index.php?rest_route=\/wp\/v2\/posts\/154544\/revisions"}],"predecessor-version":[{"id":154545,"href":"https:\/\/lospoliticosveracruz.com.mx\/index.php?rest_route=\/wp\/v2\/posts\/154544\/revisions\/154545"}],"wp:featuredmedia":[{"embeddable":true,"href":"https:\/\/lospoliticosveracruz.com.mx\/index.php?rest_route=\/wp\/v2\/media\/141388"}],"wp:attachment":[{"href":"https:\/\/lospoliticosveracruz.com.mx\/index.php?rest_route=%2Fwp%2Fv2%2Fmedia&parent=154544"}],"wp:term":[{"taxonomy":"category","embeddable":true,"href":"https:\/\/lospoliticosveracruz.com.mx\/index.php?rest_route=%2Fwp%2Fv2%2Fcategories&post=154544"},{"taxonomy":"post_tag","embeddable":true,"href":"https:\/\/lospoliticosveracruz.com.mx\/index.php?rest_route=%2Fwp%2Fv2%2Ftags&post=154544"}],"curies":[{"name":"wp","href":"https:\/\/api.w.org\/{rel}","templated":true}]}}