{"id":154547,"date":"2025-10-15T09:10:53","date_gmt":"2025-10-15T14:10:53","guid":{"rendered":"https:\/\/lospoliticosveracruz.com.mx\/?p=154547"},"modified":"2025-10-15T09:11:16","modified_gmt":"2025-10-15T14:11:16","slug":"el-rio-y-el-alcalde-que-se-tragaron-a-poza-rica","status":"publish","type":"post","link":"https:\/\/lospoliticosveracruz.com.mx\/?p=154547","title":{"rendered":"EL R\u00cdO (y el alcalde) QUE SE TRAGARON A POZA RICA"},"content":{"rendered":"\n<p>S\u00edguenos ahora tambi\u00e9n en WhatsApp.\u00a0\u00a1<a href=\"https:\/\/whatsapp.com\/channel\/0029Va8zRWlEKyZIP3Z1dF0e\"><strong>Da clic aqu\u00ed<\/strong><\/a><strong>!<\/strong><\/p>\n\n\n\n<p><strong>Alejandro Aguirre Guerrero<\/strong><\/p>\n\n\n\n<p><em>Al respecto\u2026<\/em><\/p>\n\n\n\n<p>No recuerdo lluvias tan catastr\u00f3ficas en el norte de <strong>Veracruz<\/strong> desde aquellas ocurridas en 1999, cuando la confluencia de un frente fr\u00edo y una depresi\u00f3n tropical acabaron con la vida de cuando menos 380 personas, quienes vieron su \u00faltimo aliento durante (y posterior) a las f\u00faricas crecidas de los r\u00edos <strong>Cazones<\/strong> y <strong>Pantepec<\/strong>.<\/p>\n\n\n\n\n\n<p>Y aunque en esta ocasi\u00f3n el n\u00famero de muertos ser\u00e1 mucho menor (afortunadamente), los da\u00f1os materiales y el salvajismo con que el agua de los r\u00edos entr\u00f3 a los centros urbanos y comunidades es casi el mismo, as\u00ed, sin que alg\u00fan muro de contenci\u00f3n decente la detuviera o estorbara.<\/p>\n\n\n\n<p>En aquel entonces los da\u00f1os fueron profundos en ciudades, pueblos, v\u00edas de comunicaci\u00f3n, ruinas arqueol\u00f3gicas \u2014como el famoso centro ceremonial de <strong>El Taj\u00edn<\/strong> y su pir\u00e1mide de Los Nichos\u2014, adem\u00e1s de la devastaci\u00f3n en casas y escuelas del norte veracruzano.<\/p>\n\n\n\n<p>De ese tama\u00f1o es lo que ahora ocurre en <strong>Poza Rica<\/strong>, <strong>\u00c1lamo Temapache<\/strong> y toda la zona aleda\u00f1a. \u00bfPero qu\u00e9 no se ha hecho en infraestructura (durante m\u00e1s de 25 a\u00f1os) para evitar que lluvias \u201capocal\u00edpticas\u201d pudieran azotar otra vez el \u00e1rea norte de Veracruz?<\/p>\n\n\n\n<p>Por ejemplo, un <strong>muro de contenci\u00f3n<\/strong> que debi\u00f3 terminar el <strong>ayuntamiento de Poza Rica<\/strong> en 2023, y que se supon\u00eda detendr\u00eda las crecidas del <strong>r\u00edo Cazones<\/strong>, nunca se acab\u00f3; dicha infraestructura preventiva estaba instruida en el <strong>Atlas de Riesgos Nacional<\/strong> y no se concret\u00f3, bajo la \u201csupervisi\u00f3n\u201d del alcalde en funciones, <strong>Fernando Remes<\/strong>, quien siempre achac\u00f3 a <strong>CONAGUA<\/strong> el incumplimiento.<\/p>\n\n\n\n<p>Muy probablemente el n\u00famero de fallecidos crezca y el de desaparecidos tambi\u00e9n, mismos que podr\u00edan traducirse \u2014como de manera hist\u00f3rica ocurre\u2014 en m\u00e1s muertes. No ser\u00e1 la \u00faltima vez que las lluvias torrenciales golpeen Veracruz, \u00bfser\u00e1 que para la pr\u00f3xima exista infraestructura para conservar m\u00e1s vidas? Ojal\u00e1 y s\u00ed.<\/p>\n\n\n\n<p><strong>Los apoyos de Edomex para estados afectados.<\/strong><\/p>\n\n\n\n<p>Mucha ayuda ha llegado a <strong>Veracruz<\/strong>, <strong>Puebla<\/strong> e <strong>Hidalgo<\/strong>, proveniente de los tres centros de acopio del <strong>Estado de M\u00e9xico<\/strong>, ubicados en el <strong>Palacio de Gobierno en Toluca<\/strong>, adem\u00e1s de las oficinas de <strong>Protecci\u00f3n Civil<\/strong> tanto en <strong>Naucalpan<\/strong> como en el <strong>Valle de Chalco<\/strong>.<\/p>\n\n\n\n<p><strong>Fraser habla de Chico para Banamex<\/strong><\/p>\n\n\n\n<p><strong>Citigroup<\/strong> ha rebasado las expectativas del mercado en t\u00e9rminos de ingresos y rendimientos. El buen desempe\u00f1o en sus negocios elev\u00f3 sus ingresos a m\u00e1s de 22,000 millones de d\u00f3lares durante el tercer trimestre del a\u00f1o, un crecimiento del 9% respecto al a\u00f1o anterior.<\/p>\n\n\n\n<p>Los favorables resultados financieros de <strong>Citi<\/strong> corren en paralelo al proceso de venta de <strong>Banamex<\/strong> en M\u00e9xico. Al respecto, <strong>Jane Fraser<\/strong>, directora ejecutiva de Citi, reafirm\u00f3 su apuesta por vender una cuarta parte del banco al empresario mexicano <strong>Fernando Chico Pardo<\/strong>.<\/p>\n\n\n\n<p>Fraser enfatiz\u00f3 la trayectoria de m\u00e1s de 50 a\u00f1os del presidente de <strong>Grupo ASUR<\/strong> en el mundo empresarial. <strong>Chico Pardo<\/strong> se convertir\u00e1 en accionista mayoritario de <strong>Banamex<\/strong>, y en presidente de su <strong>Consejo de Administraci\u00f3n<\/strong>, una vez que asuma las riendas de la instituci\u00f3n en 2026.<\/p>\n\n\n\n<p><strong>X: @aaguirre_g<\/strong><\/p>\n","protected":false},"excerpt":{"rendered":"<p>Alejandro Aguirre Guerrero Al respecto\u2026 No recuerdo lluvias tan catastr\u00f3ficas en el norte de Veracruz desde aquellas ocurridas en 1999, cuando la confluencia de un frente fr\u00edo y una depresi\u00f3n tropical acabaron con la vida de cuando menos 380 personas, quienes vieron su \u00faltimo aliento durante (y posterior) a las f\u00faricas crecidas de los r\u00edos [&hellip;]<\/p>\n","protected":false},"author":2,"featured_media":141373,"comment_status":"closed","ping_status":"closed","sticky":false,"template":"","format":"standard","meta":{"_jetpack_newsletter_access":"","_jetpack_dont_email_post_to_subs":false,"_jetpack_newsletter_tier_id":0,"_jetpack_memberships_contains_paywalled_content":false,"_jetpack_memberships_contains_paid_content":false,"footnotes":""},"categories":[70],"tags":[46646,46585,46648],"class_list":["post-154547","post","type-post","status-publish","format-standard","has-post-thumbnail","hentry","category-de-opinion","tag-fernando-remes-alcalde","tag-poza-rica-inundaciones","tag-rio-cazones-veracruz"],"jetpack_featured_media_url":"https:\/\/lospoliticosveracruz.com.mx\/wp-content\/uploads\/2025\/04\/Alejandro-Aguirre-Guerrero.jpg","jetpack_sharing_enabled":true,"jetpack_shortlink":"https:\/\/wp.me\/p4Qcd3-EcH","_links":{"self":[{"href":"https:\/\/lospoliticosveracruz.com.mx\/index.php?rest_route=\/wp\/v2\/posts\/154547","targetHints":{"allow":["GET"]}}],"collection":[{"href":"https:\/\/lospoliticosveracruz.com.mx\/index.php?rest_route=\/wp\/v2\/posts"}],"about":[{"href":"https:\/\/lospoliticosveracruz.com.mx\/index.php?rest_route=\/wp\/v2\/types\/post"}],"author":[{"embeddable":true,"href":"https:\/\/lospoliticosveracruz.com.mx\/index.php?rest_route=\/wp\/v2\/users\/2"}],"replies":[{"embeddable":true,"href":"https:\/\/lospoliticosveracruz.com.mx\/index.php?rest_route=%2Fwp%2Fv2%2Fcomments&post=154547"}],"version-history":[{"count":2,"href":"https:\/\/lospoliticosveracruz.com.mx\/index.php?rest_route=\/wp\/v2\/posts\/154547\/revisions"}],"predecessor-version":[{"id":154549,"href":"https:\/\/lospoliticosveracruz.com.mx\/index.php?rest_route=\/wp\/v2\/posts\/154547\/revisions\/154549"}],"wp:featuredmedia":[{"embeddable":true,"href":"https:\/\/lospoliticosveracruz.com.mx\/index.php?rest_route=\/wp\/v2\/media\/141373"}],"wp:attachment":[{"href":"https:\/\/lospoliticosveracruz.com.mx\/index.php?rest_route=%2Fwp%2Fv2%2Fmedia&parent=154547"}],"wp:term":[{"taxonomy":"category","embeddable":true,"href":"https:\/\/lospoliticosveracruz.com.mx\/index.php?rest_route=%2Fwp%2Fv2%2Fcategories&post=154547"},{"taxonomy":"post_tag","embeddable":true,"href":"https:\/\/lospoliticosveracruz.com.mx\/index.php?rest_route=%2Fwp%2Fv2%2Ftags&post=154547"}],"curies":[{"name":"wp","href":"https:\/\/api.w.org\/{rel}","templated":true}]}}