{"id":154563,"date":"2025-10-15T14:43:59","date_gmt":"2025-10-15T19:43:59","guid":{"rendered":"https:\/\/lospoliticosveracruz.com.mx\/?p=154563"},"modified":"2025-10-15T14:44:25","modified_gmt":"2025-10-15T19:44:25","slug":"perdona-si-te-hago-otra-pregunta","status":"publish","type":"post","link":"https:\/\/lospoliticosveracruz.com.mx\/?p=154563","title":{"rendered":"PERDONA SI TE HAGO OTRA PREGUNTA"},"content":{"rendered":"\n<p>S\u00edguenos ahora tambi\u00e9n en WhatsApp.\u00a0\u00a1<a href=\"https:\/\/whatsapp.com\/channel\/0029Va8zRWlEKyZIP3Z1dF0e\"><strong>Da clic aqu\u00ed<\/strong><\/a><strong>!<\/strong><\/p>\n\n\n\n<p><strong>Vicente Luna Hern\u00e1ndez<\/strong><\/p>\n\n\n\n<p>Dicen que \u201cdespu\u00e9s de la tempestad llega la calma\u201d, que \u201cno hay mal que por bien no venga\u201d, \u201cque no dejes para ma\u00f1ana lo que puedes hacer hoy\u201d, \u201cque es mejor prevenir que lamentar\u201d, \u201cal mal paso darle prisa\u201d.<br>Lo cierto es que esas sabias palabras resuenan en toda la zona norte del <strong>Estado de Veracruz<\/strong>, y sus habitantes saben que \u2014durante la limpieza y reconstrucci\u00f3n\u2014 las tr\u00e1gicas noticias a\u00fan no terminan.<\/p>\n\n\n\n\n\n<p>Seguramente, durante la visita de la <strong>Presidenta Claudia Sheinbaum Pardo<\/strong> a los municipios afectados quedaron preguntas sin respuestas por parte de los damnificados, preguntas que todo mundo se hace y nadie responde:<br>\u00bfRealmente se tomaron las medidas necesarias para prevenir a los habitantes de los municipios en riesgo ante el potencial de lluvias que se pronosticaban?<br>\u00bfEs cierto que <strong>CONAGUA<\/strong> avis\u00f3 a tiempo y las autoridades responsables no reaccionaron de la mejor manera?<br>\u00bfQui\u00e9n le avis\u00f3 a la <strong>Gobernadora Roc\u00edo Nahle Garc\u00eda<\/strong> que solo \u201chab\u00eda subido su nivel ligeramente el r\u00edo Cazones\u201d?<br>\u00bfAfecta de manera importante que no se haya renovado el <strong>Seguro ante Desastres<\/strong>?<br>\u00bfEn algo servir\u00e1 a los damnificados la reci\u00e9n creada <strong>Aseguradora Veracruzana de Servicios Integrales (AVSI)<\/strong>?<br>\u00bfEs la oportunidad que se le presenta a la gobernadora para \u201climpiar\u201d la casa de funcionarios ineptos que le han fallado a ella y a los veracruzanos?<\/p>\n\n\n\n<p>La presidenta y la gobernadora lo han manifestado de manera contundente: \u201centre los problemas que se presenten para la reconstrucci\u00f3n y apoyos directos a los damnificados no se encuentra el dinero\u2026 dinero hay\u201d.<br>Ante tal aseveraci\u00f3n, y viniendo de las dos principales responsables e interesadas en dar respuestas positivas a los damnificados, fue como escuchar m\u00fasica celestial ante tantas vicisitudes que est\u00e1n viviendo en la zona norte de <strong>Veracruz<\/strong>.<\/p>\n\n\n\n<p>Es una realidad que, ante tragedias ocasionadas por fen\u00f3menos naturales, hay dos elementos indispensables para su pronta recuperaci\u00f3n: <strong>coordinaci\u00f3n y dinero<\/strong>.<br>Si nos atenemos a lo dicho por ambas mandatarias, entonces <strong>Veracruz<\/strong> solo tiene un reto que superar, y que depende \u00fanica y exclusivamente del <strong>Gobierno del Estado<\/strong>: coordinar los esfuerzos y la participaci\u00f3n de los diferentes grupos de la sociedad civil que han acudido al auxilio de los habitantes de la zona norte.<br>Despu\u00e9s de escuchar la declaraci\u00f3n de la <strong>Gobernadora Roc\u00edo Nahle Garc\u00eda<\/strong>, una luz se asoma en el horizonte del norte del estado: \u201csi algo s\u00e9 hacer es construir\u201d\u2026 la esperanza se asoma por la ventana.<\/p>\n\n\n\n<p>Lo cierto es que, en su momento, se debe hacer el recuento de los da\u00f1os, y no me refiero solo al da\u00f1o material, sino al <strong>da\u00f1o institucional<\/strong> del gobierno estatal.<br>Esto significa que hay que revisar, actualizar y llevar a cabo los cambios necesarios para un mejor funcionamiento de los servicios de <strong>Protecci\u00f3n Civil<\/strong>.<br>Est\u00e1 claro que en la protecci\u00f3n civil entran en coordinaci\u00f3n dependencias del gobierno estatal y del <strong>Gobierno Federal<\/strong>.<br>Lluvias \u201cat\u00edpicas\u201d seguir\u00e1n ocurriendo en <strong>Veracruz<\/strong> o en estados vecinos y afectar\u00e1n de manera directa a algunos municipios veracruzanos; esa historia es \u201cvieja\u201d y de sobra conocida.<br>\u00bfEn serio en la <strong>Secretar\u00eda de Protecci\u00f3n Civil<\/strong> de Veracruz y del Gobierno Federal no se la saben?<\/p>\n\n\n\n<p>La alerta a trav\u00e9s de los tel\u00e9fonos celulares debe ser una realidad, no solo para los simulacros de temblores.<br>Es hora de que, ante el auge de la tecnolog\u00eda, algo se haga al respecto. Total, el problema no es el dinero; el problema ser\u00e1 si realmente existe la voluntad pol\u00edtica de modernizar a las instituciones responsables de la <strong>protecci\u00f3n civil<\/strong> y aprovechar las experiencias \u2014lamentablemente tr\u00e1gicas\u2014 que <strong>M\u00e9xico<\/strong> vive de manera continua por las \u201cvisitas\u201d de fen\u00f3menos naturales que han sacado lo peor y lo mejor de las y los mexicanos.<\/p>\n\n\n\n<p>Es cierto, la <strong>Gobernadora Roc\u00edo Nahle Garc\u00eda<\/strong> est\u00e1 decidida a poner de moda a <strong>Veracruz<\/strong>, proyectando al pa\u00eds y m\u00e1s all\u00e1 todo lo bueno que el estado ofrece.<br>Seguramente la violencia llevada a cabo por grupos del <strong>crimen organizado<\/strong> y los fen\u00f3menos naturales no estaban en la agenda; sin embargo, Veracruz tiene a\u00f1os con la presencia y los efectos negativos de ambos fen\u00f3menos.<br>Veracruz aspira a que el segundo gobierno emanado del partido <strong>Morena<\/strong>, en su an\u00e1lisis de recuento de da\u00f1os, reconozca que en <strong>Veracruz<\/strong> la transformaci\u00f3n en materia de protecci\u00f3n civil va por su primer piso.<\/p>\n\n\n\n<p>Una \u00faltima pregunta: \u00bfrealmente se dir\u00e1 la verdad \u2014por dolorosa que sea\u2014 del n\u00famero de v\u00edctimas y se har\u00e1n los ajustes institucionales necesarios?<\/p>\n\n\n\n<p><strong>P.D.<\/strong> Con el \u00e1nimo de que el gobierno en su conjunto est\u00e9 a la altura de las exigencias que amerita la tragedia en la zona norte, pero sin olvidar la zona sur y centro\u2026 escribir\u00e9 otro d\u00eda.<\/p>\n","protected":false},"excerpt":{"rendered":"<p>Vicente Luna Hern\u00e1ndez Dicen que \u201cdespu\u00e9s de la tempestad llega la calma\u201d, que \u201cno hay mal que por bien no venga\u201d, \u201cque no dejes para ma\u00f1ana lo que puedes hacer hoy\u201d, \u201cque es mejor prevenir que lamentar\u201d, \u201cal mal paso darle prisa\u201d.Lo cierto es que esas sabias palabras resuenan en toda la zona norte del [&hellip;]<\/p>\n","protected":false},"author":2,"featured_media":141415,"comment_status":"closed","ping_status":"closed","sticky":false,"template":"","format":"standard","meta":{"_jetpack_newsletter_access":"","_jetpack_dont_email_post_to_subs":false,"_jetpack_newsletter_tier_id":0,"_jetpack_memberships_contains_paywalled_content":false,"_jetpack_memberships_contains_paid_content":false,"footnotes":""},"categories":[70],"tags":[9627,44922,4386,11159],"class_list":["post-154563","post","type-post","status-publish","format-standard","has-post-thumbnail","hentry","category-de-opinion","tag-claudia-sheinbaum","tag-proteccion-civil-veracruz","tag-rocio-nahle-garcia","tag-veracruz-norte"],"jetpack_featured_media_url":"https:\/\/lospoliticosveracruz.com.mx\/wp-content\/uploads\/2025\/04\/Vicente-Luna-Hernandez.jpg","jetpack_sharing_enabled":true,"jetpack_shortlink":"https:\/\/wp.me\/p4Qcd3-EcX","_links":{"self":[{"href":"https:\/\/lospoliticosveracruz.com.mx\/index.php?rest_route=\/wp\/v2\/posts\/154563","targetHints":{"allow":["GET"]}}],"collection":[{"href":"https:\/\/lospoliticosveracruz.com.mx\/index.php?rest_route=\/wp\/v2\/posts"}],"about":[{"href":"https:\/\/lospoliticosveracruz.com.mx\/index.php?rest_route=\/wp\/v2\/types\/post"}],"author":[{"embeddable":true,"href":"https:\/\/lospoliticosveracruz.com.mx\/index.php?rest_route=\/wp\/v2\/users\/2"}],"replies":[{"embeddable":true,"href":"https:\/\/lospoliticosveracruz.com.mx\/index.php?rest_route=%2Fwp%2Fv2%2Fcomments&post=154563"}],"version-history":[{"count":2,"href":"https:\/\/lospoliticosveracruz.com.mx\/index.php?rest_route=\/wp\/v2\/posts\/154563\/revisions"}],"predecessor-version":[{"id":154565,"href":"https:\/\/lospoliticosveracruz.com.mx\/index.php?rest_route=\/wp\/v2\/posts\/154563\/revisions\/154565"}],"wp:featuredmedia":[{"embeddable":true,"href":"https:\/\/lospoliticosveracruz.com.mx\/index.php?rest_route=\/wp\/v2\/media\/141415"}],"wp:attachment":[{"href":"https:\/\/lospoliticosveracruz.com.mx\/index.php?rest_route=%2Fwp%2Fv2%2Fmedia&parent=154563"}],"wp:term":[{"taxonomy":"category","embeddable":true,"href":"https:\/\/lospoliticosveracruz.com.mx\/index.php?rest_route=%2Fwp%2Fv2%2Fcategories&post=154563"},{"taxonomy":"post_tag","embeddable":true,"href":"https:\/\/lospoliticosveracruz.com.mx\/index.php?rest_route=%2Fwp%2Fv2%2Ftags&post=154563"}],"curies":[{"name":"wp","href":"https:\/\/api.w.org\/{rel}","templated":true}]}}