{"id":154581,"date":"2025-10-15T17:48:58","date_gmt":"2025-10-15T22:48:58","guid":{"rendered":"https:\/\/lospoliticosveracruz.com.mx\/?p=154581"},"modified":"2025-10-15T17:49:23","modified_gmt":"2025-10-15T22:49:23","slug":"se-apunta-mario-ucha","status":"publish","type":"post","link":"https:\/\/lospoliticosveracruz.com.mx\/?p=154581","title":{"rendered":"SE APUNTA MARIO UCHA!"},"content":{"rendered":"\n<p>S\u00edguenos ahora tambi\u00e9n en WhatsApp.\u00a0\u00a1<a href=\"https:\/\/whatsapp.com\/channel\/0029Va8zRWlEKyZIP3Z1dF0e\"><strong>Da clic aqu\u00ed<\/strong><\/a><strong>!<\/strong><\/p>\n\n\n\n<p><strong>Veracruz:<\/strong> <strong>Jos\u00e9 Mario S\u00e1nchez Ucha<\/strong> cumpli\u00f3 con el proceso administrativo de inscripci\u00f3n como candidato a <strong>Rey del Carnaval de Veracruz 2026<\/strong>, sum\u00e1ndose oficialmente a quienes aspiran a formar parte de la <strong>Corte Real<\/strong> de la fiesta m\u00e1s representativa del estado de <strong>Veracruz<\/strong>, que se realizar\u00e1 del <strong>10 al 18 de febrero<\/strong>.<\/p>\n\n\n\n\n\n<p>El aspirante fue recibido por <strong>Daniel Mart\u00edn Lois<\/strong>, <strong>regidor octavo del Ayuntamiento de Veracruz<\/strong> con la comisi\u00f3n de <strong>Carnaval y Turismo<\/strong>, en representaci\u00f3n de <strong>Luis Vald\u00e9s Salamanca<\/strong>, <strong>presidente del Comit\u00e9 de Carnaval de Veracruz<\/strong>.<br>Durante el encuentro, <strong>Mario Ucha<\/strong> manifest\u00f3 que utilizar\u00e1 el <strong>color blanco<\/strong> como distintivo al participar en las actividades carnestolendas.<\/p>\n\n\n\n<p>El <strong>Comit\u00e9 de Carnaval de Veracruz<\/strong> inform\u00f3 que las inscripciones administrativas para quienes deseen contender por un lugar en la <strong>Corte Real<\/strong> permanecer\u00e1n abiertas hasta el <strong>lunes 20 de octubre<\/strong>, fecha l\u00edmite para formar parte del proceso de elecci\u00f3n del <strong>Carnaval de Veracruz 2026<\/strong>.<\/p>\n\n\n\n<p>Asimismo, se dio a conocer que el <strong>Comit\u00e9 de Carnaval<\/strong> tom\u00f3 la decisi\u00f3n de realizar una <strong>rumbata<\/strong> con todas y todos los candidatos a la Corte Real hasta el pr\u00f3ximo <strong>martes 21 de octubre<\/strong>, como muestra de respeto y solidaridad con las personas afectadas por las fuertes lluvias e inundaciones en la zona norte del estado.<\/p>\n","protected":false},"excerpt":{"rendered":"<p>Veracruz: Jos\u00e9 Mario S\u00e1nchez Ucha cumpli\u00f3 con el proceso administrativo de inscripci\u00f3n como candidato a Rey del Carnaval de Veracruz 2026, sum\u00e1ndose oficialmente a quienes aspiran a formar parte de la Corte Real de la fiesta m\u00e1s representativa del estado de Veracruz, que se realizar\u00e1 del 10 al 18 de febrero. El aspirante fue recibido [&hellip;]<\/p>\n","protected":false},"author":2,"featured_media":154582,"comment_status":"closed","ping_status":"closed","sticky":false,"template":"","format":"standard","meta":{"_jetpack_newsletter_access":"","_jetpack_dont_email_post_to_subs":false,"_jetpack_newsletter_tier_id":0,"_jetpack_memberships_contains_paywalled_content":false,"_jetpack_memberships_contains_paid_content":false,"footnotes":""},"categories":[73],"tags":[46379,38102,34140,46662],"class_list":["post-154581","post","type-post","status-publish","format-standard","has-post-thumbnail","hentry","category-de-boleto","tag-carnaval-de-veracruz-2026","tag-comite-de-carnaval-de-veracruz","tag-corte-real","tag-jose-mario-sanchez-ucha"],"jetpack_featured_media_url":"https:\/\/lospoliticosveracruz.com.mx\/wp-content\/uploads\/2025\/10\/WhatsApp-Image-2025-10-15-at-16.46.13.jpeg","jetpack_sharing_enabled":true,"jetpack_shortlink":"https:\/\/wp.me\/p4Qcd3-Edf","_links":{"self":[{"href":"https:\/\/lospoliticosveracruz.com.mx\/index.php?rest_route=\/wp\/v2\/posts\/154581","targetHints":{"allow":["GET"]}}],"collection":[{"href":"https:\/\/lospoliticosveracruz.com.mx\/index.php?rest_route=\/wp\/v2\/posts"}],"about":[{"href":"https:\/\/lospoliticosveracruz.com.mx\/index.php?rest_route=\/wp\/v2\/types\/post"}],"author":[{"embeddable":true,"href":"https:\/\/lospoliticosveracruz.com.mx\/index.php?rest_route=\/wp\/v2\/users\/2"}],"replies":[{"embeddable":true,"href":"https:\/\/lospoliticosveracruz.com.mx\/index.php?rest_route=%2Fwp%2Fv2%2Fcomments&post=154581"}],"version-history":[{"count":2,"href":"https:\/\/lospoliticosveracruz.com.mx\/index.php?rest_route=\/wp\/v2\/posts\/154581\/revisions"}],"predecessor-version":[{"id":154584,"href":"https:\/\/lospoliticosveracruz.com.mx\/index.php?rest_route=\/wp\/v2\/posts\/154581\/revisions\/154584"}],"wp:featuredmedia":[{"embeddable":true,"href":"https:\/\/lospoliticosveracruz.com.mx\/index.php?rest_route=\/wp\/v2\/media\/154582"}],"wp:attachment":[{"href":"https:\/\/lospoliticosveracruz.com.mx\/index.php?rest_route=%2Fwp%2Fv2%2Fmedia&parent=154581"}],"wp:term":[{"taxonomy":"category","embeddable":true,"href":"https:\/\/lospoliticosveracruz.com.mx\/index.php?rest_route=%2Fwp%2Fv2%2Fcategories&post=154581"},{"taxonomy":"post_tag","embeddable":true,"href":"https:\/\/lospoliticosveracruz.com.mx\/index.php?rest_route=%2Fwp%2Fv2%2Ftags&post=154581"}],"curies":[{"name":"wp","href":"https:\/\/api.w.org\/{rel}","templated":true}]}}