{"id":154590,"date":"2025-10-15T18:48:35","date_gmt":"2025-10-15T23:48:35","guid":{"rendered":"https:\/\/lospoliticosveracruz.com.mx\/?p=154590"},"modified":"2025-10-15T18:49:16","modified_gmt":"2025-10-15T23:49:16","slug":"mochilas-con-poza-rica","status":"publish","type":"post","link":"https:\/\/lospoliticosveracruz.com.mx\/?p=154590","title":{"rendered":"MOCHILAS CON POZA RICA!"},"content":{"rendered":"\n<p><\/p>\n\n\n\n<p>S\u00edguenos ahora tambi\u00e9n en WhatsApp.\u00a0\u00a1<a href=\"https:\/\/whatsapp.com\/channel\/0029Va8zRWlEKyZIP3Z1dF0e\"><strong>Da clic aqu\u00ed<\/strong><\/a><strong>!<\/strong><\/p>\n\n\n\n<p>Los coordinadores de los&nbsp;<strong>Grupos Legislativos de Morena<\/strong>,&nbsp;<strong>Partido Verde Ecologista de M\u00e9xico (PVEM)<\/strong>&nbsp;y&nbsp;<strong>Partido Acci\u00f3n Nacional (PAN)<\/strong>, la&nbsp;<strong>presidenta de la Mesa Directiva<\/strong>,&nbsp;<strong>diputada Naomi Edith G\u00f3mez Santos<\/strong>, y los diputados del&nbsp;<strong>Partido del Trabajo (PT)<\/strong>&nbsp;y de&nbsp;<strong>Movimiento Ciudadano (MC)<\/strong>, anunciaron en conferencia de prensa el&nbsp;<strong>Acuerdo para donar un mes de salario<\/strong>&nbsp;de cada diputada o diputado integrante de la&nbsp;<strong>LXVII Legislatura<\/strong>, en un acto de unidad y solidaridad con las personas afectadas por las inundaciones registradas en el norte de&nbsp;<strong>Veracruz<\/strong>.<\/p>\n\n\n\n\n\n<p>En primer t\u00e9rmino, el&nbsp;<strong>legislador Esteban Bautista Hern\u00e1ndez<\/strong>,&nbsp;<strong>presidente de la Junta de Coordinaci\u00f3n Pol\u00edtica (Jucopo)<\/strong>, expres\u00f3 que, con motivo de la contingencia que da\u00f1\u00f3 mayormente en&nbsp;<strong>Poza Rica<\/strong>,&nbsp;<strong>\u00c1lamo<\/strong>&nbsp;y&nbsp;<strong>Cazones de Herrera<\/strong>, se consider\u00f3 de suma importancia que este&nbsp;<strong>Congreso<\/strong>destine recursos econ\u00f3micos a la adquisici\u00f3n de insumos para las familias y personas que se encuentran en una situaci\u00f3n emergente que reclama con urgencia el respaldo de sus representantes.<\/p>\n\n\n\n<p>Agreg\u00f3 que, tras analizar los da\u00f1os y tomando como ejemplo la solidaridad y empat\u00eda del pueblo de&nbsp;<strong>Veracruz<\/strong>, que se ha volcado en apoyar a las y los ciudadanos perjudicados, esta&nbsp;<strong>Legislatura<\/strong>&nbsp;har\u00e1 lo propio, una vez logrado el&nbsp;<strong>Acuerdo de las diversas fuerzas pol\u00edticas<\/strong>&nbsp;representadas en esta&nbsp;<strong>Soberan\u00eda<\/strong>&nbsp;para destinar de manera \u00edntegra lo equivalente a un mes de salario de cada diputada y diputado.<\/p>\n\n\n\n<p>Signaron el&nbsp;<strong>Acuerdo<\/strong>&nbsp;los diputados y diputada coordinadores de las bancadas de&nbsp;<strong>Morena<\/strong>,&nbsp;<strong>Esteban Bautista Hern\u00e1ndez<\/strong>; del&nbsp;<strong>PVEM<\/strong>,&nbsp;<strong>Carlos Marcelo Ruiz S\u00e1nchez<\/strong>; del&nbsp;<strong>PAN<\/strong>,&nbsp;<strong>Enrique Cambranis Torres<\/strong>;&nbsp;<strong>Mixto Veracruz Nos Une<\/strong>,&nbsp;<strong>Montserrat Ortega Ruiz<\/strong>; as\u00ed como los legisladores del&nbsp;<strong>PT<\/strong>,&nbsp;<strong>Ram\u00f3n D\u00edaz \u00c1vila<\/strong>, y de&nbsp;<strong>MC<\/strong>,&nbsp;<strong>Adri\u00e1n Sigfrido \u00c1vila Estrada<\/strong>.<\/p>\n\n\n\n<p>El&nbsp;<strong>Acuerdo para la donaci\u00f3n de un mes de salario<\/strong>&nbsp;est\u00e1 enlistado en el&nbsp;<strong>Orden del D\u00eda<\/strong>&nbsp;de la&nbsp;<strong>Sexta Sesi\u00f3n Ordinaria<\/strong>, y se prev\u00e9 una&nbsp;<strong>votaci\u00f3n mayoritaria<\/strong>&nbsp;por parte del&nbsp;<strong>Pleno<\/strong>.<\/p>\n","protected":false},"excerpt":{"rendered":"<p>Los coordinadores de los&nbsp;Grupos Legislativos de Morena,&nbsp;Partido Verde Ecologista de M\u00e9xico (PVEM)&nbsp;y&nbsp;Partido Acci\u00f3n Nacional (PAN), la&nbsp;presidenta de la Mesa Directiva,&nbsp;diputada Naomi Edith G\u00f3mez Santos, y los diputados del&nbsp;Partido del Trabajo (PT)&nbsp;y de&nbsp;Movimiento Ciudadano (MC), anunciaron en conferencia de prensa el&nbsp;Acuerdo para donar un mes de salario&nbsp;de cada diputada o diputado integrante de la&nbsp;LXVII Legislatura, en [&hellip;]<\/p>\n","protected":false},"author":2,"featured_media":154591,"comment_status":"closed","ping_status":"closed","sticky":false,"template":"","format":"standard","meta":{"_jetpack_newsletter_access":"","_jetpack_dont_email_post_to_subs":false,"_jetpack_newsletter_tier_id":0,"_jetpack_memberships_contains_paywalled_content":false,"_jetpack_memberships_contains_paid_content":false,"footnotes":""},"categories":[43718],"tags":[393,18437,46665,42481,46585],"class_list":["post-154590","post","type-post","status-publish","format-standard","has-post-thumbnail","hentry","category-elpalaciodeencanto","tag-congreso-de-veracruz","tag-esteban-bautista-hernandez","tag-jucopo-veracruz-2","tag-naomi-edith-gomez-santos","tag-poza-rica-inundaciones"],"jetpack_featured_media_url":"https:\/\/lospoliticosveracruz.com.mx\/wp-content\/uploads\/2025\/10\/IMG_0873.jpeg","jetpack_sharing_enabled":true,"jetpack_shortlink":"https:\/\/wp.me\/p4Qcd3-Edo","_links":{"self":[{"href":"https:\/\/lospoliticosveracruz.com.mx\/index.php?rest_route=\/wp\/v2\/posts\/154590","targetHints":{"allow":["GET"]}}],"collection":[{"href":"https:\/\/lospoliticosveracruz.com.mx\/index.php?rest_route=\/wp\/v2\/posts"}],"about":[{"href":"https:\/\/lospoliticosveracruz.com.mx\/index.php?rest_route=\/wp\/v2\/types\/post"}],"author":[{"embeddable":true,"href":"https:\/\/lospoliticosveracruz.com.mx\/index.php?rest_route=\/wp\/v2\/users\/2"}],"replies":[{"embeddable":true,"href":"https:\/\/lospoliticosveracruz.com.mx\/index.php?rest_route=%2Fwp%2Fv2%2Fcomments&post=154590"}],"version-history":[{"count":2,"href":"https:\/\/lospoliticosveracruz.com.mx\/index.php?rest_route=\/wp\/v2\/posts\/154590\/revisions"}],"predecessor-version":[{"id":154593,"href":"https:\/\/lospoliticosveracruz.com.mx\/index.php?rest_route=\/wp\/v2\/posts\/154590\/revisions\/154593"}],"wp:featuredmedia":[{"embeddable":true,"href":"https:\/\/lospoliticosveracruz.com.mx\/index.php?rest_route=\/wp\/v2\/media\/154591"}],"wp:attachment":[{"href":"https:\/\/lospoliticosveracruz.com.mx\/index.php?rest_route=%2Fwp%2Fv2%2Fmedia&parent=154590"}],"wp:term":[{"taxonomy":"category","embeddable":true,"href":"https:\/\/lospoliticosveracruz.com.mx\/index.php?rest_route=%2Fwp%2Fv2%2Fcategories&post=154590"},{"taxonomy":"post_tag","embeddable":true,"href":"https:\/\/lospoliticosveracruz.com.mx\/index.php?rest_route=%2Fwp%2Fv2%2Ftags&post=154590"}],"curies":[{"name":"wp","href":"https:\/\/api.w.org\/{rel}","templated":true}]}}