{"id":154608,"date":"2025-10-15T22:53:33","date_gmt":"2025-10-16T03:53:33","guid":{"rendered":"https:\/\/lospoliticosveracruz.com.mx\/?p=154608"},"modified":"2025-10-15T22:53:42","modified_gmt":"2025-10-16T03:53:42","slug":"mochada-verde-por-poza-rica","status":"publish","type":"post","link":"https:\/\/lospoliticosveracruz.com.mx\/?p=154608","title":{"rendered":"MOCHADA VERDE POR POZA RICA!"},"content":{"rendered":"\n<p>S\u00edguenos ahora tambi\u00e9n en WhatsApp.\u00a0\u00a1<a href=\"https:\/\/whatsapp.com\/channel\/0029Va8zRWlEKyZIP3Z1dF0e\"><strong>Da clic aqu\u00ed<\/strong><\/a><strong>!<\/strong><\/p>\n\n\n\n<p>En un gesto de unidad y profunda solidaridad, el <strong>Grupo Legislativo del PVEM<\/strong> se sum\u00f3 a la iniciativa de <strong>donar un mes de sueldo<\/strong> en apoyo a las familias afectadas por las inundaciones en el norte del estado.<\/p>\n\n\n\n<p>El <strong>diputado Carlos Marcelo Ruiz S\u00e1nchez<\/strong>, coordinador legislativo del <strong>PVEM<\/strong>, destac\u00f3 que esta acci\u00f3n representa el compromiso de las y los legisladores locales con el pueblo veracruzano.<\/p>\n\n\n\n\n\n<blockquote class=\"wp-block-quote is-layout-flow wp-block-quote-is-layout-flow\">\n<p>\u201cEn estos momentos lo m\u00e1s importante es la unidad y la suma de voluntades. Con este granito de arena contribuimos a llevar ayuda a quienes m\u00e1s lo necesitan\u201d, abund\u00f3.<\/p>\n<\/blockquote>\n\n\n\n<p><strong>Ruiz S\u00e1nchez<\/strong> reconoci\u00f3 el liderazgo del <strong>presidente de la Junta de Coordinaci\u00f3n Pol\u00edtica (Jucopo)<\/strong>, <strong>profesor Esteban Bautista Hern\u00e1ndez<\/strong>, por impulsar este acuerdo que permitir\u00e1 destinar recursos a las tareas de apoyo en municipios como <strong>Poza Rica<\/strong>, <strong>\u00c1lamo<\/strong> y <strong>Cazones de Herrera<\/strong>, entre otros.<\/p>\n\n\n\n<p>El acuerdo para la <strong>donaci\u00f3n de un mes de salario<\/strong> fue signado por las y los coordinadores de los grupos legislativos de <strong>Morena<\/strong>, <strong>PVEM<\/strong>, <strong>PAN<\/strong>, <strong>Mixto \u201cVeracruz Nos Une\u201d<\/strong>, <strong>PT<\/strong> y <strong>Movimiento Ciudadano<\/strong>, y se aprob\u00f3 por unanimidad durante la <strong>Sexta Sesi\u00f3n Ordinaria del Congreso del Estado<\/strong>.<\/p>\n\n\n\n<p>Los diputados locales del <strong>Partido Verde<\/strong> que se unieron a esta iniciativa son <strong>Estefan\u00eda Bastida Cuevas<\/strong>, <strong>Tania Mar\u00eda Cruz Mej\u00eda<\/strong>, <strong>Ang\u00e9lica Pe\u00f1a Mart\u00ednez<\/strong> y <strong>Urbano Bautista Mart\u00ednez<\/strong>.<\/p>\n","protected":false},"excerpt":{"rendered":"<p>En un gesto de unidad y profunda solidaridad, el Grupo Legislativo del PVEM se sum\u00f3 a la iniciativa de donar un mes de sueldo en apoyo a las familias afectadas por las inundaciones en el norte del estado. El diputado Carlos Marcelo Ruiz S\u00e1nchez, coordinador legislativo del PVEM, destac\u00f3 que esta acci\u00f3n representa el compromiso [&hellip;]<\/p>\n","protected":false},"author":2,"featured_media":154609,"comment_status":"closed","ping_status":"closed","sticky":false,"template":"","format":"standard","meta":{"_jetpack_newsletter_access":"","_jetpack_dont_email_post_to_subs":false,"_jetpack_newsletter_tier_id":0,"_jetpack_memberships_contains_paywalled_content":false,"_jetpack_memberships_contains_paid_content":false,"footnotes":""},"categories":[73],"tags":[17123,46670,18437,46585,43344],"class_list":["post-154608","post","type-post","status-publish","format-standard","has-post-thumbnail","hentry","category-de-boleto","tag-carlos-marcelo-ruiz-sanchez","tag-donacion-diputados-congreso-veracruz","tag-esteban-bautista-hernandez","tag-poza-rica-inundaciones","tag-pvem-veracruz"],"jetpack_featured_media_url":"https:\/\/lospoliticosveracruz.com.mx\/wp-content\/uploads\/2025\/10\/Diputados-del-PVEM-.jpeg","jetpack_sharing_enabled":true,"jetpack_shortlink":"https:\/\/wp.me\/p4Qcd3-EdG","_links":{"self":[{"href":"https:\/\/lospoliticosveracruz.com.mx\/index.php?rest_route=\/wp\/v2\/posts\/154608","targetHints":{"allow":["GET"]}}],"collection":[{"href":"https:\/\/lospoliticosveracruz.com.mx\/index.php?rest_route=\/wp\/v2\/posts"}],"about":[{"href":"https:\/\/lospoliticosveracruz.com.mx\/index.php?rest_route=\/wp\/v2\/types\/post"}],"author":[{"embeddable":true,"href":"https:\/\/lospoliticosveracruz.com.mx\/index.php?rest_route=\/wp\/v2\/users\/2"}],"replies":[{"embeddable":true,"href":"https:\/\/lospoliticosveracruz.com.mx\/index.php?rest_route=%2Fwp%2Fv2%2Fcomments&post=154608"}],"version-history":[{"count":1,"href":"https:\/\/lospoliticosveracruz.com.mx\/index.php?rest_route=\/wp\/v2\/posts\/154608\/revisions"}],"predecessor-version":[{"id":154610,"href":"https:\/\/lospoliticosveracruz.com.mx\/index.php?rest_route=\/wp\/v2\/posts\/154608\/revisions\/154610"}],"wp:featuredmedia":[{"embeddable":true,"href":"https:\/\/lospoliticosveracruz.com.mx\/index.php?rest_route=\/wp\/v2\/media\/154609"}],"wp:attachment":[{"href":"https:\/\/lospoliticosveracruz.com.mx\/index.php?rest_route=%2Fwp%2Fv2%2Fmedia&parent=154608"}],"wp:term":[{"taxonomy":"category","embeddable":true,"href":"https:\/\/lospoliticosveracruz.com.mx\/index.php?rest_route=%2Fwp%2Fv2%2Fcategories&post=154608"},{"taxonomy":"post_tag","embeddable":true,"href":"https:\/\/lospoliticosveracruz.com.mx\/index.php?rest_route=%2Fwp%2Fv2%2Ftags&post=154608"}],"curies":[{"name":"wp","href":"https:\/\/api.w.org\/{rel}","templated":true}]}}