{"id":154629,"date":"2025-10-16T08:13:17","date_gmt":"2025-10-16T13:13:17","guid":{"rendered":"https:\/\/lospoliticosveracruz.com.mx\/?p=154629"},"modified":"2025-10-16T08:13:57","modified_gmt":"2025-10-16T13:13:57","slug":"y-donde-quedaron-los-representantes-populares","status":"publish","type":"post","link":"https:\/\/lospoliticosveracruz.com.mx\/?p=154629","title":{"rendered":"\u00bfY D\u00d3NDE QUEDARON LOS REPRESENTANTES POPULARES?"},"content":{"rendered":"\n<p><strong>Yamiri Rodr\u00edguez Madrid<\/strong><\/p>\n\n\n\n<p><em>La vuelta a Veracruz en un&nbsp;teclazo<\/em><\/p>\n\n\n\n<p>Si la reciente tragedia que azot\u00f3 el norte veracruzano se hubiese dado en a\u00f1o electoral, tendr\u00edamos a por lo menos un centenar de \u201cqueda bien\u201d con el lodo hasta&nbsp;las rodillas, sosteniendo manos&nbsp;de viejitos, cargando despensas y rescatando perros y gatos, con tal de que la gente votara por ellos y los viera cercanos, humanos;&nbsp;pero no, la gran mayor\u00eda de los&nbsp;representantes populares&nbsp;y los servidores p\u00fablicos brillan por su ausencia.<\/p>\n\n\n\n\n\n<p>\u00bfHa visto a usted al senador que gan\u00f3 como primera minor\u00eda panista, Miguel \u00c1ngel Yunes M\u00e1rquez ayudando en algo en \u00c1lamo?&nbsp;La senadora Raquel Bonilla, sin hacer olas, se meti\u00f3 desde el 10 de octubre a Poza Rica intentando ayudar con faenas.<\/p>\n\n\n\n<p>Pero tenemos una veintena de diputados federales veracruzanos que est\u00e1n muy c\u00f3modos, en traje, con aire acondicionado, en San L\u00e1zaro y no solo no han dicho voy a donar al menos una cuarta parte de mi sueldo, sino que ni un pie han puesto ah\u00ed. Creen que con pedir cooperaci\u00f3n para los centros de acopio es suficiente. Eso es hacer caravana con sombrero ajeno.&nbsp;&nbsp;<\/p>\n\n\n\n<p>Si los representantes populares&nbsp;federales, los que ganaron a trav\u00e9s del voto, donaran ya por lo menos una parte de su sueldo y se fueran a comprar en bola aguas, art\u00edculos de primera necesidad, mandar\u00edan buena ayuda, pero hasta en eso son indiferentes. Hay&nbsp;cero empat\u00eda&nbsp;cuando, insisto, son representantes populares, los que se ponen en los zapatos del pr\u00f3jimo.&nbsp;Al menos los diputados locales, de todos los partidos, s\u00ed han ido a tierra y dar\u00e1n un mes completo de su sueldo para los damnificados.<\/p>\n\n\n\n<p>Otra que da pena ajena es&nbsp;la presidenta municipal electa de Poza Rica,&nbsp;Adanely&nbsp;Rodr\u00edguez,&nbsp;quien&nbsp;con la sensibilidad de un elefante, se puso a repartir despensas con su nombre y logo; como si la tragedia tuviera colores partidistas y hasta fotos de ella circularon con guantes, no vaya a ser que le pegue un hongo la gente que lleva d\u00edas entre agua y lodo.<\/p>\n\n\n\n<p>El&nbsp;\u201cPulpo\u201d&nbsp;Remes, actual edil de esa ciudad petrolera,&nbsp;se ha llevado una tunda medi\u00e1tica y social por su falta de oficio pol\u00edtico; en t\u00e9rminos de beisbol que es lo entiende, se va a ir ponchado y a la banca al terminar su administraci\u00f3n, por insensible y burdo; desde reconocer con tremenda cachaza que no hizo una obra que le correspond\u00eda y, peor a\u00fan, que iba a cerrar los accesos al municipio. \u00a1Tremendo genio de la pol\u00edtica!<\/p>\n\n\n\n<p>\u00bfY los delegados federales? Son como 50 y solo dos o tres andan en campo. Creen que con compartir en sus redes sociales lo que la&nbsp;Presidenta&nbsp;y la&nbsp;Gobernadora hacen es m\u00e1s que suficiente. &nbsp;Salvo Juan Javier G\u00f3mez&nbsp;Cazar\u00edn&nbsp;y el delegado de la SCIT,&nbsp;Luis Antonio Posada,&nbsp;el resto vaya usted a saber qu\u00e9 han hecho en casi una semana que lleva una tragedia.<\/p>\n\n\n\n<p>No hay que darle muchas vueltas al tema; con entender el sentido amplio de la palabra funcionario y servidor, podr\u00edan poner manos a la obra: est\u00e1n para funcionar, para servir a la gente. Con tenis blancos impecables y&nbsp;likes, no le dan respuesta a la gente.&nbsp;<\/p>\n\n\n\n<p>Si todos los servidores p\u00fablicos y representantes populares se fueran unos d\u00edas a la zona de desastre a palear lodo, a lavar calles y escuelas, a ayudar a la gente a sacar basura, ser\u00eda un ej\u00e9rcito de manos solidarias, pero en lugar de eso, la mayor\u00eda prefiere ver para otro lado. &nbsp;Ya los ver\u00e1 en 2027 pidi\u00e9ndoles el voto.<\/p>\n\n\n\n<p>@YamiriRodriguez<\/p>\n","protected":false},"excerpt":{"rendered":"<p>Yamiri Rodr\u00edguez Madrid La vuelta a Veracruz en un&nbsp;teclazo Si la reciente tragedia que azot\u00f3 el norte veracruzano se hubiese dado en a\u00f1o electoral, tendr\u00edamos a por lo menos un centenar de \u201cqueda bien\u201d con el lodo hasta&nbsp;las rodillas, sosteniendo manos&nbsp;de viejitos, cargando despensas y rescatando perros y gatos, con tal de que la gente [&hellip;]<\/p>\n","protected":false},"author":2,"featured_media":141413,"comment_status":"closed","ping_status":"closed","sticky":false,"template":"","format":"standard","meta":{"_jetpack_newsletter_access":"","_jetpack_dont_email_post_to_subs":false,"_jetpack_newsletter_tier_id":0,"_jetpack_memberships_contains_paywalled_content":false,"_jetpack_memberships_contains_paid_content":false,"footnotes":""},"categories":[70],"tags":[1026,3578,3270,195],"class_list":["post-154629","post","type-post","status-publish","format-standard","has-post-thumbnail","hentry","category-de-opinion","tag-morena","tag-rocio-nahle","tag-san-lazaro","tag-veracruz"],"jetpack_featured_media_url":"https:\/\/lospoliticosveracruz.com.mx\/wp-content\/uploads\/2025\/04\/Yamiri-Rodriguez-Madrid.jpg","jetpack_sharing_enabled":true,"jetpack_shortlink":"https:\/\/wp.me\/p4Qcd3-Ee1","_links":{"self":[{"href":"https:\/\/lospoliticosveracruz.com.mx\/index.php?rest_route=\/wp\/v2\/posts\/154629","targetHints":{"allow":["GET"]}}],"collection":[{"href":"https:\/\/lospoliticosveracruz.com.mx\/index.php?rest_route=\/wp\/v2\/posts"}],"about":[{"href":"https:\/\/lospoliticosveracruz.com.mx\/index.php?rest_route=\/wp\/v2\/types\/post"}],"author":[{"embeddable":true,"href":"https:\/\/lospoliticosveracruz.com.mx\/index.php?rest_route=\/wp\/v2\/users\/2"}],"replies":[{"embeddable":true,"href":"https:\/\/lospoliticosveracruz.com.mx\/index.php?rest_route=%2Fwp%2Fv2%2Fcomments&post=154629"}],"version-history":[{"count":2,"href":"https:\/\/lospoliticosveracruz.com.mx\/index.php?rest_route=\/wp\/v2\/posts\/154629\/revisions"}],"predecessor-version":[{"id":154631,"href":"https:\/\/lospoliticosveracruz.com.mx\/index.php?rest_route=\/wp\/v2\/posts\/154629\/revisions\/154631"}],"wp:featuredmedia":[{"embeddable":true,"href":"https:\/\/lospoliticosveracruz.com.mx\/index.php?rest_route=\/wp\/v2\/media\/141413"}],"wp:attachment":[{"href":"https:\/\/lospoliticosveracruz.com.mx\/index.php?rest_route=%2Fwp%2Fv2%2Fmedia&parent=154629"}],"wp:term":[{"taxonomy":"category","embeddable":true,"href":"https:\/\/lospoliticosveracruz.com.mx\/index.php?rest_route=%2Fwp%2Fv2%2Fcategories&post=154629"},{"taxonomy":"post_tag","embeddable":true,"href":"https:\/\/lospoliticosveracruz.com.mx\/index.php?rest_route=%2Fwp%2Fv2%2Ftags&post=154629"}],"curies":[{"name":"wp","href":"https:\/\/api.w.org\/{rel}","templated":true}]}}