{"id":154640,"date":"2025-10-16T09:09:14","date_gmt":"2025-10-16T14:09:14","guid":{"rendered":"https:\/\/lospoliticosveracruz.com.mx\/?p=154640"},"modified":"2025-10-16T09:09:39","modified_gmt":"2025-10-16T14:09:39","slug":"de-que-se-rie-la-tia","status":"publish","type":"post","link":"https:\/\/lospoliticosveracruz.com.mx\/?p=154640","title":{"rendered":"DE QU\u00c9 SE R\u00cdE LA T\u00cdA\u2026"},"content":{"rendered":"\n<p>S\u00edguenos ahora tambi\u00e9n en WhatsApp.\u00a0\u00a1<a href=\"https:\/\/whatsapp.com\/channel\/0029Va8zRWlEKyZIP3Z1dF0e\"><strong>Da clic aqu\u00ed<\/strong><\/a><strong>!<\/strong><\/p>\n\n\n\n<p><strong>Oved Contreras<\/strong><br><em>Secas Mecas<\/em><\/p>\n\n\n\n<p>Cuando <strong>Carolina Ocampo<\/strong> le pregunta sobre el <strong>seguro de da\u00f1os catastr\u00f3ficos<\/strong> que no renov\u00f3 su gobierno, la <strong>gobernadora Roc\u00edo Nahle<\/strong> respondi\u00f3 con una carcajada, primero ignora y se va de largo, pero la reportera insiste, y ella aclara de mala gana: \u201cEsto no es cuesti\u00f3n de dinero, \u00e9se no es el problema\u201d\u2026 se hizo viral porque mostr\u00f3 a una mandataria soberbia, fuera de s\u00ed frente al desastre natural que azot\u00f3 el norte de <strong>Veracruz<\/strong>. La <strong>presidenta Claudia Sheinbaum<\/strong> visit\u00f3 por la tarde el municipio de <strong>El Higo<\/strong>, anuncia apoyos inmediatos y fue aplaudida por los damnificados por las lluvias\u2026 lo notorio es que no estuvo la t\u00eda Ch\u00edo que as\u00ed cerr\u00f3 un mi\u00e9rcoles negro por sus malas formas para comunicar.<\/p>\n\n\n\n\n\n<p>La periodista <strong>Carolina Ocampo<\/strong> de <strong>Telever<\/strong> le hizo la pregunta y la risotada de Do\u00f1a Zacatecas qued\u00f3 en video, como burl\u00e1ndose de la reportera y del asunto. Pero la Ocampo, micr\u00f3fono en mano, no se le raj\u00f3 y le insisti\u00f3 como debe de ser\u2026 y qued\u00f3 para la posteridad otra declaraci\u00f3n desafortunada de la gobernadora con carcajada sard\u00f3nica incluida, o sea, con esa risa chinga-quedito. <em>Pasu mechitasaa\u2026 anda reencabritada la T\u00eda Berriches\u2026 est\u00e1 que m\u00edrame y no me toques\u2026 o m\u00edrame y no me preguntes\u2026 juar juar.<\/em><\/p>\n\n\n\n<p>Primero con desd\u00e9n y luego de forma autoritaria, alz\u00f3 la voz a la periodista veracruzana frente a representantes de las <strong>Fuerzas Armadas<\/strong>.<br>\u2014Sobre la renovaci\u00f3n del seguro catastr\u00f3fico, \u00bfqu\u00e9 nos puede decir? \u2014pregunt\u00f3 la periodista.<br>\u2014Jajajaja \u2014fue la respuesta de la gobernadora, que la ignor\u00f3 y sigui\u00f3 de largo. <strong>Carolina Ocampo<\/strong> insisti\u00f3 y la risa se volvi\u00f3 furia.<\/p>\n\n\n\n<p>\u2014Quiero decirles algo, \u00bfeh? Esto no es cuesti\u00f3n de dinero, \u00e9se no es el problema\u2014, respondi\u00f3 <strong>Nahle<\/strong> y se fue. El momento fue grabado y comenz\u00f3 a viralizarse en redes sociales, donde usuarios critican su reacci\u00f3n y exigen claridad sobre si el estado cuenta o no con dicho seguro.<\/p>\n\n\n\n<p>M\u00e1s tarde apareci\u00f3 una segunda entrevista con la misma televisora, donde la gobernadora, aparentemente m\u00e1s calmada, explic\u00f3 que a diferencia de a\u00f1os anteriores, cuando se contrataba un seguro que resultaba insuficiente, actualmente <strong>Veracruz<\/strong> cuenta con el <strong>Fideicomiso de Protecci\u00f3n Civil<\/strong> para la atenci\u00f3n de desastres, que garantiza recursos inmediatos para atender cualquier eventualidad derivada de fen\u00f3menos naturales.<\/p>\n\n\n\n<p>\u201cNo es un tema de dinero. Tenemos todos los recursos disponibles para apoyar a nuestra gente en <strong>Poza Rica<\/strong>, <strong>\u00c1lamo<\/strong> y en todas las comunidades afectadas\u201d, y reiter\u00f3 que desde el inicio de la contingencia se han desplegado acciones coordinadas con autoridades federales, <strong>Fuerzas Armadas<\/strong>, personal de <strong>Protecci\u00f3n Civil<\/strong> y voluntarios.<\/p>\n\n\n\n<p>Hasta este mi\u00e9rcoles, precis\u00f3 que se han establecido puentes a\u00e9reos con 13 helic\u00f3pteros operando diariamente, entregando alimentos, agua, colchonetas y atenci\u00f3n m\u00e9dica en las zonas m\u00e1s afectadas. Adem\u00e1s, se ha movilizado maquinaria y equipos especiales, incluyendo bombas de lodo proporcionadas por <strong>Pemex<\/strong>, as\u00ed como equipo especializado de <strong>Conagua<\/strong> y de la <strong>Ciudad de M\u00e9xico<\/strong>, para acelerar la limpieza y recuperaci\u00f3n de calles y viviendas.<\/p>\n\n\n\n<p><strong>LE HACEN FUCHI\u2026<\/strong> resulta y resalta que la presidenta con \u201cA\u201d vino ayer nuevamente a <strong>Veracruz<\/strong> y estuvo en <strong>El Higo<\/strong>, uno de los municipios m\u00e1s afectados por las inundaciones en el norte del estado. La mandataria recorri\u00f3 la zona para supervisar apoyos mientras contin\u00faan 18 comunidades incomunicadas en el municipio.<\/p>\n\n\n\n<p>Pero lo que m\u00e1s llam\u00f3 la atenci\u00f3n fue que en el material que subi\u00f3 a sus redes la propia presidenta <strong>Sheinbaum<\/strong>, no aparece por ning\u00fan lado la gobernadora <strong>Roc\u00edo Nahle<\/strong>, y dice el librito que la forma es fondo\u2026 la ausencia de la t\u00eda Ch\u00edo en la gira presidencial ocurre luego de que el pasado domingo, <strong>Claudia Sheinbaum<\/strong> fue confrontada por damnificados en <strong>Poza Rica<\/strong>, donde algunas personas exigieron buscar a las personas desaparecidas y otras denunciaron que la entrega de apoyos de parte de la gobernadora no ha sido pareja.<\/p>\n\n\n\n<p>El momento se hizo viral debido a que <strong>Claudia Sheinbaum<\/strong> pidi\u00f3 en reiteradas ocasiones que los inconformes guardaran silencio y ah\u00ed mismo asegur\u00f3 que no se ocultar\u00eda nada. A diferencia de ese encuentro crispado, ahora la presidenta tuvo una reuni\u00f3n menos tensa con los afectados de <strong>El Higo<\/strong>, a quienes inform\u00f3 que supervis\u00f3 los trabajos de limpieza y las labores de censo para entregar apoyos a la poblaci\u00f3n damnificada.<\/p>\n\n\n\n<p><strong>Sheinbaum<\/strong> prometi\u00f3 ampliar los apoyos federales y anunci\u00f3 obras de infraestructura para la regi\u00f3n: \u201cVa a venir todo lo que tiene que ver con infraestructura, agua potable, drenaje y todo lo necesario para que puedan, no s\u00f3lo regresar a la situaci\u00f3n en la que viv\u00edan sino mejor todav\u00eda\u201d, expres\u00f3 la mandataria.<\/p>\n\n\n\n<p>La mandataria nacional confirm\u00f3 que inmediatamente despu\u00e9s de que concluya el censo de afectados se entregar\u00e1 un primer apoyo para que las familias atiendan lo b\u00e1sico y posteriormente vendr\u00e1 un segundo apoyo econ\u00f3mico para que puedan adquirir los enseres dom\u00e9sticos que perdieron con la inundaci\u00f3n. Le fue tan bien a la presidenta que esta vez los lugare\u00f1os le aplaudieron y la vitorearon\u2026 fue una segunda visita m\u00e1s cordial sin la presencia de <strong>Roc\u00edo Nahle<\/strong>.<\/p>\n\n\n\n<p><strong>LE ENTRA AL QUITE\u2026<\/strong> el presidente de la <strong>Junta de Coordinaci\u00f3n Pol\u00edtica (Jucopo)<\/strong> del <strong>Congreso local<\/strong>, <strong>Tebi Bautista<\/strong>, no le sac\u00f3 la vuelta para sumarse a las acciones de apoyo a las zonas afectadas por las inundaciones en el norte del estado. Primero encabez\u00f3 la delegaci\u00f3n legislativa que se traslad\u00f3 a la zona afectada para entregar 25 toneladas de ayuda humanitaria en los municipios de <strong>Poza Rica<\/strong>, <strong>Cazones de Herrera<\/strong> y <strong>\u00c1lamo<\/strong>. El legislador morenista reiter\u00f3 la invitaci\u00f3n a seguir realizando todas las aportaciones posibles en los centros de acopio, como el instalado en el <strong>Palacio Legislativo<\/strong>.<\/p>\n\n\n\n<p>Como segunda acci\u00f3n concreta, <strong>Tebi Bautista<\/strong> anunci\u00f3 junto con los coordinadores de los Grupos Legislativos de <strong>Morena<\/strong>, <strong>Verde Ecologista de M\u00e9xico<\/strong> y <strong>Acci\u00f3n Nacional<\/strong>, el <strong>Acuerdo para donar un mes de salario<\/strong> de cada diputada o diputado, en un acto de unidad y solidaridad con las personas afectadas por las inundaciones registradas en el norte de <strong>Veracruz<\/strong>.<\/p>\n\n\n\n<p>Sin reflectores, sin poses, sin discurso, <strong>Tebi Bautista<\/strong> lleg\u00f3 a la zona afectada con pala, escoba y brazos dispuestos a ayudar. Lo vieron limpiar calles, sacar escombros, repartir despensas de verdad y hasta comer un taco con las manos sucias, porque cuando uno ayuda, no hay tiempo para fingir. <strong>Bautista<\/strong> no viene de apellido con abolengo ni de fortunas de herencia; viene del pueblo, de la sierra, de la tierra, del trabajo. Maestro ind\u00edgena, biling\u00fce, de los que no necesitan traductor para hablarle al coraz\u00f3n de la gente.<\/p>\n\n\n\n<p>Algo tendr\u00e1n que hacer las autoridades en <strong>Poza Rica<\/strong>, donde algunos negocios empezaron a duplicar y hasta triplicar el costo de las cosas, lo que har\u00e1 m\u00e1s dif\u00edcil la situaci\u00f3n para las familias que perdieron todo con la inundaci\u00f3n y apenas tienen para ir al d\u00eda. Tendr\u00e1 que pararlos en seco la <strong>PROFECO<\/strong>, porque no se vale que quieran hacer su agosto en plena tragedia. <strong>Poza Rica<\/strong> necesita de todos para levantarse, y estos comerciantes que solo piensan en ellos no aportan nada a la solidaridad que exige una tragedia como la que vivieron con el violento desbordamiento del <strong>r\u00edo Cazones<\/strong>.<\/p>\n","protected":false},"excerpt":{"rendered":"<p>Oved ContrerasSecas Mecas Cuando Carolina Ocampo le pregunta sobre el seguro de da\u00f1os catastr\u00f3ficos que no renov\u00f3 su gobierno, la gobernadora Roc\u00edo Nahle respondi\u00f3 con una carcajada, primero ignora y se va de largo, pero la reportera insiste, y ella aclara de mala gana: \u201cEsto no es cuesti\u00f3n de dinero, \u00e9se no es el problema\u201d\u2026 [&hellip;]<\/p>\n","protected":false},"author":2,"featured_media":141426,"comment_status":"closed","ping_status":"closed","sticky":false,"template":"","format":"standard","meta":{"_jetpack_newsletter_access":"","_jetpack_dont_email_post_to_subs":false,"_jetpack_newsletter_tier_id":0,"_jetpack_memberships_contains_paywalled_content":false,"_jetpack_memberships_contains_paid_content":false,"footnotes":""},"categories":[70],"tags":[46680,46679,46682,44353,46681],"class_list":["post-154640","post","type-post","status-publish","format-standard","has-post-thumbnail","hentry","category-de-opinion","tag-carolina-ocampo-telever","tag-claudia-sheinbaum-el-higo","tag-inundaciones-poza-rica-2","tag-rocio-nahle-veracruz","tag-tebi-bautista-congreso-veracruz"],"jetpack_featured_media_url":"https:\/\/lospoliticosveracruz.com.mx\/wp-content\/uploads\/2025\/04\/Oved-Contreras.jpg","jetpack_sharing_enabled":true,"jetpack_shortlink":"https:\/\/wp.me\/p4Qcd3-Eec","_links":{"self":[{"href":"https:\/\/lospoliticosveracruz.com.mx\/index.php?rest_route=\/wp\/v2\/posts\/154640","targetHints":{"allow":["GET"]}}],"collection":[{"href":"https:\/\/lospoliticosveracruz.com.mx\/index.php?rest_route=\/wp\/v2\/posts"}],"about":[{"href":"https:\/\/lospoliticosveracruz.com.mx\/index.php?rest_route=\/wp\/v2\/types\/post"}],"author":[{"embeddable":true,"href":"https:\/\/lospoliticosveracruz.com.mx\/index.php?rest_route=\/wp\/v2\/users\/2"}],"replies":[{"embeddable":true,"href":"https:\/\/lospoliticosveracruz.com.mx\/index.php?rest_route=%2Fwp%2Fv2%2Fcomments&post=154640"}],"version-history":[{"count":1,"href":"https:\/\/lospoliticosveracruz.com.mx\/index.php?rest_route=\/wp\/v2\/posts\/154640\/revisions"}],"predecessor-version":[{"id":154641,"href":"https:\/\/lospoliticosveracruz.com.mx\/index.php?rest_route=\/wp\/v2\/posts\/154640\/revisions\/154641"}],"wp:featuredmedia":[{"embeddable":true,"href":"https:\/\/lospoliticosveracruz.com.mx\/index.php?rest_route=\/wp\/v2\/media\/141426"}],"wp:attachment":[{"href":"https:\/\/lospoliticosveracruz.com.mx\/index.php?rest_route=%2Fwp%2Fv2%2Fmedia&parent=154640"}],"wp:term":[{"taxonomy":"category","embeddable":true,"href":"https:\/\/lospoliticosveracruz.com.mx\/index.php?rest_route=%2Fwp%2Fv2%2Fcategories&post=154640"},{"taxonomy":"post_tag","embeddable":true,"href":"https:\/\/lospoliticosveracruz.com.mx\/index.php?rest_route=%2Fwp%2Fv2%2Ftags&post=154640"}],"curies":[{"name":"wp","href":"https:\/\/api.w.org\/{rel}","templated":true}]}}