{"id":154646,"date":"2025-10-16T09:24:15","date_gmt":"2025-10-16T14:24:15","guid":{"rendered":"https:\/\/lospoliticosveracruz.com.mx\/?p=154646"},"modified":"2025-10-16T09:24:42","modified_gmt":"2025-10-16T14:24:42","slug":"lluvias-y-abandono-receta-para-la-tragedia","status":"publish","type":"post","link":"https:\/\/lospoliticosveracruz.com.mx\/?p=154646","title":{"rendered":"LLUVIAS Y ABANDONO: RECETA PARA LA TRAGEDIA"},"content":{"rendered":"\n<p>S\u00edguenos ahora tambi\u00e9n en WhatsApp.\u00a0\u00a1<a href=\"https:\/\/whatsapp.com\/channel\/0029Va8zRWlEKyZIP3Z1dF0e\"><strong>Da clic aqu\u00ed<\/strong><\/a><strong>!<\/strong><\/p>\n\n\n\n<p><strong>Agust\u00edn Torres Delgado<\/strong>*<br><em>Pa\u2019 vivir a gusto<\/em><\/p>\n\n\n\n<p>Las im\u00e1genes de <strong>Poza Rica<\/strong>, <strong>\u00c1lamo<\/strong> y <strong>Tuxpan<\/strong> bajo las aguas del <strong>r\u00edo Cazones<\/strong> no deber\u00edan sorprendernos. Como tampoco deber\u00eda extra\u00f1arnos que las autoridades minimicen la tragedia mientras las familias veracruzanas pierden todo lo construido en a\u00f1os de trabajo. Lo inadmisible es que gobiernos como el de <strong>Roc\u00edo Nahle<\/strong> hayan dejado a sus estados sin protecci\u00f3n al no renovar las p\u00f3lizas de seguro contra desastres naturales.<\/p>\n\n\n\n\n\n<p><strong>64 personas<\/strong> han muerto y otras <strong>65 siguen desaparecidas<\/strong> tras las inundaciones en <strong>Veracruz<\/strong>, <strong>Hidalgo<\/strong>, <strong>Puebla<\/strong>, <strong>San Luis Potos\u00ed<\/strong> y <strong>Quer\u00e9taro<\/strong>. Detr\u00e1s de estas cifras se esconde una negligencia doble: por un lado, la tradicional falta de obras preventivas; por otro, la eliminaci\u00f3n deliberada de mecanismos de respuesta. <strong>Veracruz<\/strong> lleva, desde junio, sin cobertura de seguros catastr\u00f3ficos despu\u00e9s de que <strong>Nahle<\/strong> decidiera no renovar el contrato con <strong>Seguros BX+<\/strong>. En <strong>Hidalgo<\/strong>, <strong>Julio Menchaca<\/strong> hizo lo mismo con <strong>Seguros Afirme<\/strong>, apostando por \u201cfondos propios\u201d que resultan claramente insuficientes. Para este tipo de tragedias exist\u00eda el <strong>FONDEN<\/strong>, que <strong>Morena<\/strong> se empe\u00f1\u00f3 en desaparecer en 2021; <strong>Movimiento Ciudadano<\/strong> se opuso a su eliminaci\u00f3n.<\/p>\n\n\n\n<p>Tenemos uno de los mejores sistemas de alerta temprana del mundo: el <strong>SIAT-VER veracruzano<\/strong>, operando desde 2011, fue pionero en su tipo. La <strong>CONAGUA<\/strong> lanz\u00f3 alertas desde el 9 de octubre. Sin embargo, toda esta capacidad t\u00e9cnica se estrella contra la realidad: seguimos siendo especialistas en reaccionar, no en prevenir.<\/p>\n\n\n\n<p>Las cifras hablan por s\u00ed solas. Entre 2015 y 2019, de cada 100 pesos destinados a \u201cgestionar desastres\u201d, 99 se usaron para atender emergencias y solo 1 para reducir riesgos antes de que ocurrieran. En cuanto a p\u00e9rdidas, no existe una cifra \u201cfija\u201d anual: cambian seg\u00fan la temporada. Para dimensionar, en 2023 los ciclones tropicales dejaron <strong>85,866.5 millones de pesos en da\u00f1os<\/strong>, de acuerdo con <strong>CENACENAPRED<\/strong>.<\/p>\n\n\n\n<p>En <strong>Movimiento Ciudadano<\/strong> respondimos desde el primer momento con responsabilidad institucional. Nuestra <strong>Bancada Naranja<\/strong> present\u00f3 en la <strong>C\u00e1mara de Diputados<\/strong> un punto de acuerdo urgente para declarar desastre natural en 139 municipios y fortalecer las acciones de protecci\u00f3n civil. Paralelamente, pusimos en marcha centros de acopio en varios estados y organizamos la entrega directa de v\u00edveres en las zonas m\u00e1s damnificadas.<\/p>\n\n\n\n<p>Politizar la tragedia ser\u00eda ruin, pero no por ello dejaremos de se\u00f1alar lo que no se ha hecho. Tampoco dejaremos de pedir una investigaci\u00f3n despu\u00e9s de que el <strong>alcalde de Poza Rica<\/strong>, <strong>Fernando Luis Remes Garza<\/strong>, declarara que el muro que se iba a construir para uno de los brazos del r\u00edo no se realiz\u00f3. La obra, que cost\u00f3 <strong>14 millones de pesos<\/strong>, solo tuvo un avance del <strong>10%<\/strong>. \u00bfPor qu\u00e9 no se termin\u00f3 la obra? \u00bfD\u00f3nde est\u00e1 el recurso? \u00bfQui\u00e9n es responsable? Estas son las principales dudas de nosotros y de todas y todos los veracruzanos.<\/p>\n\n\n\n<p>En conclusi\u00f3n, esta terrible tragedia evidencia algo fundamental: necesitamos infraestructura preventiva real. Sistemas de drenaje profundo que funcionen a escala regional, presas dise\u00f1adas para controlar crecidas de agua, canalizaciones que respondan a criterios t\u00e9cnicos serios; as\u00ed como un plan de acci\u00f3n para la atenci\u00f3n de las personas posterior a un desastre natural.<\/p>\n\n\n\n<p>Hoy, 8 de cada 10 viviendas ubicadas en zonas de riesgo carecen de seguro, no por desidia de las familias, sino porque la planeaci\u00f3n urbana permiti\u00f3 y toler\u00f3 asentamientos en lugares vulnerables, sin ofrecer alternativas viables ni garant\u00edas m\u00ednimas de protecci\u00f3n. <strong>Veracruz<\/strong>, por ejemplo, cuenta con mapas de riesgo desde hace m\u00e1s de una d\u00e9cada, por lo que no nos explicamos c\u00f3mo se siguen permitiendo los asentamientos urbanos sin control. Es ah\u00ed donde se revela el verdadero compromiso gubernamental: no en las promesas sino en las obras que resguardan lo irremplazable, la vida y el patrimonio de las personas frente a la pr\u00f3xima temporada de lluvias.<\/p>\n\n\n\n<p><strong>Agust\u00edn Torres Delgado<\/strong><br><em>Secretario Nacional de Acuerdos \u2014 Movimiento Ciudadano<\/em><\/p>\n","protected":false},"excerpt":{"rendered":"<p>Agust\u00edn Torres Delgado*Pa\u2019 vivir a gusto Las im\u00e1genes de Poza Rica, \u00c1lamo y Tuxpan bajo las aguas del r\u00edo Cazones no deber\u00edan sorprendernos. Como tampoco deber\u00eda extra\u00f1arnos que las autoridades minimicen la tragedia mientras las familias veracruzanas pierden todo lo construido en a\u00f1os de trabajo. Lo inadmisible es que gobiernos como el de Roc\u00edo Nahle [&hellip;]<\/p>\n","protected":false},"author":2,"featured_media":151473,"comment_status":"closed","ping_status":"closed","sticky":false,"template":"","format":"standard","meta":{"_jetpack_newsletter_access":"","_jetpack_dont_email_post_to_subs":false,"_jetpack_newsletter_tier_id":0,"_jetpack_memberships_contains_paywalled_content":false,"_jetpack_memberships_contains_paid_content":false,"footnotes":""},"categories":[70],"tags":[2327,46585,44353],"class_list":["post-154646","post","type-post","status-publish","format-standard","has-post-thumbnail","hentry","category-de-opinion","tag-movimiento-ciudadano","tag-poza-rica-inundaciones","tag-rocio-nahle-veracruz"],"jetpack_featured_media_url":"https:\/\/lospoliticosveracruz.com.mx\/wp-content\/uploads\/2025\/08\/Agustin-Torres-Delgado.jpg","jetpack_sharing_enabled":true,"jetpack_shortlink":"https:\/\/wp.me\/p4Qcd3-Eei","_links":{"self":[{"href":"https:\/\/lospoliticosveracruz.com.mx\/index.php?rest_route=\/wp\/v2\/posts\/154646","targetHints":{"allow":["GET"]}}],"collection":[{"href":"https:\/\/lospoliticosveracruz.com.mx\/index.php?rest_route=\/wp\/v2\/posts"}],"about":[{"href":"https:\/\/lospoliticosveracruz.com.mx\/index.php?rest_route=\/wp\/v2\/types\/post"}],"author":[{"embeddable":true,"href":"https:\/\/lospoliticosveracruz.com.mx\/index.php?rest_route=\/wp\/v2\/users\/2"}],"replies":[{"embeddable":true,"href":"https:\/\/lospoliticosveracruz.com.mx\/index.php?rest_route=%2Fwp%2Fv2%2Fcomments&post=154646"}],"version-history":[{"count":2,"href":"https:\/\/lospoliticosveracruz.com.mx\/index.php?rest_route=\/wp\/v2\/posts\/154646\/revisions"}],"predecessor-version":[{"id":154648,"href":"https:\/\/lospoliticosveracruz.com.mx\/index.php?rest_route=\/wp\/v2\/posts\/154646\/revisions\/154648"}],"wp:featuredmedia":[{"embeddable":true,"href":"https:\/\/lospoliticosveracruz.com.mx\/index.php?rest_route=\/wp\/v2\/media\/151473"}],"wp:attachment":[{"href":"https:\/\/lospoliticosveracruz.com.mx\/index.php?rest_route=%2Fwp%2Fv2%2Fmedia&parent=154646"}],"wp:term":[{"taxonomy":"category","embeddable":true,"href":"https:\/\/lospoliticosveracruz.com.mx\/index.php?rest_route=%2Fwp%2Fv2%2Fcategories&post=154646"},{"taxonomy":"post_tag","embeddable":true,"href":"https:\/\/lospoliticosveracruz.com.mx\/index.php?rest_route=%2Fwp%2Fv2%2Ftags&post=154646"}],"curies":[{"name":"wp","href":"https:\/\/api.w.org\/{rel}","templated":true}]}}