{"id":15466,"date":"2015-03-24T21:46:04","date_gmt":"2015-03-25T03:46:04","guid":{"rendered":"http:\/\/www.lospoliticosveracruz.com.mx\/?p=15466"},"modified":"2015-03-24T21:46:04","modified_gmt":"2015-03-25T03:46:04","slug":"los-protegidos-del-pri","status":"publish","type":"post","link":"https:\/\/lospoliticosveracruz.com.mx\/?p=15466","title":{"rendered":"Los protegidos del PRI"},"content":{"rendered":"<p><a href=\"http:\/\/www.lospoliticosveracruz.com.mx\/wp-content\/uploads\/2015\/03\/Cuauht\u00e9moc-Guti\u00e9rrez.jpg\"><img loading=\"lazy\" decoding=\"async\" class=\"alignnone size-medium wp-image-15467\" src=\"http:\/\/www.lospoliticosveracruz.com.mx\/wp-content\/uploads\/2015\/03\/Cuauht\u00e9moc-Guti\u00e9rrez-300x203.jpg\" alt=\"Cuauht\u00e9moc Guti\u00e9rrez\" width=\"300\" height=\"203\" \/><\/a><\/p>\n<p><strong>M\u00f3nica Camarena Crespo<\/strong><\/p>\n<p><em>Parque Ju\u00e1rez<\/em><\/p>\n<p>&nbsp;<\/p>\n<p>&nbsp;<\/p>\n<p>Hasta incomprensible es, que en momentos de tanta desconfianza y hasta rabia de los mexicanos, el partido que regreso al poder despu\u00e9s de dos sexenios panistas, cometa tantos errores en tan poco tiempo.<br \/>\nCuando hay mayor hartazgo ante medidas de gobierno, inseguridad en la mayor parte del pa\u00eds y una crisis econ\u00f3mica que aqueja a todos, el PRI decide llamar a filas a actores sin experiencia pol\u00edtica, menos gesti\u00f3n p\u00fablica como sus candidatos a Diputados Plurinominales.<br \/>\nPero en el colmo de la insensibilidad, decide rescatar de entre las tinieblas al tristemente celebre Cuauht\u00e9moc Guti\u00e9rrez, mejor conocido en su natal Distrito Federal, como el l\u00edder de la basura.<br \/>\nAunque hasta el dirigente nacional del PRI, asegura que no hay pruebas reales que inculpen a su militante Cuauht\u00e9moc, lo cierto es que se trata de un personaje poco presentable, no por su aspecto f\u00edsico, sino por su pol\u00e9mica trayectoria para hacerse de poder en la filas tricolores en la capital del pa\u00eds.<br \/>\nDe las m\u00e1s recientes, se cuenta la traici\u00f3n p\u00fablica que ejerci\u00f3 en contra de la que fuera candidata a Jefa de Gobierno en el DF por el PRI, la ahora Embajadora en Brasil, Beatriz Paredes.<br \/>\nGuti\u00e9rrez y sus secuaces, trabajaron en aquella campa\u00f1a, pero en contra. Invirtieron si, pero para que perdiera la entonces candidata del PRI.<br \/>\nCuauht\u00e9moc Guti\u00e9rrez se salvo de ir a la c\u00e1rcel por el delito de trata, porque pudo coartar las declaraciones de varias mujeres que fueron presuntas victimas; los priistas cercanos a el, lo saben, pero lo protegen.<br \/>\nEl PRI actual podr\u00eda llevar el nombre de alguna pel\u00edcula de ficci\u00f3n como \u201cEl regreso de los dinosaurios y sus secuaces\u00bb o \u201cCon Carmen Salinas s\u00ed podemos, con la otra Carmen no\u00bb.<br \/>\nLa reintegraci\u00f3n pol\u00edtica de Cuauht\u00e9moc Guti\u00e9rrez dibuja en toda su magnitud los lazos fuertes e indestructibles del PRI con mafias creadas gracias a transas y malos manejos, en este caso, como el de la basura en el DF.<br \/>\nEl apodado \u00abbasuritas\u00bb\u00a0expone una vez m\u00e1s al PRI de siempre, el que perdona y abona a favor de los que menos merecen un espacio en la pol\u00edtica, palabra que ni siquiera conocen a profundidad.<br \/>\nSin duda Jes\u00fas Reyes Heroles se sorprender\u00eda de lo que esta pasando; el ide\u00f3logo no alcanzar\u00eda a comprender, menos a acompa\u00f1ar en una campa\u00f1a a Carmen Salinas y a Cuauht\u00e9moc Guti\u00e9rrez, a ellos los acompa\u00f1an lo actuales dirigentes, quienes al parecer carecen de una lupa y memoria.<br \/>\n\u00c1gora<br \/>\nYa son 21 a\u00f1os de la muerte de Luis Donaldo Colosio, algunas de las frases del pol\u00edtico priista y quien aspiraba a la Presidencia de M\u00e9xico, siguen siendo vigentes y pendientes \u201cM\u00e9xico no quiere aventuras pol\u00edticas, no quiere saltos al vac\u00edo, no quiere retrocesos a esquemas que ya estuvieron en el poder y probaron ser ineficaces. M\u00e9xico requiere democracia, pero rechaza su perversi\u00f3n que es la demagogia \u201c, \u201c Es hora de cerrarle el paso al influyent\u00edsimo, la corrupci\u00f3n y la impunidad\u00bb.<br \/>\n@monicamarena<\/p>\n","protected":false},"excerpt":{"rendered":"<p>M\u00f3nica Camarena Crespo Parque Ju\u00e1rez &nbsp; &nbsp; Hasta incomprensible es, que en momentos de tanta desconfianza y hasta rabia de los mexicanos, el partido que regreso al poder despu\u00e9s de dos sexenios panistas, cometa tantos errores en tan poco tiempo. Cuando hay mayor hartazgo ante medidas de gobierno, inseguridad en la mayor parte del pa\u00eds [&hellip;]<\/p>\n","protected":false},"author":2,"featured_media":0,"comment_status":"open","ping_status":"open","sticky":false,"template":"","format":"standard","meta":{"_jetpack_newsletter_access":"","_jetpack_dont_email_post_to_subs":false,"_jetpack_newsletter_tier_id":0,"_jetpack_memberships_contains_paywalled_content":false,"_jetpack_memberships_contains_paid_content":false,"footnotes":""},"categories":[70],"tags":[2199,2198,1938,541,2200],"class_list":["post-15466","post","type-post","status-publish","format-standard","hentry","category-de-opinion","tag-beatriz-paredes","tag-candidatos-diputados-plurinominales","tag-cuauhtemoc-gutierrez-de-la-torre","tag-jesus-reyes-heroles","tag-luis-donaldo-colosio"],"jetpack_featured_media_url":"","jetpack_sharing_enabled":true,"jetpack_shortlink":"https:\/\/wp.me\/p4Qcd3-41s","_links":{"self":[{"href":"https:\/\/lospoliticosveracruz.com.mx\/index.php?rest_route=\/wp\/v2\/posts\/15466","targetHints":{"allow":["GET"]}}],"collection":[{"href":"https:\/\/lospoliticosveracruz.com.mx\/index.php?rest_route=\/wp\/v2\/posts"}],"about":[{"href":"https:\/\/lospoliticosveracruz.com.mx\/index.php?rest_route=\/wp\/v2\/types\/post"}],"author":[{"embeddable":true,"href":"https:\/\/lospoliticosveracruz.com.mx\/index.php?rest_route=\/wp\/v2\/users\/2"}],"replies":[{"embeddable":true,"href":"https:\/\/lospoliticosveracruz.com.mx\/index.php?rest_route=%2Fwp%2Fv2%2Fcomments&post=15466"}],"version-history":[{"count":1,"href":"https:\/\/lospoliticosveracruz.com.mx\/index.php?rest_route=\/wp\/v2\/posts\/15466\/revisions"}],"predecessor-version":[{"id":15468,"href":"https:\/\/lospoliticosveracruz.com.mx\/index.php?rest_route=\/wp\/v2\/posts\/15466\/revisions\/15468"}],"wp:attachment":[{"href":"https:\/\/lospoliticosveracruz.com.mx\/index.php?rest_route=%2Fwp%2Fv2%2Fmedia&parent=15466"}],"wp:term":[{"taxonomy":"category","embeddable":true,"href":"https:\/\/lospoliticosveracruz.com.mx\/index.php?rest_route=%2Fwp%2Fv2%2Fcategories&post=15466"},{"taxonomy":"post_tag","embeddable":true,"href":"https:\/\/lospoliticosveracruz.com.mx\/index.php?rest_route=%2Fwp%2Fv2%2Ftags&post=15466"}],"curies":[{"name":"wp","href":"https:\/\/api.w.org\/{rel}","templated":true}]}}