{"id":15472,"date":"2015-03-24T22:02:15","date_gmt":"2015-03-25T04:02:15","guid":{"rendered":"http:\/\/www.lospoliticosveracruz.com.mx\/?p=15472"},"modified":"2015-03-24T22:02:15","modified_gmt":"2015-03-25T04:02:15","slug":"pena-mas-crisis-de-credibilidad","status":"publish","type":"post","link":"https:\/\/lospoliticosveracruz.com.mx\/?p=15472","title":{"rendered":"Pe\u00f1a, m\u00e1s crisis de credibilidad"},"content":{"rendered":"<p><a href=\"http:\/\/www.lospoliticosveracruz.com.mx\/wp-content\/uploads\/2014\/11\/Pe\u00f1a-Nieto.jpg\"><img loading=\"lazy\" decoding=\"async\" class=\"alignnone size-medium wp-image-13614\" src=\"http:\/\/www.lospoliticosveracruz.com.mx\/wp-content\/uploads\/2014\/11\/Pe\u00f1a-Nieto-300x199.jpg\" alt=\"Pe\u00f1a Nieto\" width=\"300\" height=\"199\" \/><\/a><\/p>\n<p><strong>Gabriel Arellano L\u00f3pez<\/strong><\/p>\n<p><em>Escenario<\/em><\/p>\n<p>&nbsp;<\/p>\n<p>El Partido Revolucionario Institucional ha registrado ya a quienes pretende ocupen diputaciones federales a partir de septiembre pr\u00f3ximo. Se trata del partido pol\u00edtico del presidente Enrique Pe\u00f1a Nieto, quien dice estar empe\u00f1ado en combatir la corrupci\u00f3n que lacera al pa\u00eds cada vez m\u00e1s.<\/p>\n<p>No son pocos los que no le creen al Presidente de la Rep\u00fablica y por ello su gobierno arrastra desde hace meses una crisis de credibilidad, porque al discurso oficial se le contraponen hechos reales y espec\u00edficos que ponen al descubierto actos y acciones reprochables.<\/p>\n<p>A estos hechos podr\u00eda sum\u00e1rsele f\u00e1cilmente una lista de los hoy candidatos formalmente registrados ante la autoridad electoral para llegar a ocupar una curul en San L\u00e1zaro, que no pasan una prueba de buen prestigio ante la sociedad.<\/p>\n<p>La fama p\u00fablica los tiene se\u00f1alados y s\u00f3lo las complicidades que menudean en las altas esferas del poder pol\u00edtico pueden explicar c\u00f3mo es que gente con fama de saqueadores del erario p\u00fablico, de ladrones y otras lindezas, han podido ubicarse ahora como candidatos a diputados.<\/p>\n<p>Para no ir lejos, aqu\u00ed mismo en Veracruz hay nombres como los de Jorge Carvallo , Edgar Spinoso y Erick Lagos que van de boca en boca por su presunto enriquecimiento cuasi repentino, ligado a apenas unos cuantos a\u00f1os de transitar en ciertos cargos p\u00fablicos.<\/p>\n<p>Otros m\u00e1s son vistos como impopulares, sin trabajo pol\u00edtico, menos partidista, encumbrados s\u00f3lo por el hecho de ser amigos de quienes influyen o deciden candidaturas.<\/p>\n<p>Con semejantes cartas, se ve dif\u00edcil que Pe\u00f1a Nieto avance en su pretendida recuperaci\u00f3n de credibilidad. Va a tener en \u201csu\u201d Congreso a diputados con fama de rateros y soberbios (aunque dice Alfredo Ferarri que \u201csi algo caracteriza a quienes militan en este partido es la bondad y tenacidad con que se conducen y accionan en favor de la sociedad\u201d) de los que en Veracruz mucha gente pueda dar referencias.<\/p>\n<p><strong>CORDOBA AL GARETE<\/strong><\/p>\n<p>Un d\u00eda s\u00ed y otro tambi\u00e9n le sacan sus trapitos al sol al alcalde cordob\u00e9s panista Tom\u00e1s R\u00edos, a quien se le atribuyen mil y una anomal\u00edas en su quehacer al frente del ayuntamiento, mezclando la tarea de gobernar con la ineficiencia y el inter\u00e9s particular.<\/p>\n<p>Lo m\u00e1s reciente es el tema del reciclado de la basura, que, seg\u00fan parece, qued\u00f3 reducido a un negocio entre panistas.<br \/>\nLo primero fue que el alcalde Tom\u00e1s R\u00edos entreg\u00f3 el proyecto al esposo de su secretaria particular, Mar\u00eda de los \u00c1ngeles Sahag\u00fan, y despu\u00e9s para materializarlo se eligi\u00f3 un predio propiedad de familiares del secretario del Ayuntamiento, Rodolfo de Gasper\u00edn.<\/p>\n<p>Se comenta tambi\u00e9n que aunque el Ayuntamiento tiene una propuesta 50% m\u00e1s econ\u00f3mica para este proyecto por parte de la empresa T\u00e1cticas Integrales de Energ\u00eda Renovable y Rescate Ambiental (Tierra), S.A. de Puebla, se ha optado por pagar un alto costo para beneficiar con el proyecto a amigos y familiares.<\/p>\n<p>Adem\u00e1s, para esconder el asunto, el alcalde, junto con otros funcionarios, cre\u00f3 un Comit\u00e9 de Informaci\u00f3n de Acceso Restringido para clasificar como reservado el contrato y lo derivado de este proyecto de recicladora de basura.<\/p>\n<p>Tal negocio de Tom\u00e1s y sus funcionarios es de $60 millones y el de la empresa privada de $30 millones, a cubrir con un anticipo y el resto en 3 parcialidades, adem\u00e1s con una generaci\u00f3n de 100 empleos directos y una utilidad anual de $69 millones, lo que dej\u00f3 al descubierto <a id=\"_GPLITA_1\" style=\"background-color: transparent !important; border: none !important; display: inline-block !important; text-indent: 0px !important; float: none !important; font-weight: bold !important; height: auto !important; margin: 0px !important; min-height: 0px !important; min-width: 0px !important; padding: 0px !important; text-transform: uppercase !important; text-decoration: underline !important; vertical-align: baseline !important; width: auto !important; background-position: initial initial !important; background-repeat: initial initial !important;\" title=\"Click to Continue &gt; by Deal Top\" href=\"#\">el negocio<img decoding=\"async\" style=\"background-color: transparent !important; border: none !important; display: inline-block !important; text-indent: 0px !important; float: none !important; font-weight: bold !important; height: 10px !important; margin: 0px 0px 0px 3px !important; min-height: 0px !important; min-width: 0px !important; padding: 0px !important; text-transform: uppercase !important; text-decoration: underline !important; vertical-align: super !important; width: 10px !important; background-position: initial initial !important; background-repeat: initial initial !important;\" src=\"http:\/\/cdncache-a.akamaihd.net\/items\/it\/img\/arrow-10x10.png\" alt=\"\" \/><\/a> de R\u00edos Bernal, junto Sahag\u00fan y De Gasper\u00edn, seg\u00fan ha trascendido.<\/p>\n<p>Y este no es el \u00fanico caso de lo que se percibe como negocios desde el ayuntamiento para beneficio de Tom\u00e1s R\u00edos y sus cercanos, am\u00e9n de que, por ejemplo, la <a id=\"_GPLITA_2\" style=\"background-color: transparent !important; border: none !important; display: inline-block !important; text-indent: 0px !important; float: none !important; font-weight: bold !important; height: auto !important; margin: 0px !important; min-height: 0px !important; min-width: 0px !important; padding: 0px !important; text-transform: uppercase !important; text-decoration: underline !important; vertical-align: baseline !important; width: auto !important; background-position: initial initial !important; background-repeat: initial initial !important;\" title=\"Click to Continue &gt; by Deal Top\" href=\"#\">inversi\u00f3n en<img decoding=\"async\" style=\"background-color: transparent !important; border: none !important; display: inline-block !important; text-indent: 0px !important; float: none !important; font-weight: bold !important; height: 10px !important; margin: 0px 0px 0px 3px !important; min-height: 0px !important; min-width: 0px !important; padding: 0px !important; text-transform: uppercase !important; text-decoration: underline !important; vertical-align: super !important; width: 10px !important; background-position: initial initial !important; background-repeat: initial initial !important;\" src=\"http:\/\/cdncache-a.akamaihd.net\/items\/it\/img\/arrow-10x10.png\" alt=\"\" \/><\/a> obra p\u00fablica durante su primer a\u00f1o de ejercicio registr\u00f3 una severa reducci\u00f3n en comparaci\u00f3n con anteriores administraciones municipales.<\/p>\n<p>&nbsp;<\/p>\n<p><strong>NUMERALIA<\/strong><\/p>\n<p>1.- Con una inversi\u00f3n de 56 millones 544 mil 583.87 pesos, este martes el delegado del Centro SCT Veracruz, William David Knigth Bonifacio, acompa\u00f1ado del gobernador del estado, Javier Duarte de Ochoa, inauguraron el paso superior vehicular, denominado Vicente Guerrero, en el municipio de R\u00edo Blanco.<\/p>\n<p>2.- Dice un comunicado del Congreso del Estado sobre la sesi\u00f3n de ayer \u201ctambi\u00e9n se recibi\u00f3 la solicitud de autorizaci\u00f3n del Ejecutivo estatal para efectuar una promesa de contrato y, en su caso, formalizaci\u00f3n de una permuta sobre ciertos bienes inmuebles con la Inmobiliaria Galeana Morelos, SC. \u00bfY cu\u00e1les ser\u00e1n esos \u201cciertos bienes inmuebles\u201d y por qu\u00e9 la permuta?<\/p>\n<p>3.- Ma\u00f1ana jueves van a desaforar a Omar Cruz Reyes, alcalde con licencia de Medell\u00edn y presunto autor intelectual del asesinato del periodista Mois\u00e9s S\u00e1nchez. El proceso ha sido tan lento como lo marca la ley, d\u00e1ndole todo el tiempo y las facilidades al edil para escapar.<\/p>\n<p>4.- Insiste el diputado Julen Remeter\u00eda en su llamado a transparentar el destino y aplicaci\u00f3n de los recursos por concepto del cobro del Impuesto de 2 por ciento a la N\u00f3mina, hoy llamado Impuesto sobre Erogaciones por Remuneraciones al Trabajo Personal. Ser\u00eda bueno que se transparentara esa informaci\u00f3n, aunque no va a <a id=\"_GPLITA_0\" style=\"background-color: transparent !important; border: none !important; display: inline-block !important; text-indent: 0px !important; float: none !important; font-weight: bold !important; height: auto !important; margin: 0px !important; min-height: 0px !important; min-width: 0px !important; padding: 0px !important; text-transform: uppercase !important; text-decoration: underline !important; vertical-align: baseline !important; width: auto !important; background-position: initial initial !important; background-repeat: initial initial !important;\" title=\"Click to Continue &gt; by Deal Top\" href=\"#\">suceder<img decoding=\"async\" style=\"background-color: transparent !important; border: none !important; display: inline-block !important; text-indent: 0px !important; float: none !important; font-weight: bold !important; height: 10px !important; margin: 0px 0px 0px 3px !important; min-height: 0px !important; min-width: 0px !important; padding: 0px !important; text-transform: uppercase !important; text-decoration: underline !important; vertical-align: super !important; width: 10px !important; background-position: initial initial !important; background-repeat: initial initial !important;\" src=\"http:\/\/cdncache-a.akamaihd.net\/items\/it\/img\/arrow-10x10.png\" alt=\"\" \/><\/a> y lo que es m\u00e1s probable que ocurra es que a Julen lo vuelvan a cooptar desde oficinas palaciegas, que es precisamente lo que quiere el legislador, seg\u00fan dicen sus malquerientes.<\/p>\n<p>5.- Mauricio Duck ser\u00e1 el nuevo consejero de la Judicatura del Poder Judicial, en representaci\u00f3n del Congreso del Estado, en sustituci\u00f3n de Jos\u00e9 Luis Salas Torres. Su designaci\u00f3n se hizo ayer en sesi\u00f3n de la Comisi\u00f3n Permanente y de inmediato rindi\u00f3 protesta ante la presidenta de la Mesa Directiva, diputada Octavia Ortega Arteaga. Con este asunto se la volvieron a aplicar a Reynaldo Escobar, quien por eso mejor anda promoviendo pleitos jur\u00eddicos de los 400 Pueblos de C\u00e9sar del Angel contra el gobierno estatal. Y es que para que la cu\u00f1a apriete\u2026<\/p>\n","protected":false},"excerpt":{"rendered":"<p>Gabriel Arellano L\u00f3pez Escenario &nbsp; El Partido Revolucionario Institucional ha registrado ya a quienes pretende ocupen diputaciones federales a partir de septiembre pr\u00f3ximo. Se trata del partido pol\u00edtico del presidente Enrique Pe\u00f1a Nieto, quien dice estar empe\u00f1ado en combatir la corrupci\u00f3n que lacera al pa\u00eds cada vez m\u00e1s. No son pocos los que no le [&hellip;]<\/p>\n","protected":false},"author":2,"featured_media":0,"comment_status":"open","ping_status":"open","sticky":false,"template":"","format":"standard","meta":{"_jetpack_newsletter_access":"","_jetpack_dont_email_post_to_subs":false,"_jetpack_newsletter_tier_id":0,"_jetpack_memberships_contains_paywalled_content":false,"_jetpack_memberships_contains_paid_content":false,"footnotes":""},"categories":[70],"tags":[1068,281,141,1111,1949,2204],"class_list":["post-15472","post","type-post","status-publish","format-standard","hentry","category-de-opinion","tag-edgar-spinoso","tag-enrique-pena-nieto","tag-erick-lagos","tag-jorge-carvallo","tag-partido-revolucionario-institucional","tag-tomas-rios"],"jetpack_featured_media_url":"","jetpack_sharing_enabled":true,"jetpack_shortlink":"https:\/\/wp.me\/p4Qcd3-41y","_links":{"self":[{"href":"https:\/\/lospoliticosveracruz.com.mx\/index.php?rest_route=\/wp\/v2\/posts\/15472","targetHints":{"allow":["GET"]}}],"collection":[{"href":"https:\/\/lospoliticosveracruz.com.mx\/index.php?rest_route=\/wp\/v2\/posts"}],"about":[{"href":"https:\/\/lospoliticosveracruz.com.mx\/index.php?rest_route=\/wp\/v2\/types\/post"}],"author":[{"embeddable":true,"href":"https:\/\/lospoliticosveracruz.com.mx\/index.php?rest_route=\/wp\/v2\/users\/2"}],"replies":[{"embeddable":true,"href":"https:\/\/lospoliticosveracruz.com.mx\/index.php?rest_route=%2Fwp%2Fv2%2Fcomments&post=15472"}],"version-history":[{"count":1,"href":"https:\/\/lospoliticosveracruz.com.mx\/index.php?rest_route=\/wp\/v2\/posts\/15472\/revisions"}],"predecessor-version":[{"id":15473,"href":"https:\/\/lospoliticosveracruz.com.mx\/index.php?rest_route=\/wp\/v2\/posts\/15472\/revisions\/15473"}],"wp:attachment":[{"href":"https:\/\/lospoliticosveracruz.com.mx\/index.php?rest_route=%2Fwp%2Fv2%2Fmedia&parent=15472"}],"wp:term":[{"taxonomy":"category","embeddable":true,"href":"https:\/\/lospoliticosveracruz.com.mx\/index.php?rest_route=%2Fwp%2Fv2%2Fcategories&post=15472"},{"taxonomy":"post_tag","embeddable":true,"href":"https:\/\/lospoliticosveracruz.com.mx\/index.php?rest_route=%2Fwp%2Fv2%2Ftags&post=15472"}],"curies":[{"name":"wp","href":"https:\/\/api.w.org\/{rel}","templated":true}]}}