{"id":154734,"date":"2025-10-17T08:38:01","date_gmt":"2025-10-17T13:38:01","guid":{"rendered":"https:\/\/lospoliticosveracruz.com.mx\/?p=154734"},"modified":"2025-10-17T08:38:25","modified_gmt":"2025-10-17T13:38:25","slug":"desmienten-a-diputada","status":"publish","type":"post","link":"https:\/\/lospoliticosveracruz.com.mx\/?p=154734","title":{"rendered":"DESMIENTEN A DIPUTADA"},"content":{"rendered":"\n<p>S\u00edguenos ahora tambi\u00e9n en WhatsApp.\u00a0\u00a1<a href=\"https:\/\/whatsapp.com\/channel\/0029Va8zRWlEKyZIP3Z1dF0e\"><strong>Da clic aqu\u00ed<\/strong><\/a><strong>!<\/strong><\/p>\n\n\n\n<p><strong>Omar Z\u00fa\u00f1iga<\/strong><\/p>\n\n\n\n<p><em>De Primera Mano<\/em><\/p>\n\n\n\n<p>La tragedia que ha enlutado el norte de&nbsp;<strong>Veracruz<\/strong>&nbsp;ha sacado, como todas las tragedias, lo mejor y lo peor de la gente.<\/p>\n\n\n\n<p>Por ejemplo, en&nbsp;<strong>Movimiento Ciudadano<\/strong>, el&nbsp;<strong>diputado federal Sergio Gil Rull\u00e1n<\/strong>, ciertamente estuvo presente en las brigadas que su partido organiz\u00f3 para llevar auxilio y esperanza a los damnificados, labores de limpieza incluidas.<\/p>\n\n\n\n\n\n<p>Sin embargo, su imagen nunca estuvo a cuadro. Sabemos&nbsp;<strong>De Primera Mano<\/strong>&nbsp;que estuvo all\u00e1, trabajo que se siente sin dejar que se vea qui\u00e9n lo hizo.<\/p>\n\n\n\n<p>Donde s\u00ed levant\u00f3 la voz a grito pelado fue en su oficina, en el&nbsp;<strong>Congreso de la Uni\u00f3n<\/strong>, exigiendo a los gobiernos federal y estatal la pronta atenci\u00f3n de la tragedia en el norte de Veracruz.<\/p>\n\n\n\n<p>Caso contrario a&nbsp;<strong>Emilio Olvera<\/strong>, de su mismo partido, candidato perdedor a la alcald\u00eda de&nbsp;<strong>Poza Rica<\/strong>, que tambi\u00e9n estuvo apoyando en los trabajos, es innegable, peeero, siempre a cuadro, buscando el reflector, dando declaraciones frente a la c\u00e1mara, patentizando que estuvo ah\u00ed, convirtiendo de inmediato la tragedia en un bot\u00edn pol\u00edtico-electoral y m\u00e1s recientemente incitando a la violencia\u2026<\/p>\n\n\n\n<p>El otro lado de la moneda, pero en el mismo partido, est\u00e1&nbsp;<strong>Carlos Barrios<\/strong>, que ser\u00e1 regidor en la pr\u00f3xima comuna pozarricense, que tambi\u00e9n estuvo hombro con hombro, raj\u00e1ndosela, pero calladito, simple y llanamente, trabajando junto y por sus paisanos.<\/p>\n\n\n\n<p>Otro ejemplo es la&nbsp;<strong>diputada local naranja Elena C\u00f3rdova<\/strong>, por cierto&nbsp;<strong>coordinadora nacional de los diputados locales de MC<\/strong>, quien aparece en un video en redes sociales en el que aseguran que van 200 unidades en caravana en apoyo a los damnificados de&nbsp;<strong>Poza Rica<\/strong>.<\/p>\n\n\n\n<p>M\u00e1s tard\u00f3 en salir el video, que la diputada en ser desmentida por comentarios en las benditas redes.<\/p>\n\n\n\n<p>\u201cA trav\u00e9s de un video que se est\u00e1 haciendo viral en redes sociales, una diputada (<strong>Elena C\u00f3rdova<\/strong>) junto con su equipo mencionan que ellos llevan una caravana, dicen: \u2018traemos una caravana de 200 carros, vienen con nosotros equipo de Palma Sola\u2019.<\/p>\n\n\n\n<p>Cuando esto es totalmente falso, cada equipo de cada regi\u00f3n que se est\u00e1 dirigiendo al norte del estado, lo est\u00e1 haciendo pero con la ayuda del pueblo, cada comunidad se organiz\u00f3 para que se recaudaran v\u00edveres y fondos para su traslado, aqu\u00ed no tiene nada que ver la pol\u00edtica.<\/p>\n\n\n\n<p>Desafortunadamente coincidieron todos en la caseta del Diamante, porque no pod\u00edan pasar y es ah\u00ed donde estas personas no desaprovecharon la oportunidad de colgarse de esta situaci\u00f3n.<\/p>\n\n\n\n<p>Aclarando que aqu\u00ed no hay pol\u00edtica, y no es justo que se aprovechen de situaciones como estas.\u201d<\/p>\n\n\n\n<p>As\u00ed fueron las cosas, puede no gustar, pero son hechos.<\/p>\n\n\n\n<p>En este mismo lado de la moneda, pero en la trinchera de enfrente, est\u00e1 la tambi\u00e9n&nbsp;<strong>diputada local de Morena, Dorheny Garc\u00eda Cayetano<\/strong>, representante popular por&nbsp;<strong>Xalapa<\/strong>.<\/p>\n\n\n\n<p><strong>Dorheny<\/strong>&nbsp;subi\u00f3 a sus redes sociales, en sus historias de&nbsp;<strong>Facebook<\/strong>, fragmentos de videos donde pretendieron tomarle im\u00e1genes ayudando a la gente caminando entre el lodo.<\/p>\n\n\n\n<p>El maldito \u201cpero\u201d de siempre, es que cuando bajaron a&nbsp;<strong>Dorheny<\/strong>&nbsp;de la camioneta en la que andaba, se meti\u00f3 al lodo, y a juzgar por el video, pareciera que lo hizo por primera vez en su vida, pues adem\u00e1s de que tra\u00eda unas botas de hule preciosas nuevecitas color lila (como los tenis blanqu\u00edsimos en medio del lodazal que us\u00f3 la&nbsp;<strong>secretaria de Protecci\u00f3n Civil, Guadalupe Osorno<\/strong>), no sab\u00eda qu\u00e9 hacer en medio de la inmundicia, a punto de caerse en un par de ocasiones y repartiendo algunas escobas.<\/p>\n\n\n\n<p>Por cierto, la playera que usaba sigue manifestando que el apellido \u201c<strong>Garc\u00eda<\/strong>\u201d le pesa.<\/p>\n\n\n\n<p>Sacar beneficio personal con fines pol\u00edtico-electorales de la desgracia humana es, parafraseando a la gobernadora, de miserables, sean del partido que sean.<\/p>\n\n\n\n<p>Por qu\u00e9 no trabajar detr\u00e1s de c\u00e1maras como hicieron&nbsp;<strong>Sergio Gil<\/strong>&nbsp;y&nbsp;<strong>Carlos Barrios<\/strong>.<\/p>\n\n\n\n<p>Por qu\u00e9 no simplemente ir, apoyar; el reconocimiento que lo haga el pueblo bueno y sabio, y evitar caer en la soberbia o peor, en la megaloman\u00eda.<\/p>\n\n\n\n<p>\u2e3b<\/p>\n\n\n\n<p>Luego de que los acad\u00e9micos de la&nbsp;<strong>UV<\/strong>&nbsp;se desmarcaran del pretendido descuento de la&nbsp;<strong>FESAPAUV<\/strong>&nbsp;a sus emolumentos, con el pretexto de entregarlos a los damnificados del norte del estado, el mismo sindicato mand\u00f3 un comunicado diciendo, palabras m\u00e1s, palabras menos, que el descuento era opcional, que era como una llamada a misa, iba quien quisiera.<\/p>\n\n\n\n<p>Sin embargo, esto encendi\u00f3 a\u00fan m\u00e1s los \u00e1nimos de los catedr\u00e1ticos universitarios, pues muchos de ellos juristas de respeto, argumentan que el salario es intocable y lo primero que debi\u00f3 hacer la representaci\u00f3n sindical es preguntarles a sus agremiados si quer\u00edan que se les descontara para hacer el tr\u00e1mite y no al rev\u00e9s.<\/p>\n\n\n\n<p>Ahora, por la negociaci\u00f3n entre las autoridades de la&nbsp;<strong>UV<\/strong>&nbsp;y el sindicato de&nbsp;<strong>Papo Levet<\/strong>, los profesores son los que deben manifestar por escrito que no les descuenten.<\/p>\n\n\n\n<p>Es el mundo al rev\u00e9s de&nbsp;<strong>Enrique \u201cPapo\u201d Levet<\/strong>, quien no ha visto una desde su apoyo al espurio que no quiere dejar Rector\u00eda.<\/p>\n\n\n\n<p>\u2e3b<\/p>\n\n\n\n<p>Para documentar el optimismo\u2026, fuimos informados de una fuente fidedigna que precisamente el&nbsp;<strong>FESAPAUV<\/strong>&nbsp;mantiene un adeudo cercano a los&nbsp;<strong>200 mil pesos<\/strong>&nbsp;con el&nbsp;<strong>Hotel Xalapa del IPE<\/strong>, por \u201catenciones\u201d a los acarreados que vinieron de las diferentes vicerrector\u00edas y que el pretendido descuento a sus agremiados lo usar\u00edan para cubrirlo. \u00bfQu\u00e9 hay de eso, Josefina?<\/p>\n\n\n\n<p>\u00a1Qu\u00e9 barbaridad!<\/p>\n\n\n\n<p><strong>deprimera.mano2020@gmail.com<\/strong><\/p>\n","protected":false},"excerpt":{"rendered":"<p>Omar Z\u00fa\u00f1iga De Primera Mano La tragedia que ha enlutado el norte de&nbsp;Veracruz&nbsp;ha sacado, como todas las tragedias, lo mejor y lo peor de la gente. Por ejemplo, en&nbsp;Movimiento Ciudadano, el&nbsp;diputado federal Sergio Gil Rull\u00e1n, ciertamente estuvo presente en las brigadas que su partido organiz\u00f3 para llevar auxilio y esperanza a los damnificados, labores de [&hellip;]<\/p>\n","protected":false},"author":2,"featured_media":141427,"comment_status":"closed","ping_status":"closed","sticky":false,"template":"","format":"standard","meta":{"_jetpack_newsletter_access":"","_jetpack_dont_email_post_to_subs":false,"_jetpack_newsletter_tier_id":0,"_jetpack_memberships_contains_paywalled_content":false,"_jetpack_memberships_contains_paid_content":false,"footnotes":""},"categories":[70],"tags":[46732,13952,4452,46733,38166,28705,46734,46585,11240],"class_list":["post-154734","post","type-post","status-publish","format-standard","has-post-thumbnail","hentry","category-de-opinion","tag-de-primera-mano","tag-dorheny-garcia-cayetano","tag-elena-cordova","tag-fesapauv-uv","tag-movimiento-ciudadano-veracruz","tag-omar-zuniga","tag-politica-veracruz-2","tag-poza-rica-inundaciones","tag-sergio-gil-rullan"],"jetpack_featured_media_url":"https:\/\/lospoliticosveracruz.com.mx\/wp-content\/uploads\/2025\/04\/Omar-Zuniga.jpg","jetpack_sharing_enabled":true,"jetpack_shortlink":"https:\/\/wp.me\/p4Qcd3-EfI","_links":{"self":[{"href":"https:\/\/lospoliticosveracruz.com.mx\/index.php?rest_route=\/wp\/v2\/posts\/154734","targetHints":{"allow":["GET"]}}],"collection":[{"href":"https:\/\/lospoliticosveracruz.com.mx\/index.php?rest_route=\/wp\/v2\/posts"}],"about":[{"href":"https:\/\/lospoliticosveracruz.com.mx\/index.php?rest_route=\/wp\/v2\/types\/post"}],"author":[{"embeddable":true,"href":"https:\/\/lospoliticosveracruz.com.mx\/index.php?rest_route=\/wp\/v2\/users\/2"}],"replies":[{"embeddable":true,"href":"https:\/\/lospoliticosveracruz.com.mx\/index.php?rest_route=%2Fwp%2Fv2%2Fcomments&post=154734"}],"version-history":[{"count":2,"href":"https:\/\/lospoliticosveracruz.com.mx\/index.php?rest_route=\/wp\/v2\/posts\/154734\/revisions"}],"predecessor-version":[{"id":154736,"href":"https:\/\/lospoliticosveracruz.com.mx\/index.php?rest_route=\/wp\/v2\/posts\/154734\/revisions\/154736"}],"wp:featuredmedia":[{"embeddable":true,"href":"https:\/\/lospoliticosveracruz.com.mx\/index.php?rest_route=\/wp\/v2\/media\/141427"}],"wp:attachment":[{"href":"https:\/\/lospoliticosveracruz.com.mx\/index.php?rest_route=%2Fwp%2Fv2%2Fmedia&parent=154734"}],"wp:term":[{"taxonomy":"category","embeddable":true,"href":"https:\/\/lospoliticosveracruz.com.mx\/index.php?rest_route=%2Fwp%2Fv2%2Fcategories&post=154734"},{"taxonomy":"post_tag","embeddable":true,"href":"https:\/\/lospoliticosveracruz.com.mx\/index.php?rest_route=%2Fwp%2Fv2%2Ftags&post=154734"}],"curies":[{"name":"wp","href":"https:\/\/api.w.org\/{rel}","templated":true}]}}