{"id":154743,"date":"2025-10-17T09:26:17","date_gmt":"2025-10-17T14:26:17","guid":{"rendered":"https:\/\/lospoliticosveracruz.com.mx\/?p=154743"},"modified":"2025-10-17T09:26:31","modified_gmt":"2025-10-17T14:26:31","slug":"las-carreteras-y-el-turismo","status":"publish","type":"post","link":"https:\/\/lospoliticosveracruz.com.mx\/?p=154743","title":{"rendered":"LAS CARRETERAS Y EL TURISMO"},"content":{"rendered":"\n<p>S\u00edguenos ahora tambi\u00e9n en WhatsApp.\u00a0\u00a1<a href=\"https:\/\/whatsapp.com\/channel\/0029Va8zRWlEKyZIP3Z1dF0e\"><strong>Da clic aqu\u00ed<\/strong><\/a><strong>!<\/strong><\/p>\n\n\n\n<p><strong>Tito Barqu\u00edn<\/strong><\/p>\n\n\n\n<p><strong>Turism\u00f3logo<\/strong><\/p>\n\n\n\n<p>Las aplicaciones electr\u00f3nicas de navegaci\u00f3n se han convertido en aliadas para buscar mapas durante alg\u00fan viaje que se desea hacer por carretera, pudiendo checar antes de una salida cu\u00e1nto durar\u00eda el viaje, as\u00ed como las mejores rutas. Tambi\u00e9n sirven en caso de que haya imprevistos tanto en carreteras, caminos, baches, desviaciones o v\u00edas que est\u00e1n cerradas por alg\u00fan motivo.<\/p>\n\n\n\n\n\n<p>Construir carreteras y tenerlas en buenas condiciones, adem\u00e1s de ser vistas como desarrollo de la infraestructura, mejora en mucho el acceso y la conexi\u00f3n, teniendo importantes implicaciones para el&nbsp;<strong>sector tur\u00edstico<\/strong>, reduciendo tiempos de viaje y facilitando el transporte carretero para turistas nacionales y extranjeros.<\/p>\n\n\n\n<p>Para disfrutar un viaje en auto v\u00eda carretera, es mejor planificarlo para ir directo al lugar del destino, evitando vueltas equivocadas, obst\u00e1culos o medidas restringidas que pongan en riesgo el trayecto deseado. Se recomienda manejar por carreteras despejadas y en d\u00edas soleados, de preferencia, para que el viaje sea placentero, m\u00e1s cuando se viaja con la familia.<\/p>\n\n\n\n<p>Siendo turistas nacionales y extranjeros, para evitar percances viales, deben atender las recomendaciones de viajar en horas diurnas, lo que ayuda a mejorar las condiciones de visibilidad y seguridad. De d\u00eda se reducen riesgos, especialmente con respecto a veh\u00edculos con carga pesada, peligrosa o de doble remolque. Recordar que pueden recibir el apoyo y presencia en las carreteras de la&nbsp;<strong>Guardia Nacional<\/strong>&nbsp;y de los&nbsp;<strong>\u00c1ngeles Verdes<\/strong>, sobre todo en \u00e9pocas de afluencia tur\u00edstica, en que se ha notado que el&nbsp;<strong>turismo carretero<\/strong>&nbsp;ha tenido un incremento sustantivo.<\/p>\n\n\n\n<p>La construcci\u00f3n de nuevas carreteras tambi\u00e9n genera preocupaciones ambientales que impactan al turismo, por lo que no se debe alterar los h\u00e1bitats naturales ni afectar la migraci\u00f3n de la vida silvestre. Tampoco hay que olvidar que las interrupciones durante las construcciones y mantenimientos pueden molestar y desanimar a los viajeros. Dif\u00edcilmente los turistas querr\u00e1n viajar a un destino con carreteras en mal estado; de ah\u00ed la importancia de tenerlas en perfectas condiciones y darles su respectivo mantenimiento.<\/p>\n\n\n\n<p>Las autoridades encargadas de la&nbsp;<strong>se\u00f1al\u00e9tica tur\u00edstica<\/strong>&nbsp;no deben faltar en las carreteras para orientar y guiar al visitante, permiti\u00e9ndole moverse con exactitud. La implementaci\u00f3n de la se\u00f1al\u00e9tica tur\u00edstica se ha ido estableciendo a nivel mundial, con el objetivo de informar y ubicar a los turistas, ahorr\u00e1ndoles tiempo para llegar al destino deseado. La se\u00f1al\u00e9tica debe ser homog\u00e9nea, pr\u00e1ctica y f\u00e1cil de comprender para todo el mundo.<\/p>\n\n\n\n<p>Cuando ya se tiene totalmente listo a qu\u00e9 lugares acudir de inter\u00e9s tur\u00edstico, no olvidar un buen factor como el hospedaje, especialmente en temporadas altas, cuando hay gran demanda de ocupaci\u00f3n hotelera. Lo recomendable es&nbsp;<strong>reservar previamente antes de la salida<\/strong>&nbsp;hacia un destino.<\/p>\n\n\n\n<p>Es un momento para reflexionar sobre la importancia de&nbsp;<strong>invertir en el mantenimiento y conservaci\u00f3n de las v\u00edas<\/strong>, para una mejor calidad de vida y seguridad de todos los usuarios que transitan por ellas.<\/p>\n","protected":false},"excerpt":{"rendered":"<p>Tito Barqu\u00edn Turism\u00f3logo Las aplicaciones electr\u00f3nicas de navegaci\u00f3n se han convertido en aliadas para buscar mapas durante alg\u00fan viaje que se desea hacer por carretera, pudiendo checar antes de una salida cu\u00e1nto durar\u00eda el viaje, as\u00ed como las mejores rutas. Tambi\u00e9n sirven en caso de que haya imprevistos tanto en carreteras, caminos, baches, desviaciones o [&hellip;]<\/p>\n","protected":false},"author":2,"featured_media":141385,"comment_status":"closed","ping_status":"closed","sticky":false,"template":"","format":"standard","meta":{"_jetpack_newsletter_access":"","_jetpack_dont_email_post_to_subs":false,"_jetpack_newsletter_tier_id":0,"_jetpack_memberships_contains_paywalled_content":false,"_jetpack_memberships_contains_paid_content":false,"footnotes":""},"categories":[75],"tags":[46740,14350,46741,46742,46739,46744,46738],"class_list":["post-154743","post","type-post","status-publish","format-standard","has-post-thumbnail","hentry","category-cine-libros-y-mas","tag-carreteras-en-mexico","tag-infraestructura-carretera","tag-mantenimiento-vial","tag-seguridad-turistica","tag-senaletica-turistica","tag-tito-barquin-2","tag-turismo-carretero"],"jetpack_featured_media_url":"https:\/\/lospoliticosveracruz.com.mx\/wp-content\/uploads\/2025\/04\/Francisco-Tito-Barquin.jpg","jetpack_sharing_enabled":true,"jetpack_shortlink":"https:\/\/wp.me\/p4Qcd3-EfR","_links":{"self":[{"href":"https:\/\/lospoliticosveracruz.com.mx\/index.php?rest_route=\/wp\/v2\/posts\/154743","targetHints":{"allow":["GET"]}}],"collection":[{"href":"https:\/\/lospoliticosveracruz.com.mx\/index.php?rest_route=\/wp\/v2\/posts"}],"about":[{"href":"https:\/\/lospoliticosveracruz.com.mx\/index.php?rest_route=\/wp\/v2\/types\/post"}],"author":[{"embeddable":true,"href":"https:\/\/lospoliticosveracruz.com.mx\/index.php?rest_route=\/wp\/v2\/users\/2"}],"replies":[{"embeddable":true,"href":"https:\/\/lospoliticosveracruz.com.mx\/index.php?rest_route=%2Fwp%2Fv2%2Fcomments&post=154743"}],"version-history":[{"count":1,"href":"https:\/\/lospoliticosveracruz.com.mx\/index.php?rest_route=\/wp\/v2\/posts\/154743\/revisions"}],"predecessor-version":[{"id":154744,"href":"https:\/\/lospoliticosveracruz.com.mx\/index.php?rest_route=\/wp\/v2\/posts\/154743\/revisions\/154744"}],"wp:featuredmedia":[{"embeddable":true,"href":"https:\/\/lospoliticosveracruz.com.mx\/index.php?rest_route=\/wp\/v2\/media\/141385"}],"wp:attachment":[{"href":"https:\/\/lospoliticosveracruz.com.mx\/index.php?rest_route=%2Fwp%2Fv2%2Fmedia&parent=154743"}],"wp:term":[{"taxonomy":"category","embeddable":true,"href":"https:\/\/lospoliticosveracruz.com.mx\/index.php?rest_route=%2Fwp%2Fv2%2Fcategories&post=154743"},{"taxonomy":"post_tag","embeddable":true,"href":"https:\/\/lospoliticosveracruz.com.mx\/index.php?rest_route=%2Fwp%2Fv2%2Ftags&post=154743"}],"curies":[{"name":"wp","href":"https:\/\/api.w.org\/{rel}","templated":true}]}}