{"id":154754,"date":"2025-10-17T09:59:59","date_gmt":"2025-10-17T14:59:59","guid":{"rendered":"https:\/\/lospoliticosveracruz.com.mx\/?p=154754"},"modified":"2025-10-17T10:53:54","modified_gmt":"2025-10-17T15:53:54","slug":"orfis-sin-dientes","status":"publish","type":"post","link":"https:\/\/lospoliticosveracruz.com.mx\/?p=154754","title":{"rendered":"ORFIS, SIN DIENTES"},"content":{"rendered":"\n<p>S\u00edguenos ahora tambi\u00e9n en WhatsApp.\u00a0\u00a1<a href=\"https:\/\/whatsapp.com\/channel\/0029Va8zRWlEKyZIP3Z1dF0e\"><strong>Da clic aqu\u00ed<\/strong><\/a><strong>!<\/strong><\/p>\n\n\n\n<p><strong>Miguel Valera<\/strong><\/p>\n\n\n\n<p><em>Contrase\u00f1as<\/em><\/p>\n\n\n\n<p>En reuni\u00f3n con la <strong>Asociaci\u00f3n de Comunicadores de Veracruz (ACOVER)<\/strong>, que preside <strong>Melit\u00f3n Morales Dom\u00ednguez<\/strong> \u2014ya este a\u00f1o cumple su segundo periodo al frente de la Presidencia y se prepara <strong>Luis Emmanuel Dom\u00ednguez Rangel<\/strong>, un gran periodista, para tomar la estafeta en 2026\u2014 la <strong>Auditora General del \u00d3rgano de Fiscalizaci\u00f3n Superior del Estado de Veracruz (ORFIS)<\/strong>, <strong>Delia Gonz\u00e1lez Cobos<\/strong>, nos habl\u00f3 sobre el trabajo que ha realizado al frente de este organismo que naci\u00f3 en el a\u00f1o 2000, luego de que se reformara la Constituci\u00f3n en materia de fiscalizaci\u00f3n.<\/p>\n\n\n\n\n\n<p>En su momento, al deslindarse de la <strong>Contadur\u00eda Mayor de Hacienda del Congreso del Estado<\/strong>, esta instancia gener\u00f3 una gran expectativa. \u00a1Por fin se acabar\u00eda la corrupci\u00f3n! Eso se pens\u00f3 en ese momento, porque el <strong>ORFIS<\/strong> ser\u00eda un vigilante, un observador, una instituci\u00f3n que pondr\u00eda un dique al saqueo que se ha vuelto pan de cada d\u00eda, una pr\u00e1ctica cotidiana en las instancias gubernamentales. \u00bfO por qu\u00e9 cree, amable lector, que en cada campa\u00f1a pol\u00edtica surgen, como hongos con la lluvia, tantos suspirantes y aspirantes?<\/p>\n\n\n\n<p>Por ello, la licenciada y maestra en Derecho egresada de la <strong>Universidad Nacional Aut\u00f3noma de M\u00e9xico (UNAM)<\/strong>, <strong>Delia Gonz\u00e1lez Cobos<\/strong> \u2014quien el pr\u00f3ximo a\u00f1o concluye su periodo al frente de este organismo\u2014 no tiene reparo en decir:<\/p>\n\n\n\n<blockquote class=\"wp-block-quote is-layout-flow wp-block-quote-is-layout-flow\">\n<p>\u201cEn Veracruz necesitamos un cambio del marco jur\u00eddico para que nos permita ver de inmediato e inhibir la corrupci\u00f3n.\u201d<\/p>\n<\/blockquote>\n\n\n\n<p>Reconoce que recuperar lo que servidores p\u00fablicos, de todos los colores, se han llevado \u201cno es tan f\u00e1cil porque, efectivamente, a partir de la reforma que tuvimos en la ley de 2016, ya para 2017 el ORFIS dej\u00f3 de tener dientes. S\u00ed ten\u00eda, pero ahora ya no tiene\u201d.<\/p>\n\n\n\n<p>\u201cYa no tiene \u2014reitera enf\u00e1tica\u2014 porque ya no imponemos sanciones nosotros. El ORFIS ya no impone sanciones. La ley anterior lo permit\u00eda, ya esta no lo permite. Y entonces tenemos que acudir al <strong>Tribunal de Justicia Administrativa<\/strong> para que el Tribunal determine la sanci\u00f3n, determine que s\u00ed hubo da\u00f1o y determine una sanci\u00f3n. Entonces s\u00ed requerimos, y yo tambi\u00e9n estoy completamente segura, que requerimos una modificaci\u00f3n important\u00edsima al marco jur\u00eddico. Y esto, bueno, va no solamente en este sentido, sino en modificar los plazos legales\u201d, expone.<\/p>\n\n\n\n<p>La titular del <strong>ORFIS<\/strong>, elegida el 26 de septiembre de 2019 por la <strong>LXV Legislatura del Congreso del Estado<\/strong> para el periodo 2019-2026, reconoce que el actual marco legal permite \u201cque los tiempos pasen y que no ocurra nada. Necesitamos un marco jur\u00eddico distinto para que la ciudadan\u00eda vea. Necesitamos un cambio del marco jur\u00eddico para que nos permita ver de inmediato e inhibir la corrupci\u00f3n\u201d.<\/p>\n\n\n\n<p>\u201cEn muchos casos, yo lo que advierto, cuando revisamos a los municipios, donde la operaci\u00f3n es tan \u00e1gil, que en un momento por satisfacer una demanda de los ciudadanos se otorga el recurso y la factura que va a llegar al rato, no la entregan; el desorden administrativo que genera, para nosotros significa da\u00f1o patrimonial. No se acredit\u00f3 el gasto, no est\u00e1; si en la semana no se consigui\u00f3 poner orden, comprobar el gasto, al mes nadie se acuerda, y hay da\u00f1o patrimonial por eso\u201d, explica.<\/p>\n\n\n\n<h3 class=\"wp-block-heading\"><strong>RECUPERAN 22 MIL MILLONES DE PESOS<\/strong><\/h3>\n\n\n\n<p>La maestra <strong>Delia Gonz\u00e1lez Cobos<\/strong> reconoci\u00f3 ante los comunicadores que los resultados de las auditor\u00edas \u201cefectivamente lastiman a la sociedad veracruzana\u201d. Comenta que despu\u00e9s de todos los procesos legales, \u201cya estamos recibiendo sentencias despu\u00e9s de todas las instancias que recorrieron. Ahora, en estos momentos, ya tenemos sentencias que est\u00e1n firmes y que determinaron los cr\u00e9ditos fiscales. Y de eso estuvimos platicando la semana pasada\u201d.<\/p>\n\n\n\n<blockquote class=\"wp-block-quote is-layout-flow wp-block-quote-is-layout-flow\">\n<p>\u201cVeintid\u00f3s mil millones de pesos es lo que se ha recuperado de las responsabilidades administrativas de funcionarios que estuvieron 2010, 2014, 2015, 2016. Y es la fecha en que estamos apenas recibiendo las sentencias\u201d, acepta.<\/p>\n<\/blockquote>\n\n\n\n<p>Entonces, s\u00ed, para nosotros es un logro que decimos qu\u00e9 bien, qu\u00e9 bien, tenemos la sentencia, s\u00ed, pero todav\u00eda falta la recuperaci\u00f3n de esos cr\u00e9ditos. Veintid\u00f3s mil millones es una muy buena cantidad.<\/p>\n\n\n\n<h3 class=\"wp-block-heading\"><strong>\u201cNOSOTROS DEBI\u00c9RAMOS DAR RESULTADOS INMEDIATOS\u201d<\/strong><\/h3>\n\n\n\n<p>Frente a la modernidad, frente a la era tecnol\u00f3gica, el <strong>ORFIS<\/strong> deber\u00eda dar resultados inmediatos, reconoce la maestra <strong>Delia Gonz\u00e1lez Cobos<\/strong>.<\/p>\n\n\n\n<blockquote class=\"wp-block-quote is-layout-flow wp-block-quote-is-layout-flow\">\n<p>\u201cAhora tenemos los aparatos digitales, tenemos la facilidad de comunicarnos, enviar im\u00e1genes, los archivos a trav\u00e9s de un aparatito y, sin embargo, seguimos en los tiempos tan retrasados\u201d, reconoce.<\/p>\n<\/blockquote>\n\n\n\n<p>\u201cEso es algo, eso es una inquietud m\u00eda en la que yo he estado insistiendo. Nosotros debi\u00e9ramos dar resultados inmediatos, a lo mejor cada tres meses, cada cuatro meses, y subirlos. Eso evitar\u00eda la corrupci\u00f3n. Pero necesitamos un marco jur\u00eddico distinto. Necesitamos que tambi\u00e9n en el Legislativo haya esa voluntad\u201d.<\/p>\n\n\n\n<h3 class=\"wp-block-heading\"><strong>LAMENTA QUE FISCAL\u00cdA TENGA \u201cASUNTOS M\u00c1S IMPORTANTES QUE ATENDER\u201d<\/strong><\/h3>\n\n\n\n<p>La maestra <strong>Delia Gonz\u00e1lez Cobos<\/strong> le da un arrim\u00f3n, un llegue medi\u00e1tico a la <strong>Fiscal\u00eda General del Estado (FGE)<\/strong>, que dirige <strong>Ver\u00f3nica Hern\u00e1ndez Giad\u00e1ns<\/strong>, excolaboradora del exsecretario de Gobierno <strong>Eric Patrocinio Cisneros Burgos<\/strong> y ahora, seg\u00fan han soltado sus cercanos, protegida por el <strong>Secretario de Seguridad y Protecci\u00f3n Ciudadana de M\u00e9xico, Omar Garc\u00eda Harfuch<\/strong>.<\/p>\n\n\n\n<blockquote class=\"wp-block-quote is-layout-flow wp-block-quote-is-layout-flow\">\n<p>\u201cS\u00ed hemos tenido acercamientos (con la Fiscal\u00eda), hemos estado atentos a lo que requiera: dict\u00e1menes, opiniones, si requiere de un perito, nosotros estamos atentos a lo que requiera la Fiscal\u00eda para atender de inmediato. Pero todav\u00eda ah\u00ed hemos estado, pues creo que para la Fiscal\u00eda hay asuntos prioritarios que atender, y entonces sabemos, digo, tienen ellos sus tiempos, sus momentos y los respetamos. Entonces, bueno, y respecto de eso es \u00bfqu\u00e9 ha pasado? El ORFIS ha hecho el trabajo que la ley le ha permitido y lo seguimos haciendo en los t\u00e9rminos de ley\u201d.<\/p>\n<\/blockquote>\n\n\n\n<h3 class=\"wp-block-heading\"><strong>\u201cLA LEY NO PERMITE REELEGIRME\u201d<\/strong><\/h3>\n\n\n\n<blockquote class=\"wp-block-quote is-layout-flow wp-block-quote-is-layout-flow\">\n<p>\u201cQue si me voy a reelegir\u201d, plantea <strong>Delia Gonz\u00e1lez Cobos<\/strong> ante otro cuestionamiento. \u201cLa ley no lo permite\u201d, responde enf\u00e1tica.<\/p>\n<\/blockquote>\n\n\n\n<p>\u201cSi se modificara la ley, a lo mejor los diputados podr\u00edan reelegirme, pero eso creo que por una parte a m\u00ed me dar\u00eda la satisfacci\u00f3n de que alguien reconoce que he hecho un buen trabajo, y eso, mi ego seguramente se va a solazar, pero hasta este momento no tengo una propuesta y tampoco la ley se ha modificado. No ser\u00eda el caso\u201d.<\/p>\n\n\n\n<blockquote class=\"wp-block-quote is-layout-flow wp-block-quote-is-layout-flow\">\n<p>\u201cAqu\u00ed entre nos y se los puedo decir en secreto: no quiero. No me gustar\u00eda. Yo soy una mujer de retos. Yo quiero otra cosa. Hay tanto por hacer, tanto por aprender, tanto que tratar con ustedes, con otras personas; hay tantas materias en las que podemos enriquecernos, pues yo querr\u00eda enfrentar nuevos retos, porque ser\u00eda muy lamentable y eso lo hemos visto, dicen que segundas partes nunca fueron mejores.\u201d<\/p>\n<\/blockquote>\n\n\n\n<p>\u201cEntonces, yo no querr\u00eda una segunda parte para no ser mejor, no, no. A lo mejor me dar\u00eda tiempo de ver estas reformas, de nuevos procedimientos, s\u00ed, para atender el tema de los despachos, para poner un alto en la manera que se ha estado trabajando.\u201d<\/p>\n\n\n\n<blockquote class=\"wp-block-quote is-layout-flow wp-block-quote-is-layout-flow\">\n<p>\u201cAqu\u00ed ocurrieron muchas situaciones en las que nos vimos impedidos literalmente para atender varios temas que quedan para quien le d\u00e9 yo la estafeta. Hemos tratado de dar lo mejor, hacer un trabajo limpio, \u00edntegro, que es un orgullo para m\u00ed decirlo\u201d, concluye.<\/p>\n<\/blockquote>\n\n\n\n<p><strong>@MValeraH<\/strong><\/p>\n","protected":false},"excerpt":{"rendered":"<p>Miguel Valera Contrase\u00f1as En reuni\u00f3n con la Asociaci\u00f3n de Comunicadores de Veracruz (ACOVER), que preside Melit\u00f3n Morales Dom\u00ednguez \u2014ya este a\u00f1o cumple su segundo periodo al frente de la Presidencia y se prepara Luis Emmanuel Dom\u00ednguez Rangel, un gran periodista, para tomar la estafeta en 2026\u2014 la Auditora General del \u00d3rgano de Fiscalizaci\u00f3n Superior del [&hellip;]<\/p>\n","protected":false},"author":2,"featured_media":141429,"comment_status":"closed","ping_status":"closed","sticky":false,"template":"","format":"standard","meta":{"_jetpack_newsletter_access":"","_jetpack_dont_email_post_to_subs":false,"_jetpack_newsletter_tier_id":0,"_jetpack_memberships_contains_paywalled_content":false,"_jetpack_memberships_contains_paid_content":false,"footnotes":""},"categories":[70],"tags":[15181,9776,35813],"class_list":["post-154754","post","type-post","status-publish","format-standard","has-post-thumbnail","hentry","category-de-opinion","tag-delia-gonzalez-cobos","tag-miguel-valera","tag-orfis-veracruz"],"jetpack_featured_media_url":"https:\/\/lospoliticosveracruz.com.mx\/wp-content\/uploads\/2025\/04\/Miguel-Valera.jpg","jetpack_sharing_enabled":true,"jetpack_shortlink":"https:\/\/wp.me\/p4Qcd3-Eg2","_links":{"self":[{"href":"https:\/\/lospoliticosveracruz.com.mx\/index.php?rest_route=\/wp\/v2\/posts\/154754","targetHints":{"allow":["GET"]}}],"collection":[{"href":"https:\/\/lospoliticosveracruz.com.mx\/index.php?rest_route=\/wp\/v2\/posts"}],"about":[{"href":"https:\/\/lospoliticosveracruz.com.mx\/index.php?rest_route=\/wp\/v2\/types\/post"}],"author":[{"embeddable":true,"href":"https:\/\/lospoliticosveracruz.com.mx\/index.php?rest_route=\/wp\/v2\/users\/2"}],"replies":[{"embeddable":true,"href":"https:\/\/lospoliticosveracruz.com.mx\/index.php?rest_route=%2Fwp%2Fv2%2Fcomments&post=154754"}],"version-history":[{"count":3,"href":"https:\/\/lospoliticosveracruz.com.mx\/index.php?rest_route=\/wp\/v2\/posts\/154754\/revisions"}],"predecessor-version":[{"id":154779,"href":"https:\/\/lospoliticosveracruz.com.mx\/index.php?rest_route=\/wp\/v2\/posts\/154754\/revisions\/154779"}],"wp:featuredmedia":[{"embeddable":true,"href":"https:\/\/lospoliticosveracruz.com.mx\/index.php?rest_route=\/wp\/v2\/media\/141429"}],"wp:attachment":[{"href":"https:\/\/lospoliticosveracruz.com.mx\/index.php?rest_route=%2Fwp%2Fv2%2Fmedia&parent=154754"}],"wp:term":[{"taxonomy":"category","embeddable":true,"href":"https:\/\/lospoliticosveracruz.com.mx\/index.php?rest_route=%2Fwp%2Fv2%2Fcategories&post=154754"},{"taxonomy":"post_tag","embeddable":true,"href":"https:\/\/lospoliticosveracruz.com.mx\/index.php?rest_route=%2Fwp%2Fv2%2Ftags&post=154754"}],"curies":[{"name":"wp","href":"https:\/\/api.w.org\/{rel}","templated":true}]}}