{"id":154844,"date":"2025-10-20T08:39:00","date_gmt":"2025-10-20T13:39:00","guid":{"rendered":"https:\/\/lospoliticosveracruz.com.mx\/?p=154844"},"modified":"2025-10-20T08:39:57","modified_gmt":"2025-10-20T13:39:57","slug":"otra-tormenta-en-la-uv","status":"publish","type":"post","link":"https:\/\/lospoliticosveracruz.com.mx\/?p=154844","title":{"rendered":"OTRA TORMENTA EN LA UV"},"content":{"rendered":"\n<p><strong>Yamiri Rodr\u00edguez Madrid<\/strong><br><em>La vuelta a Veracruz en un\u00a0teclazo<\/em><\/p>\n\n\n\n<p>Es cierto que&nbsp;al&nbsp;rector de la Universidad Veracruzana (UV), Mart\u00edn Aguilar,&nbsp;las constantes cr\u00edticas de los exrectores&nbsp;sobre su ama\u00f1ada permanencia en&nbsp;el&nbsp;cargo,&nbsp;le han importado y le han hecho lo que el viento a Ju\u00e1rez, pero un creciente movimiento estudiantil en su contra s\u00ed debe quitarle el sue\u00f1o.<\/p>\n\n\n\n\n\n<p>Universitarios&nbsp;salieron el pasado 17 de octubre a las calles&nbsp;para inconformarse por su actuar al frente de la m\u00e1xima casa de estudios en la entidad, sobre todo ante las recientes lluvias que azotaron al norte del estado.&nbsp;&nbsp;Los estudiantes acusaron al&nbsp;Rector de haber sido m negligente al no aplicar protocolos de seguridad, por lo que sus compa\u00f1eros&nbsp;continuaron con las clases en esa semana&nbsp;y no pudieron regresar a sus municipios de origen.<\/p>\n\n\n\n<p>En diversas facultades&nbsp;han colocado pancartas externando su rechazo a Aguilar S\u00e1nchez; hacen presencia en la zona universitaria y exigen su salida. Ojo. Si el rector opta por ignorarlos, como es su estilo, tiene un caldo de cultivo para el conflicto. &nbsp; Hace muchos a\u00f1os que la UV no tiene conflictos estudiantiles; atr\u00e1s quedaron los a\u00f1os donde estudiantes tomaban camiones y los quemaban, se iban a paro, provocando que muchos de sus compa\u00f1eros se atrasaran en sus clases e, incluso, llegaran a perder el semestre. &nbsp;<\/p>\n\n\n\n<p>Si no les pone atenci\u00f3n&nbsp;y lo sigue dejando crecer el tema, como a muchos de sus m\u00faltiples problemas, la presi\u00f3n social se sumar\u00e1&nbsp;que incluso podr\u00eda escalar, aun con su autonom\u00eda, a un problema estatal, pero si algo ha caracterizado a esta gesti\u00f3n rectoral ha sido el minimizar todo y dejar que el tiempo y el olvido se lleven los problemas universitarios.<\/p>\n\n\n\n<p>Si tanto amor le tiene&nbsp;Mart\u00edn Aguilar&nbsp;a su alma mater, ya deber\u00eda dar un paso de costado y convocar a una elecci\u00f3n extraordinaria rectoral; en v\u00eda de mientras la bola de nueve se le est\u00e1 volviendo avalancha.<\/p>\n\n\n\n<p>@YamiriRodriguez<\/p>\n","protected":false},"excerpt":{"rendered":"<p>Yamiri Rodr\u00edguez MadridLa vuelta a Veracruz en un\u00a0teclazo Es cierto que&nbsp;al&nbsp;rector de la Universidad Veracruzana (UV), Mart\u00edn Aguilar,&nbsp;las constantes cr\u00edticas de los exrectores&nbsp;sobre su ama\u00f1ada permanencia en&nbsp;el&nbsp;cargo,&nbsp;le han importado y le han hecho lo que el viento a Ju\u00e1rez, pero un creciente movimiento estudiantil en su contra s\u00ed debe quitarle el sue\u00f1o. Universitarios&nbsp;salieron el pasado [&hellip;]<\/p>\n","protected":false},"author":2,"featured_media":141413,"comment_status":"closed","ping_status":"closed","sticky":false,"template":"","format":"standard","meta":{"_jetpack_newsletter_access":"","_jetpack_dont_email_post_to_subs":false,"_jetpack_newsletter_tier_id":0,"_jetpack_memberships_contains_paywalled_content":false,"_jetpack_memberships_contains_paid_content":false,"footnotes":""},"categories":[70],"tags":[29146,172,195,96],"class_list":["post-154844","post","type-post","status-publish","format-standard","has-post-thumbnail","hentry","category-de-opinion","tag-martin-aguilar-sanchez-2","tag-uv","tag-veracruz","tag-xalapa"],"jetpack_featured_media_url":"https:\/\/lospoliticosveracruz.com.mx\/wp-content\/uploads\/2025\/04\/Yamiri-Rodriguez-Madrid.jpg","jetpack_sharing_enabled":true,"jetpack_shortlink":"https:\/\/wp.me\/p4Qcd3-Ehu","_links":{"self":[{"href":"https:\/\/lospoliticosveracruz.com.mx\/index.php?rest_route=\/wp\/v2\/posts\/154844","targetHints":{"allow":["GET"]}}],"collection":[{"href":"https:\/\/lospoliticosveracruz.com.mx\/index.php?rest_route=\/wp\/v2\/posts"}],"about":[{"href":"https:\/\/lospoliticosveracruz.com.mx\/index.php?rest_route=\/wp\/v2\/types\/post"}],"author":[{"embeddable":true,"href":"https:\/\/lospoliticosveracruz.com.mx\/index.php?rest_route=\/wp\/v2\/users\/2"}],"replies":[{"embeddable":true,"href":"https:\/\/lospoliticosveracruz.com.mx\/index.php?rest_route=%2Fwp%2Fv2%2Fcomments&post=154844"}],"version-history":[{"count":1,"href":"https:\/\/lospoliticosveracruz.com.mx\/index.php?rest_route=\/wp\/v2\/posts\/154844\/revisions"}],"predecessor-version":[{"id":154845,"href":"https:\/\/lospoliticosveracruz.com.mx\/index.php?rest_route=\/wp\/v2\/posts\/154844\/revisions\/154845"}],"wp:featuredmedia":[{"embeddable":true,"href":"https:\/\/lospoliticosveracruz.com.mx\/index.php?rest_route=\/wp\/v2\/media\/141413"}],"wp:attachment":[{"href":"https:\/\/lospoliticosveracruz.com.mx\/index.php?rest_route=%2Fwp%2Fv2%2Fmedia&parent=154844"}],"wp:term":[{"taxonomy":"category","embeddable":true,"href":"https:\/\/lospoliticosveracruz.com.mx\/index.php?rest_route=%2Fwp%2Fv2%2Fcategories&post=154844"},{"taxonomy":"post_tag","embeddable":true,"href":"https:\/\/lospoliticosveracruz.com.mx\/index.php?rest_route=%2Fwp%2Fv2%2Ftags&post=154844"}],"curies":[{"name":"wp","href":"https:\/\/api.w.org\/{rel}","templated":true}]}}