{"id":154849,"date":"2025-10-20T09:28:24","date_gmt":"2025-10-20T14:28:24","guid":{"rendered":"https:\/\/lospoliticosveracruz.com.mx\/?p=154849"},"modified":"2025-10-20T09:28:24","modified_gmt":"2025-10-20T14:28:24","slug":"sucesion-uv-43","status":"publish","type":"post","link":"https:\/\/lospoliticosveracruz.com.mx\/?p=154849","title":{"rendered":"SUCESI\u00d3N UV (43)"},"content":{"rendered":"\n<p><strong>Sergio Gonz\u00e1lez Levet<\/strong><br><em>Sin tacto<\/em><\/p>\n\n\n\n<p>El 17 de octubre de 2025, Viernes de Resurrecci\u00f3n de la UV, las muchachas y los muchachos (que no dejar\u00e1n desiertos ni las calles ni los campus) salieron a manifestar sus descontentos en contra de una autoridad que cada d\u00eda desconocen m\u00e1s, y a la que un n\u00famero enorme y creciente de estudiantes llama espuria, ilegal, ausente.<\/p>\n\n\n\n\n\n<pre class=\"wp-block-code\"><code> La Universidad Veracruzana pertenece a sus alumnos, no a un grup\u00fasculo que cree que porque se apoder\u00f3 de las oficinas de la Rector\u00eda es due\u00f1o de los destinos de la m\u00e1xima casa de estudios.\n\n Los j\u00f3venes son la raz\u00f3n de ser de la UV; son sus clientes y proveedores; su esp\u00edritu y su lis.\n\n Y ellos se plantaron en las avenidas ese glorioso Viernes de Resurrecci\u00f3n de la UV. Salieron en Xalapa, en Veracruz-Puerto, en Coatzacoalcos, en Orizaba y C\u00f3rdoba, en el mismo Poza Rica. Fueron en n\u00famero que se trata de reducir a unos 3 mil seg\u00fan los temores de Mart\u00edn y sus 40 secuaces, y que lleg\u00f3 a casi 9 mil en la realidad del descontento estudiantil que gritaba a pleno pulm\u00f3n: Fuera Mart\u00edn, Fuera Mart\u00edn, \u00a1Fuera Mart\u00ed\u00ed\u00edn!\n\n A los que somos de otras generaciones nos impresion\u00f3 la cantidad de manifestantes, nos sorprendi\u00f3 su organizaci\u00f3n, su calma madura en medio de la algarab\u00eda juvenil. Fueron en la calle alumnos perfectos que marcharon pac\u00edficamente, ordenados. Por eso su reclamo honesto y el gran peso de su raz\u00f3n, de su exigencia de justicia.\n\n Iban de negro para mostrar su luto ante una compa\u00f1era que muri\u00f3, reconocida oficialmente, y ante la ingrata probabilidad de que haya m\u00e1s vidas perdidas por la negligencia de una autoridad universitaria que solamente se preocupa por mantener el poder y mal usar el presupuesto.\n\n Iban de negro por el prestigio de la Universidad Veracruzana que ha matado la camarilla que se apoder\u00f3 a la mala de la Rector\u00eda; iban por la solicitud ineludible de que se vayan los ilegales, los incapaces, los marrulleros.\n\n El pobre Mart\u00edn Aguilar, encerrado y escondido atr\u00e1s de sus esbirros y de las puertas del edificio principal, no alcanz\u00f3 a salir a dialogar con los que deber\u00edan ser sus alumnos predilectos. Como siempre, mand\u00f3 a otros a que dieran la cara, pero una faz mal encarada contra los muchachos que se atrevieron a manifestarse sin temor a las amenazas de expulsi\u00f3n, de castigos acad\u00e9micos mayores y menores.\n\n Los aspirantes a m\u00e9dicos del \u00c1rea de la Salud fueron a la marcha en gran n\u00famero a pesar de que pend\u00eda sobre ellos la coacci\u00f3n y el m\u00e1s bajo chantaje. Les hab\u00edan dicho los martinistas -que es decir los ilegales- que podr\u00edan perder la carrera, que no los iban a dejar hacer pr\u00e1cticas hospitalarias.\n\n Pero todos fueron, porque ten\u00edan raz\u00f3n y tambi\u00e9n porque tienen un gran coraje de ver c\u00f3mo su escuela, su grandiosa universidad, se ha ido por la borda despu\u00e9s de cuatro a\u00f1os de desidia, de desinter\u00e9s, de corrupci\u00f3n, de ineficiencia.\n\n Y la lucha va a seguir, aunque el se\u00f1or Mart\u00edn Aguilar no lo quiera escuchar ni leer\u2026 hasta que lo manden al alba\u00f1al de la historia en donde merece estar.<\/code><\/pre>\n\n\n\n<p>sglevet@gmail.com<\/p>\n","protected":false},"excerpt":{"rendered":"<p>Sergio Gonz\u00e1lez LevetSin tacto El 17 de octubre de 2025, Viernes de Resurrecci\u00f3n de la UV, las muchachas y los muchachos (que no dejar\u00e1n desiertos ni las calles ni los campus) salieron a manifestar sus descontentos en contra de una autoridad que cada d\u00eda desconocen m\u00e1s, y a la que un n\u00famero enorme y creciente [&hellip;]<\/p>\n","protected":false},"author":2,"featured_media":141432,"comment_status":"closed","ping_status":"","sticky":false,"template":"","format":"standard","meta":{"_jetpack_newsletter_access":"","_jetpack_dont_email_post_to_subs":false,"_jetpack_newsletter_tier_id":0,"_jetpack_memberships_contains_paywalled_content":false,"_jetpack_memberships_contains_paid_content":false,"footnotes":""},"categories":[70],"tags":[29146,195],"class_list":["post-154849","post","type-post","status-publish","format-standard","has-post-thumbnail","hentry","category-de-opinion","tag-martin-aguilar-sanchez-2","tag-veracruz"],"jetpack_featured_media_url":"https:\/\/lospoliticosveracruz.com.mx\/wp-content\/uploads\/2025\/04\/Levet.jpg","jetpack_sharing_enabled":true,"jetpack_shortlink":"https:\/\/wp.me\/p4Qcd3-Ehz","_links":{"self":[{"href":"https:\/\/lospoliticosveracruz.com.mx\/index.php?rest_route=\/wp\/v2\/posts\/154849","targetHints":{"allow":["GET"]}}],"collection":[{"href":"https:\/\/lospoliticosveracruz.com.mx\/index.php?rest_route=\/wp\/v2\/posts"}],"about":[{"href":"https:\/\/lospoliticosveracruz.com.mx\/index.php?rest_route=\/wp\/v2\/types\/post"}],"author":[{"embeddable":true,"href":"https:\/\/lospoliticosveracruz.com.mx\/index.php?rest_route=\/wp\/v2\/users\/2"}],"replies":[{"embeddable":true,"href":"https:\/\/lospoliticosveracruz.com.mx\/index.php?rest_route=%2Fwp%2Fv2%2Fcomments&post=154849"}],"version-history":[{"count":1,"href":"https:\/\/lospoliticosveracruz.com.mx\/index.php?rest_route=\/wp\/v2\/posts\/154849\/revisions"}],"predecessor-version":[{"id":154850,"href":"https:\/\/lospoliticosveracruz.com.mx\/index.php?rest_route=\/wp\/v2\/posts\/154849\/revisions\/154850"}],"wp:featuredmedia":[{"embeddable":true,"href":"https:\/\/lospoliticosveracruz.com.mx\/index.php?rest_route=\/wp\/v2\/media\/141432"}],"wp:attachment":[{"href":"https:\/\/lospoliticosveracruz.com.mx\/index.php?rest_route=%2Fwp%2Fv2%2Fmedia&parent=154849"}],"wp:term":[{"taxonomy":"category","embeddable":true,"href":"https:\/\/lospoliticosveracruz.com.mx\/index.php?rest_route=%2Fwp%2Fv2%2Fcategories&post=154849"},{"taxonomy":"post_tag","embeddable":true,"href":"https:\/\/lospoliticosveracruz.com.mx\/index.php?rest_route=%2Fwp%2Fv2%2Ftags&post=154849"}],"curies":[{"name":"wp","href":"https:\/\/api.w.org\/{rel}","templated":true}]}}