{"id":154851,"date":"2025-10-20T09:45:57","date_gmt":"2025-10-20T14:45:57","guid":{"rendered":"https:\/\/lospoliticosveracruz.com.mx\/?p=154851"},"modified":"2025-10-20T09:49:33","modified_gmt":"2025-10-20T14:49:33","slug":"no-soy-politica","status":"publish","type":"post","link":"https:\/\/lospoliticosveracruz.com.mx\/?p=154851","title":{"rendered":"NO SOY POL\u00cdTICA"},"content":{"rendered":"\n<p><\/p>\n\n\n\n<p><strong>Miguel Valera<\/strong><\/p>\n\n\n\n<p>Contrase\u00f1as<\/p>\n\n\n\n<p>No hay distanciamiento con la gobernadora&nbsp;<strong>Roc\u00edo Nahle Garc\u00eda<\/strong>, sino una relaci\u00f3n de coordinaci\u00f3n y respeto; tampoco hay \u201cconflictos\u201d internos por la nueva estructura del Poder Judicial; quienes han intentado \u201camarrar navajas\u201d se equivocan, me dice franca, contundente, la Magistrada presidenta del Tribunal Superior de Justicia del Estado de Veracruz,&nbsp;<strong>Rosalba Hern\u00e1ndez&nbsp;<\/strong><strong>Hern\u00e1ndez<\/strong>.<\/p>\n\n\n\n\n\n<p>A\u00f1ade que la visita del diputado priista&nbsp;<strong>H\u00e9ctor Yunes Landa<\/strong>&nbsp;a las oficinas del Poder Judicial no fue \u201cen lo oscurito\u201d. El legislador pidi\u00f3 una cita, se le atendi\u00f3 como a cualquier ciudadano, hizo la antesala correspondiente y plante\u00f3&nbsp;el proyecto \u201cVeracruzano Inocente\u201d, al lado del abogado&nbsp;<strong>Tom\u00e1s Mundo&nbsp;<\/strong><strong>Arriasa<\/strong>, un proyecto, como \u00e9l mismo lo dijo en sus redes sociales, \u201cque busca&nbsp;procurar justicia a cientos de personas que han sido encarceladas por m\u00e1s de dos a\u00f1os sin que se les haya dictado sentencia\u201d.<\/p>\n\n\n\n<p>En los primeros meses de la nueva presidencia del Tribunal Superior de Justicia, a\u00f1ade, \u201chemos recibido por alg\u00fan tema a m\u00e1s de 500 personas en las primeras audiencias.&nbsp;Adem\u00e1s de las personas que piden audiencia de manera diaria, v\u00edctimas, justiciables,&nbsp;nos hemos reunido&nbsp;con Colegios de Abogados, Barras, Asociaciones, escuchamos y atendemos a todos\u201d, nos comenta.<\/p>\n\n\n\n<p>Elegida por voto popular para un periodo de dos a\u00f1os,&nbsp;la Magistrada&nbsp;Presidenta<strong>Rosalba Hern\u00e1ndez&nbsp;<\/strong><strong>Hern\u00e1ndez<\/strong><strong>&nbsp;<\/strong>nos&nbsp;expone&nbsp;contundente que ha sido \u201c<strong>profesora, activista, servidora en el Poder Judicial, pero no pol\u00edtica<\/strong>\u201d.&nbsp;En 25 a\u00f1os de acad\u00e9mica ha dado c\u00e1tedra a 13 mil estudiantes.&nbsp;<\/p>\n\n\n\n<p>Licenciada en Derecho por la Universidad Veracruzana,&nbsp;Maestra en Desarrollo Regional por El Colegio de Veracruz&nbsp;y&nbsp;Doctora en Derecho por el Instituto Universitario Puebla, cuenta con la&nbsp;especialidad&nbsp;\u201cT\u00edtulo de Expertos en Pueblos Ind\u00edgenas, Derechos Humanos y Cooperaci\u00f3n Internacional\u201d,&nbsp;obtenida en&nbsp;la Universidad Carlos III,&nbsp;de&nbsp;Madrid, Espa\u00f1a.<\/p>\n\n\n\n<p>Nacida en \u201cEl Zapote\u201d, un caser\u00edo ind\u00edgena del municipio de Chicontepec, en la huasteca veracruzana, a los 14 a\u00f1os&nbsp;<strong>Rosalba Hern\u00e1ndez&nbsp;<\/strong><strong>Hern\u00e1ndez<\/strong>&nbsp;lleg\u00f3 a Xalapa en 1944 luego de que su padre fuera v\u00edctima de secuestro. \u201c<strong>Fuimos desplazados y empobrecidos<\/strong>\u201d, comenta.<\/p>\n\n\n\n<p>Se vino a vivir a la capital veracruzana \u201c<strong>con una bolsa de ilusiones<\/strong>\u201d, expresa. Su primer trabajo fue limpiando anaqueles en una tienda de conveniencia que se llamaba \u201cSuper Flash\u201d, que despu\u00e9s tomar\u00eda el nombre de \u201cSuper&nbsp;Fasti\u201d, negocio del empresario Juan Carlos&nbsp;Stivalet.&nbsp;<\/p>\n\n\n\n<p>Estudi\u00f3 el bachillerato en El Colegio Preparatorio. En el primer a\u00f1o, al no tener a su padre cerca le pidi\u00f3 a un maestro que fuera su tutor. \u201cSi sacas puros dices ser\u00e9 tu tutor, si no olv\u00eddalo\u201d, dijo el profesor. Lo cumpli\u00f3.&nbsp;<strong>En cada semestre la boleta estaba rebosante de dieces<\/strong>.&nbsp;<\/p>\n\n\n\n<p><strong>COORDINACI\u00d3N ENTRE PODERES<\/strong><\/p>\n\n\n\n<p>\u2014\u00bfC\u00f3mo es la coordinaci\u00f3n que mantiene con la gobernadora&nbsp;<strong>Roc\u00edo Nahle Garc\u00eda<\/strong>y con el Poder Legislativo que preside el diputado&nbsp;<strong>Esteban Bautista Hern\u00e1ndez<\/strong>?<\/p>\n\n\n\n<p>\u201c<strong>La coordinaci\u00f3n es precisa, constante y fluida<\/strong>.&nbsp;Desde que se nos tom\u00f3 protesta el 1 de septiembre y de manera posterior el d\u00eda dos, ha habido una coordinaci\u00f3n estrecha entre los poderes del Estado\u201d,&nbsp;responde de manera contundente.<\/p>\n\n\n\n<p>\u201cHemos trabajando en comisiones de&nbsp;Justicia, en comisiones de&nbsp;Seguridad.&nbsp;<strong>Cuando la poblaci\u00f3n oye justicia, le pide justicia a cualquiera de las autoridades<\/strong>&nbsp;y muchas de las solicitudes se canalizan desde las \u00e1reas de Atenci\u00f3n Ciudadana, tanto del Poder Ejecutivo, como del Poder Legislativo, que le compete al Poder Judicial y tienen que ser atendidas y viceversa\u201d, expone.&nbsp;<\/p>\n\n\n\n<p>\u201cCuando se habla de justicia, explica, algunos lo que necesitan son gestiones, ni siquiera es el tema de que tengan alg\u00fan expediente. Algunas otras personas vienen solicitando que se les designe a alguien que pueda darles acompa\u00f1amiento, y eso es le corresponde a la Comisi\u00f3n de V\u00edctimas, por ejemplo, para que nombre un asesor jur\u00eddico\u201d.<\/p>\n\n\n\n<p><strong>RESPETO Y RECONOCIMIENTO A LA GOBERNADORA<\/strong><\/p>\n\n\n\n<p>La Magistrada&nbsp;<strong>Rosalba Hern\u00e1ndez&nbsp;<\/strong><strong>Hern\u00e1ndez<\/strong>&nbsp;muestra su respeto y reconocimiento a la gobernadora&nbsp;<strong>Roc\u00edo Nahle Garc\u00eda<\/strong>. Por ello, comenta,&nbsp;<strong>en solidaridad con el gran esfuerzo que ha realizado para atender a los damnificados por las fuertes lluvias que azotaron la zona norte<\/strong>, el pasado 13 y 14 de octubre \u201cllevamos el apoyo de las magistradas y magistrados de los tres Tribunales: de Conciliaci\u00f3n y Arbitraje, de Disciplina Judicial y del Tribunal&nbsp;Superior de Justicia a&nbsp;diversas comunidades ind\u00edgenas de Ilamatl\u00e1n y Huayacocotla\u201d.<\/p>\n\n\n\n<p>\u201cLlevamos v\u00edveres,&nbsp;cobijas, colchonetas,&nbsp;entre otras cosas,&nbsp;que generosamente aportaron las y los magistrados de los Tribunales Superior de Justicia, de Disciplina Judicial y de Conciliaci\u00f3n y Arbitraje, el personal jurisdiccional y la sociedad civil. El acopio contin\u00faa; todo suma. Gracias, gracias, gracias, todas y todos somos Poder Judicial; todas y todos somos Veracruz\u201d,&nbsp;indic\u00f3.<\/p>\n\n\n\n<p>\u201c<strong>Nosotros somos representantes de un poder diferente e independiente al&nbsp;<\/strong><strong>Ejecutivo<\/strong><strong>&nbsp;pero nos une el trabajo que realizamos por los veracruzanos<\/strong>, nos une el servicio a los veracruzanos y sobre todo la sororidad, porque como mujeres necesitamos respaldarnos y apoyarnos\u201d, asienta.<\/p>\n\n\n\n<p><strong>NO HAY CONFLICTOS INTERNOS EN EL PODER JUDICIAL<\/strong><\/p>\n\n\n\n<p>\u2014\u00bfC\u00f3mo se vive el nuevo esquema de trabajo en el Poder Judicial de Veracruz, luego de las reformas, hay coordinaci\u00f3n? Le insisto en este tema por aquello de que algunos insisten en \u201camarrar navajas\u201d. &nbsp;<\/p>\n\n\n\n<p>\u201cClaro que s\u00ed, pues hay coordinaci\u00f3n y diaria, dec\u00eda, imag\u00ednese que de pronto no atendi\u00e9semos alguna petici\u00f3n que llega, necesariamente tiene que haber una coordinaci\u00f3n, digamos m\u00e1s all\u00e1 de la cordialidad que existe, m\u00e1s all\u00e1 del trabajo que existe,&nbsp;<strong>existe una coordinaci\u00f3n institucional para llevar a cabo las funciones y las atribuciones que tenemos cada uno de los Poderes<\/strong>\u201d.&nbsp;<\/p>\n\n\n\n<p>\u201cY pues bueno, sobre el tema de amarrar navajas, pues tiene libertad de expresi\u00f3n todos los medios y las personas que escriben en ellos\u201d.<\/p>\n\n\n\n<p>\u201cTambi\u00e9n hay muchas cosas, me imagino que de suposiciones que se hacen, hay una nueva estructura y un nuevo orden dentro de lo que es el propio Poder Judicial. Antiguamente hab\u00eda un Consejo de la Judicatura y ahora ese Consejo de la Judicatura se dividi\u00f3 en dos partes, una parte que se encarga de administrar los recursos del Poder Judicial, los recursos materiales, humanos y financieros y otro \u00f3rgano que se va a encargar, y que se encarga ya de la vigilancia, tanto en t\u00e9rminos jurisdiccionales, como administrativos de la actuaci\u00f3n de quienes estamos en el Poder Judicial. En ese sentido, tanto de los Magistradas y Magistrados, como de jueces y juezas o en caso de la administraci\u00f3n, del personal administrativo\u201d.&nbsp;<\/p>\n\n\n\n<p>\u201cEn ese sentido, digamos que&nbsp;<strong>no hay posibilidad de como tal de un enfrentamiento, m\u00e1s bien lo que ocurre es que hay funciones y atribuciones que antes estaban encomendados a un solo ente o una sola persona<\/strong>&nbsp;o un solo \u00f3rgano, y ahora, esas funci\u00f3n y atribuciones se dividieron. Por ejemplo,&nbsp;hay quien ha opinado y lo he le\u00eddo en algunos medios de comunicaci\u00f3n:&nbsp;\u2018no, no le dieron el dinero o no tiene a su disposici\u00f3n los recursos\u2019. La ley as\u00ed lo marca, es&nbsp;decir,&nbsp;la nueva Ley org\u00e1nica que se public\u00f3 el 29 de enero de este a\u00f1o, de 2025, as\u00ed establece las nuevas funciones y atribuciones, entonces esa disponibilidad o esa cuesti\u00f3n que hab\u00eda antiguamente, pues ya no existe&nbsp;ahora\u201d.<\/p>\n\n\n\n<p>\u201cTodo esto es por una disposici\u00f3n de la ley, por eso dec\u00eda que el tema de la vinculaci\u00f3n con el Legislativo y el tema de la coordinaci\u00f3n va desde el tema de la emisi\u00f3n de la norma, es decir,&nbsp;<strong>cuando yo participo en el proceso electivo, ya sab\u00eda de las nuevas funciones y atribuciones que tiene cada uno de los \u00f3rganos<\/strong>. Yo ya participaba dentro del Poder Judicial como magistrada, en materia constitucional, y no es que desconociera cu\u00e1les eran las nuevas funciones y atribuciones, y c\u00f3mo se iba a dividir y por lo otro dec\u00eda \u2018amarranavajas\u2019 en relaci\u00f3n a que estamos enfrentados, y pues&nbsp;<strong>no, no hay enfrentamientos<\/strong>\u201d.<\/p>\n\n\n\n<p><strong>@MValeraH<\/strong><\/p>\n","protected":false},"excerpt":{"rendered":"<p>Miguel Valera Contrase\u00f1as No hay distanciamiento con la gobernadora&nbsp;Roc\u00edo Nahle Garc\u00eda, sino una relaci\u00f3n de coordinaci\u00f3n y respeto; tampoco hay \u201cconflictos\u201d internos por la nueva estructura del Poder Judicial; quienes han intentado \u201camarrar navajas\u201d se equivocan, me dice franca, contundente, la Magistrada presidenta del Tribunal Superior de Justicia del Estado de Veracruz,&nbsp;Rosalba Hern\u00e1ndez&nbsp;Hern\u00e1ndez. A\u00f1ade que [&hellip;]<\/p>\n","protected":false},"author":2,"featured_media":141429,"comment_status":"closed","ping_status":"closed","sticky":false,"template":"","format":"standard","meta":{"_jetpack_newsletter_access":"","_jetpack_dont_email_post_to_subs":false,"_jetpack_newsletter_tier_id":0,"_jetpack_memberships_contains_paywalled_content":false,"_jetpack_memberships_contains_paid_content":false,"footnotes":""},"categories":[70],"tags":[1026,82,3578,44127,195],"class_list":["post-154851","post","type-post","status-publish","format-standard","has-post-thumbnail","hentry","category-de-opinion","tag-morena","tag-poder-judicial","tag-rocio-nahle","tag-rosalba-hernandez","tag-veracruz"],"jetpack_featured_media_url":"https:\/\/lospoliticosveracruz.com.mx\/wp-content\/uploads\/2025\/04\/Miguel-Valera.jpg","jetpack_sharing_enabled":true,"jetpack_shortlink":"https:\/\/wp.me\/p4Qcd3-EhB","_links":{"self":[{"href":"https:\/\/lospoliticosveracruz.com.mx\/index.php?rest_route=\/wp\/v2\/posts\/154851","targetHints":{"allow":["GET"]}}],"collection":[{"href":"https:\/\/lospoliticosveracruz.com.mx\/index.php?rest_route=\/wp\/v2\/posts"}],"about":[{"href":"https:\/\/lospoliticosveracruz.com.mx\/index.php?rest_route=\/wp\/v2\/types\/post"}],"author":[{"embeddable":true,"href":"https:\/\/lospoliticosveracruz.com.mx\/index.php?rest_route=\/wp\/v2\/users\/2"}],"replies":[{"embeddable":true,"href":"https:\/\/lospoliticosveracruz.com.mx\/index.php?rest_route=%2Fwp%2Fv2%2Fcomments&post=154851"}],"version-history":[{"count":1,"href":"https:\/\/lospoliticosveracruz.com.mx\/index.php?rest_route=\/wp\/v2\/posts\/154851\/revisions"}],"predecessor-version":[{"id":154852,"href":"https:\/\/lospoliticosveracruz.com.mx\/index.php?rest_route=\/wp\/v2\/posts\/154851\/revisions\/154852"}],"wp:featuredmedia":[{"embeddable":true,"href":"https:\/\/lospoliticosveracruz.com.mx\/index.php?rest_route=\/wp\/v2\/media\/141429"}],"wp:attachment":[{"href":"https:\/\/lospoliticosveracruz.com.mx\/index.php?rest_route=%2Fwp%2Fv2%2Fmedia&parent=154851"}],"wp:term":[{"taxonomy":"category","embeddable":true,"href":"https:\/\/lospoliticosveracruz.com.mx\/index.php?rest_route=%2Fwp%2Fv2%2Fcategories&post=154851"},{"taxonomy":"post_tag","embeddable":true,"href":"https:\/\/lospoliticosveracruz.com.mx\/index.php?rest_route=%2Fwp%2Fv2%2Ftags&post=154851"}],"curies":[{"name":"wp","href":"https:\/\/api.w.org\/{rel}","templated":true}]}}