{"id":154913,"date":"2025-10-21T07:19:30","date_gmt":"2025-10-21T12:19:30","guid":{"rendered":"https:\/\/lospoliticosveracruz.com.mx\/?p=154913"},"modified":"2025-10-21T07:19:57","modified_gmt":"2025-10-21T12:19:57","slug":"animales-en-emergencia","status":"publish","type":"post","link":"https:\/\/lospoliticosveracruz.com.mx\/?p=154913","title":{"rendered":"ANIMALES EN EMERGENCIA"},"content":{"rendered":"\n<p><strong>Yamiri Rodr\u00edguez Madrid<\/strong><\/p>\n\n\n\n<p><em>La vuelta a Veracruz en un\u00a0teclazo<\/em><\/p>\n\n\n\n<p>En cada desastre hay vidas que casi nunca entran en los balances oficiales: las que ladran, ma\u00fallan, revolotean o se esconden entre escombros. Esta vez, en el norte de Veracruz, esas vidas s\u00ed cuentan. La Secretar\u00eda de Medio Ambiente (SEDEMA) activ\u00f3 un operativo que coloca a los animales,\u00a0dom\u00e9sticos y silvestres\u00a0dentro del primer c\u00edrculo de atenci\u00f3n tras las inundaciones en Poza Rica y \u00c1lamo.\u00a0<br><\/p>\n\n\n\n\n\n<p>Esta es la primera vez que una administraci\u00f3n estatal despliega personal espec\u00edfico para atenderlos en campo, con veterinario a bordo y coordinaci\u00f3n con organizaciones protectoras. Lo que hacen es que identifican perros y gatos lesionados o enfermos, atienden deshidrataci\u00f3n, heridas por vidrios y l\u00e1minas, infecciones cut\u00e1neas y golpes de calor; vacunan cuando es necesario y canalizan a resguardo a quienes lo requieren.&nbsp;<\/p>\n\n\n\n<p>El esfuerzo estar\u00eda incompleto sin log\u00edstica. En Xalapa, SEDEMA habilit\u00f3 un centro de acopio en sus oficinas centrales para recibir alimento, medicamentos y suministros veterinarios; de ah\u00ed salen donaciones que se distribuyen a las comunidades afectadas.<\/p>\n\n\n\n<p>Ver a veterinarios de gobierno y voluntarios entrar a patios y solares para salvar una perra pre\u00f1ada o estabilizar un gato con hipotermia ense\u00f1a m\u00e1s que cien campa\u00f1as: ense\u00f1a que el cuidado del medio ambiente empieza por lo que tocamos y amamos. Y que el Estado, cuando mira de frente a esas realidades, es capaz de innovar en la trinchera donde hist\u00f3ricamente falt\u00f3 mirada: la de los m\u00e1s vulnerables, humanos y no humanos.<\/p>\n\n\n\n<p>Queda mucho por hacer: cartografiar albergues&nbsp;pet-friendlytemporales, sostener cadenas de suministro de croquetas y medicamentos, reforzar protocolos para fauna silvestre desplazada y, sobre todo, mantener a las brigadas en territorio el tiempo suficiente para cerrar ciclos de atenci\u00f3n. Pero el primer paso,&nbsp;el m\u00e1s dif\u00edcil,&nbsp;ya se dio.<\/p>\n\n\n\n<p>Quien quiera ayudar, sabe d\u00f3nde empezar: el centro de acopio en las oficinas de SEDEMA, en Xalapa. Porque en esta contingencia, Veracruz est\u00e1 demostrando,&nbsp;una vez m\u00e1s,&nbsp;que la compasi\u00f3n tambi\u00e9n es&nbsp;para quienes acompa\u00f1an y no pueden hablar.<\/p>\n\n\n\n<p>@YamiriRodriguez<\/p>\n","protected":false},"excerpt":{"rendered":"<p>Yamiri Rodr\u00edguez Madrid La vuelta a Veracruz en un\u00a0teclazo En cada desastre hay vidas que casi nunca entran en los balances oficiales: las que ladran, ma\u00fallan, revolotean o se esconden entre escombros. Esta vez, en el norte de Veracruz, esas vidas s\u00ed cuentan. La Secretar\u00eda de Medio Ambiente (SEDEMA) activ\u00f3 un operativo que coloca a [&hellip;]<\/p>\n","protected":false},"author":2,"featured_media":141413,"comment_status":"closed","ping_status":"closed","sticky":false,"template":"","format":"standard","meta":{"_jetpack_newsletter_access":"","_jetpack_dont_email_post_to_subs":false,"_jetpack_newsletter_tier_id":0,"_jetpack_memberships_contains_paywalled_content":false,"_jetpack_memberships_contains_paid_content":false,"footnotes":""},"categories":[70],"tags":[28461,46765,1267,1036,195],"class_list":["post-154913","post","type-post","status-publish","format-standard","has-post-thumbnail","hentry","category-de-opinion","tag-alamo-2","tag-fauna","tag-poza-rica","tag-sedema","tag-veracruz"],"jetpack_featured_media_url":"https:\/\/lospoliticosveracruz.com.mx\/wp-content\/uploads\/2025\/04\/Yamiri-Rodriguez-Madrid.jpg","jetpack_sharing_enabled":true,"jetpack_shortlink":"https:\/\/wp.me\/p4Qcd3-EiB","_links":{"self":[{"href":"https:\/\/lospoliticosveracruz.com.mx\/index.php?rest_route=\/wp\/v2\/posts\/154913","targetHints":{"allow":["GET"]}}],"collection":[{"href":"https:\/\/lospoliticosveracruz.com.mx\/index.php?rest_route=\/wp\/v2\/posts"}],"about":[{"href":"https:\/\/lospoliticosveracruz.com.mx\/index.php?rest_route=\/wp\/v2\/types\/post"}],"author":[{"embeddable":true,"href":"https:\/\/lospoliticosveracruz.com.mx\/index.php?rest_route=\/wp\/v2\/users\/2"}],"replies":[{"embeddable":true,"href":"https:\/\/lospoliticosveracruz.com.mx\/index.php?rest_route=%2Fwp%2Fv2%2Fcomments&post=154913"}],"version-history":[{"count":1,"href":"https:\/\/lospoliticosveracruz.com.mx\/index.php?rest_route=\/wp\/v2\/posts\/154913\/revisions"}],"predecessor-version":[{"id":154914,"href":"https:\/\/lospoliticosveracruz.com.mx\/index.php?rest_route=\/wp\/v2\/posts\/154913\/revisions\/154914"}],"wp:featuredmedia":[{"embeddable":true,"href":"https:\/\/lospoliticosveracruz.com.mx\/index.php?rest_route=\/wp\/v2\/media\/141413"}],"wp:attachment":[{"href":"https:\/\/lospoliticosveracruz.com.mx\/index.php?rest_route=%2Fwp%2Fv2%2Fmedia&parent=154913"}],"wp:term":[{"taxonomy":"category","embeddable":true,"href":"https:\/\/lospoliticosveracruz.com.mx\/index.php?rest_route=%2Fwp%2Fv2%2Fcategories&post=154913"},{"taxonomy":"post_tag","embeddable":true,"href":"https:\/\/lospoliticosveracruz.com.mx\/index.php?rest_route=%2Fwp%2Fv2%2Ftags&post=154913"}],"curies":[{"name":"wp","href":"https:\/\/api.w.org\/{rel}","templated":true}]}}