{"id":15494,"date":"2015-03-26T12:14:58","date_gmt":"2015-03-26T18:14:58","guid":{"rendered":"http:\/\/www.lospoliticosveracruz.com.mx\/?p=15494"},"modified":"2015-03-26T12:14:58","modified_gmt":"2015-03-26T18:14:58","slug":"cuando-vamos-a-despertar","status":"publish","type":"post","link":"https:\/\/lospoliticosveracruz.com.mx\/?p=15494","title":{"rendered":"\u00bfCu\u00e1ndo vamos a despertar?"},"content":{"rendered":"<p><a href=\"http:\/\/www.lospoliticosveracruz.com.mx\/wp-content\/uploads\/2015\/03\/medina-mora.jpg\"><img loading=\"lazy\" decoding=\"async\" class=\"alignnone size-medium wp-image-15495\" src=\"http:\/\/www.lospoliticosveracruz.com.mx\/wp-content\/uploads\/2015\/03\/medina-mora-300x157.jpg\" alt=\"medina-mora\" width=\"300\" height=\"157\" \/><\/a><br \/>\n<strong>Jorge Arturo Rodr\u00edguez<\/strong><\/p>\n<p><em>Tierra de Babel<\/em><\/p>\n<p>&nbsp;<\/p>\n<p>Ya lo dijo Luis Videgaray, Secretario de Hacienda y Cr\u00e9dito P\u00fablico, que el 2016 ser\u00e1 peor. \u00bfPeor para qui\u00e9n? Ciertamente para un chingo de mexicanos, pero otros \u2013que son pocos- pos ni se inmutan de tal noticia. Al menos, por poner un ejemplo, el nuevo ministro de la Suprema Corte de Justicia de la Naci\u00f3n, Eduardo Medina Mora, durante 15 a\u00f1os tendr\u00e1 ingresos anuales por 1 mill\u00f3n 536 mil pesos; pero con prestaciones, seguros y bonos, el monto podr\u00eda llegar a los 4 millones de pesos.<br \/>\nDe acuerdo con el \u201cManual de percepciones, prestaciones y dem\u00e1s beneficios de los servidores p\u00fablicos del Poder Judicial\u201d, Medina Mora tendr\u00e1 un sueldo mensual de 184 mil 67 pesos que, con agregados como \u201ccompensaciones garantizadas\u201d y \u201ccompensaciones nominales\u201d, asciende a 400 mil pesos mensuales. (sinembargo.mx). Ah\u00ed nada, pescadito.<br \/>\nMientras, como ya se sabe, ya ni pa\u2019 la canasta b\u00e1sica alcanza. Y las malas noticias no terminan. El presidente reconoci\u00f3 que el narco est\u00e1 metido hasta las cachas en Pemex, de otra manera no hubiera dicho que el reto es blindar a Pemex del crimen organizado. Y ah\u00ed no acaba el asunto. Dijo que la paraestatal es y seguir\u00e1 siendo patrimonio de todos los mexicanos; \u201ces un gran orgullo nacional que se renueva y fortalece para convertirse en una empresa competitiva a nivel mundial\u201d. \u00bfEn serio? \u00bfCu\u00e1ndo vamos a despertar? \u00bfCu\u00e1ndo ya se hayan llevado todo y nos dejen desolaci\u00f3n y desiertos?<br \/>\nY seguimos con malas noticias. El ex juez de la Corte Suprema de Argentina, Eugenio Ra\u00fal Zaffaroni, expres\u00f3: \u00abMe duele lo que est\u00e1 ocurriendo en M\u00e9xico (&#8230;). Lo que se est\u00e1 viviendo ahora es una violencia genocida, un genocidio por goteo. Simplemente sumen 10 a\u00f1os de muertos y tendr\u00e1n una peque\u00f1a ciudad, es una ciudad Hiroshima y Nagasaki, con paciencia\u00bb. No cabe duda que parece que a los mexicanos nos justa la mala vida. De pil\u00f3n, nos las creemos todas: \u201c\u00a1Que todo est\u00e1 bien, pinches asalariados, muertos de hambre!\u201d.<\/p>\n<p>&nbsp;<\/p>\n<p><strong>Los d\u00edas y los temas<\/strong><\/p>\n<p>Bien lo dijo Gladys Merl\u00edn Castro, presidenta de la Comisi\u00f3n Permanente de Salud y Asistencia del Congreso estatal: \u201cEs imperativo educar ampliamente a la sociedad, reafirmar el valor y significado de quienes viven con S\u00edndrome de Down\u201d. Eso, educaci\u00f3n.<\/p>\n<p>&nbsp;<\/p>\n<p><strong>De cinismo y\u00a0<\/strong><strong>anexas<\/strong><\/p>\n<p>Dice Angelina Jolie que se ha sometido a una operaci\u00f3n para extirpase los ovarios y prevenir el c\u00e1ncer. Aqu\u00ed les dejo un textovario de Williams Deer: \u201cHace un rato, por no poder olvidarte, me practiqu\u00e9 una cirug\u00eda a cerebro abierto. Quise encontrar el quiste maligno y, de tajo, extirparlo. Pero tarde ha sido. Tu nombre se me ha incrustado, justo ah\u00ed donde en mil ecos del alma te llamo\u201d.<br \/>\nPor lo pronto, ah\u00ed se ven.<\/p>\n","protected":false},"excerpt":{"rendered":"<p>Jorge Arturo Rodr\u00edguez Tierra de Babel &nbsp; Ya lo dijo Luis Videgaray, Secretario de Hacienda y Cr\u00e9dito P\u00fablico, que el 2016 ser\u00e1 peor. \u00bfPeor para qui\u00e9n? Ciertamente para un chingo de mexicanos, pero otros \u2013que son pocos- pos ni se inmutan de tal noticia. Al menos, por poner un ejemplo, el nuevo ministro de la [&hellip;]<\/p>\n","protected":false},"author":2,"featured_media":0,"comment_status":"open","ping_status":"open","sticky":false,"template":"","format":"standard","meta":{"_jetpack_newsletter_access":"","_jetpack_dont_email_post_to_subs":false,"_jetpack_newsletter_tier_id":0,"_jetpack_memberships_contains_paywalled_content":false,"_jetpack_memberships_contains_paid_content":false,"footnotes":""},"categories":[70],"tags":[2218,2217,424],"class_list":["post-15494","post","type-post","status-publish","format-standard","hentry","category-de-opinion","tag-eduardo-medina-mora","tag-hacienda-y-credito-publico","tag-luis-videgaray"],"jetpack_featured_media_url":"","jetpack_sharing_enabled":true,"jetpack_shortlink":"https:\/\/wp.me\/p4Qcd3-41U","_links":{"self":[{"href":"https:\/\/lospoliticosveracruz.com.mx\/index.php?rest_route=\/wp\/v2\/posts\/15494","targetHints":{"allow":["GET"]}}],"collection":[{"href":"https:\/\/lospoliticosveracruz.com.mx\/index.php?rest_route=\/wp\/v2\/posts"}],"about":[{"href":"https:\/\/lospoliticosveracruz.com.mx\/index.php?rest_route=\/wp\/v2\/types\/post"}],"author":[{"embeddable":true,"href":"https:\/\/lospoliticosveracruz.com.mx\/index.php?rest_route=\/wp\/v2\/users\/2"}],"replies":[{"embeddable":true,"href":"https:\/\/lospoliticosveracruz.com.mx\/index.php?rest_route=%2Fwp%2Fv2%2Fcomments&post=15494"}],"version-history":[{"count":1,"href":"https:\/\/lospoliticosveracruz.com.mx\/index.php?rest_route=\/wp\/v2\/posts\/15494\/revisions"}],"predecessor-version":[{"id":15496,"href":"https:\/\/lospoliticosveracruz.com.mx\/index.php?rest_route=\/wp\/v2\/posts\/15494\/revisions\/15496"}],"wp:attachment":[{"href":"https:\/\/lospoliticosveracruz.com.mx\/index.php?rest_route=%2Fwp%2Fv2%2Fmedia&parent=15494"}],"wp:term":[{"taxonomy":"category","embeddable":true,"href":"https:\/\/lospoliticosveracruz.com.mx\/index.php?rest_route=%2Fwp%2Fv2%2Fcategories&post=15494"},{"taxonomy":"post_tag","embeddable":true,"href":"https:\/\/lospoliticosveracruz.com.mx\/index.php?rest_route=%2Fwp%2Fv2%2Ftags&post=15494"}],"curies":[{"name":"wp","href":"https:\/\/api.w.org\/{rel}","templated":true}]}}