{"id":154945,"date":"2025-10-21T14:43:11","date_gmt":"2025-10-21T19:43:11","guid":{"rendered":"https:\/\/lospoliticosveracruz.com.mx\/?p=154945"},"modified":"2025-10-21T14:43:54","modified_gmt":"2025-10-21T19:43:54","slug":"por-adela-ante-la-emergencia","status":"publish","type":"post","link":"https:\/\/lospoliticosveracruz.com.mx\/?p=154945","title":{"rendered":"POR \u00abADELA\u00bb ANTE LA EMERGENCIA!"},"content":{"rendered":"\n<p>En apoyo a las familias que resultaron afectadas por las lluvias e inundaciones en los Estados de Veracruz, Hidalgo y Puebla, la Presidenta de la Rep\u00fablica, doctora Claudia Sheinbaum, gir\u00f3 instrucciones a la Coordinaci\u00f3n Nacional de Becas para el Bienestar para que se adelanten los pagos programados para el mes de diciembre y sean entregados a partir de esta misma semana a los beneficiarios \u201cBenito Ju\u00e1rez\u201d y \u201cJ\u00f3venes Escribiendo el Futuro\u201d.<\/p>\n\n\n\n\n\n<p>En ese sentido el Coordinador Nacional de Becas para el Bienestar, Julio Le\u00f3n Trujillo, quien recorri\u00f3 las zonas siniestradas, convoc\u00f3 a los responsables de las oficinas de representaci\u00f3n de cada entidad para acordar el calendario de dispersi\u00f3n de los pagos e iniciar a partir del 20 de octubre con el dep\u00f3sito de este importante apoyo del Gobierno Federal a las y los estudiantes.<\/p>\n\n\n\n<p>La dispersi\u00f3n de pagos se ten\u00eda programada para el mes de diciembre, cuando se har\u00eda el dep\u00f3sito de los bimestres septiembre-octubre y noviembre-diciembre, sin embargo, dadas las condiciones de emergencia en la poblaci\u00f3n, se ha comenzado con el dep\u00f3sito correspondiente al bimestre septiembre-octubre para los becarios de continuidad, (quienes cuentan ya con su tarjeta del Banco del Bienestar y han recibido cuando menos un dep\u00f3sito).<\/p>\n\n\n\n<p>En el estado de Veracruz, el Coordinador Estatal de Becas para el Bienestar, Carlos Villa Jim\u00e9nez, explic\u00f3 que ser\u00e1 del 20 al 27 de octubre cuando se realicen los dep\u00f3sitos conforme al calendario que considera la inicial del primer apellido de los beneficiarios en el caso de los becarios \u201cBenito Ju\u00e1rez\u201d https:\/\/www.gob.mx\/becasbenitojuarez\/articulos\/calendario-de-pago-primer-bimestre-2025-beca-benito-juarez?idiom=es .<\/p>\n\n\n\n<p>En el caso de los becarios del programa \u201cJ\u00f3venes Escribiendo el Futuro\u201d, igualmente de la modalidad de continuidad, el dep\u00f3sito se realizar\u00e1 para todos, el d\u00eda 29 de octubre, en ambos casos los beneficiarios son quienes se encuentran en el padr\u00f3n vigente al mes de junio del presente a\u00f1o.<\/p>\n\n\n\n<p>Villa Jim\u00e9nez aclar\u00f3 que el pago adelantado de las becas no es exclusivamente para las y los estudiantes damnificados, sino para todos los beneficiarios del pa\u00eds y expuso que a partir del mes de noviembre se programa tambi\u00e9n la entrega de tarjetas para los becarios de reci\u00e9n ingreso por lo que pidi\u00f3 mantenerse pendiente de las redes sociales oficiales del Gobierno de M\u00e9xico y la Coordinaci\u00f3n Nacional de Becas donde se har\u00e1 p\u00fablica las fechas de entrega en cada localidad.<\/p>\n\n\n\n<p>Destac\u00f3 la importancia que tiene la educaci\u00f3n de las y los j\u00f3venes para la Presidenta de M\u00e9xico, doctora Claudia Sheinbaum, por lo que la principal instrucci\u00f3n para el Secretario de Educaci\u00f3n, Mario Delgado y para el Coordinador Nacional de Becas para el Bienestar, Julio Le\u00f3n Trujillo, es facilitar los tr\u00e1mites, eliminar barreras y obst\u00e1culos para que se entreguen los apoyos a las ni\u00f1as, ni\u00f1os y j\u00f3venes a fin de que tengan lo indispensable para continuar con sus estudios.<\/p>\n\n\n\n<p>En el caso de las y los j\u00f3venes de reci\u00e9n ingreso al Programa Nacional de Becas en el sistema de ense\u00f1anza media superior y superior, se expuso que se encuentra en la etapa de validaci\u00f3n de datos por lo que se solicita mantenerse al pendiente de la informaci\u00f3n oficial para que conozcan los pasos a seguir.<\/p>\n","protected":false},"excerpt":{"rendered":"<p>En apoyo a las familias que resultaron afectadas por las lluvias e inundaciones en los Estados de Veracruz, Hidalgo y Puebla, la Presidenta de la Rep\u00fablica, doctora Claudia Sheinbaum, gir\u00f3 instrucciones a la Coordinaci\u00f3n Nacional de Becas para el Bienestar para que se adelanten los pagos programados para el mes de diciembre y sean entregados [&hellip;]<\/p>\n","protected":false},"author":2,"featured_media":154947,"comment_status":"closed","ping_status":"closed","sticky":false,"template":"","format":"standard","meta":{"_jetpack_newsletter_access":"","_jetpack_dont_email_post_to_subs":false,"_jetpack_newsletter_tier_id":0,"_jetpack_memberships_contains_paywalled_content":false,"_jetpack_memberships_contains_paid_content":false,"footnotes":""},"categories":[73],"tags":[3156,195],"class_list":["post-154945","post","type-post","status-publish","format-standard","has-post-thumbnail","hentry","category-de-boleto","tag-hidalgo","tag-veracruz"],"jetpack_featured_media_url":"https:\/\/lospoliticosveracruz.com.mx\/wp-content\/uploads\/2025\/10\/Becas-Bienestar.jpg","jetpack_sharing_enabled":true,"jetpack_shortlink":"https:\/\/wp.me\/p4Qcd3-Ej7","_links":{"self":[{"href":"https:\/\/lospoliticosveracruz.com.mx\/index.php?rest_route=\/wp\/v2\/posts\/154945","targetHints":{"allow":["GET"]}}],"collection":[{"href":"https:\/\/lospoliticosveracruz.com.mx\/index.php?rest_route=\/wp\/v2\/posts"}],"about":[{"href":"https:\/\/lospoliticosveracruz.com.mx\/index.php?rest_route=\/wp\/v2\/types\/post"}],"author":[{"embeddable":true,"href":"https:\/\/lospoliticosveracruz.com.mx\/index.php?rest_route=\/wp\/v2\/users\/2"}],"replies":[{"embeddable":true,"href":"https:\/\/lospoliticosveracruz.com.mx\/index.php?rest_route=%2Fwp%2Fv2%2Fcomments&post=154945"}],"version-history":[{"count":2,"href":"https:\/\/lospoliticosveracruz.com.mx\/index.php?rest_route=\/wp\/v2\/posts\/154945\/revisions"}],"predecessor-version":[{"id":154949,"href":"https:\/\/lospoliticosveracruz.com.mx\/index.php?rest_route=\/wp\/v2\/posts\/154945\/revisions\/154949"}],"wp:featuredmedia":[{"embeddable":true,"href":"https:\/\/lospoliticosveracruz.com.mx\/index.php?rest_route=\/wp\/v2\/media\/154947"}],"wp:attachment":[{"href":"https:\/\/lospoliticosveracruz.com.mx\/index.php?rest_route=%2Fwp%2Fv2%2Fmedia&parent=154945"}],"wp:term":[{"taxonomy":"category","embeddable":true,"href":"https:\/\/lospoliticosveracruz.com.mx\/index.php?rest_route=%2Fwp%2Fv2%2Fcategories&post=154945"},{"taxonomy":"post_tag","embeddable":true,"href":"https:\/\/lospoliticosveracruz.com.mx\/index.php?rest_route=%2Fwp%2Fv2%2Ftags&post=154945"}],"curies":[{"name":"wp","href":"https:\/\/api.w.org\/{rel}","templated":true}]}}