{"id":155000,"date":"2025-10-22T08:41:17","date_gmt":"2025-10-22T13:41:17","guid":{"rendered":"https:\/\/lospoliticosveracruz.com.mx\/?p=155000"},"modified":"2025-10-22T08:42:24","modified_gmt":"2025-10-22T13:42:24","slug":"no-estaba-muerto-andaba-de-parranda-ii","status":"publish","type":"post","link":"https:\/\/lospoliticosveracruz.com.mx\/?p=155000","title":{"rendered":"NO ESTABA MUERTO, ANDABA DE PARRANDA II"},"content":{"rendered":"\n<p><\/p>\n\n\n\n<p><strong>El Chueco, Osvaldo&nbsp;Taxilaga<\/strong><\/p>\n\n\n\n<p><em>Tinta y tiempo<\/em><\/p>\n\n\n\n<p>Mientras escrib\u00eda la entrega anterior, record\u00e9 muchos episodios en la vida p\u00fablica donde me ha tocado luchar contra marea para incluirme en equipos de trabajo competitivos.<\/p>\n\n\n\n<p>Por ejemplo, all\u00e1 a mediados&nbsp;o finales del 2020,&nbsp;un amigo que trabaja temas electorales,&nbsp;-despu\u00e9s de muchas fiestas y pl\u00e1ticas-, me invit\u00f3 a una reuni\u00f3n con el dirigente del entonces nuevo partido&nbsp;<strong><em>Fuerza por M\u00e9xico<\/em><\/strong><em>,<\/em>&nbsp;despu\u00e9s dos o tres reuniones, acept\u00e9&nbsp;incluirme.<\/p>\n\n\n\n<p>Por estas fechas estaba laborando en la<strong>&nbsp;Secretar\u00eda de Trabajo, Previsi\u00f3n Social y Productividad<\/strong>, pero por los sucesos ocurridos en ese a\u00f1o,&nbsp;hubo cambios y no andaba haciendo cosas interesantes, que por cierto, me toc\u00f3 en su momento coordinar la restauraci\u00f3n del&nbsp;<strong><em>Sistema&nbsp;<\/em><\/strong><strong><em>Valpar<\/em><\/strong><em>,<\/em><em>&nbsp;<\/em>que&nbsp;-en una definici\u00f3n resumida-, son diversas pruebas que meden las habilidades f\u00edsico-mec\u00e1nicas de los buscadores&nbsp;de empleo&nbsp;con discapacidad &nbsp;y adultos mayores, para hacerlesun perfil de habilidades laborales y que sea m\u00e1s \u201cf\u00e1cil\u201d vincularlos a una oferta de empleo.<\/p>\n\n\n\n\n\n<p>Pareciera ser que utilizan deudas sociales como escenarios de propagandismo, le explico a usted querido lector.<\/p>\n\n\n\n<p>Este sistema que consta de 21 pruebas, naci\u00f3 en 1987, impulsado por la&nbsp;<strong>Organizaci\u00f3n Internacional del Trabajo<\/strong><strong>(OIT)<\/strong>&nbsp;para un proyecto piloto en 5 pa\u00edses del continente, titulado, \u201cIntegraci\u00f3n Normalizada de las Personas con Discapacidad en las Instituciones de Formaci\u00f3n Profesional en Latinoam\u00e9rica\u201d.<\/p>\n\n\n\n<p>Y ya que les estoy contando esto, vamos a analizarlo a detalle.<\/p>\n\n\n\n<p>1.&nbsp;Era un proyecto de hace 38 a\u00f1os. En ese entonces todav\u00eda se hablaba de integraci\u00f3n, lo cual quiz\u00e1 para su \u00e9poca estaba bien y era acorde con las necesidades del momento: las maquiladoras y ensambladoras estaban en auge y la prueba se aplicaba en pa\u00edses en desarrollo. Pero hoy, creer que eso es novedad es una burla. Lo que se necesita son programas de inclusi\u00f3n laboral enfocados al desarrollo de habilidades tecnol\u00f3gicas. El grueso de la poblaci\u00f3n mencionada tiene acceso a un celular o una computadora. Ah\u00ed ustedes juzguen.<\/p>\n\n\n\n<p>2.&nbsp;Cuando inici\u00e9 la restauraci\u00f3n de esas 21 pruebas \u2014que b\u00e1sicamente son tornillos con tuercas, tarjetas y otras adaptaciones que miden retenci\u00f3n, concentraci\u00f3n, precisi\u00f3n, entre otras cosas\u2014 lo hice porque estaba asignado al programa que coordinaba. En ese entonces ten\u00edamos una auditor\u00eda de la federaci\u00f3n y todo deb\u00eda estar impecable. Me emocion\u00e9 y me compromet\u00ed tanto que hasta lo instalamos en un \u00e1rea accesible, justo en la entrada del edificio. Incluso se construy\u00f3 un ba\u00f1o adaptado para personas con discapacidad. La neta, s\u00ed trabajamos duro.<\/p>\n\n\n\n<p>3.&nbsp;Con el trabajo ya hecho, este centro se incluy\u00f3 en el cat\u00e1logo de programas que ofrec\u00edamos a las empresas. La verdad es que hab\u00eda (y hay) muy pocas acciones interesantes para las c\u00e1maras empresariales, que al final de cuentas son quienes ofertan las vacantes. La Secretar\u00eda solo vincula&#8230; y cacarea los n\u00fameros.<\/p>\n\n\n\n<p>Ya despu\u00e9s de esta nota a pie de p\u00e1gina \u2014que m\u00e1s bien parece ensayo\u2014 estando en Fuerza por M\u00e9xico, durante una gira, sali\u00f3 el tema de las personas con discapacidad en la vida p\u00fablica. Motivado por un amigo, le pregunt\u00e9 al presidente del partido si cre\u00eda que las personas con discapacidad ten\u00edamos oportunidades reales de participar en la vida p\u00fablica. Sin titubear me respondi\u00f3 que no, que a la sociedad todav\u00eda le faltaba mucho por \u201cnormalizar\u201d a las personas con discapacidad.<\/p>\n\n\n\n<p>Casi me bajo de la&nbsp;Suburban&nbsp;en ese momento. \u00bfQu\u00e9 caso tiene trabajar en un equipo donde tu jefe no te tiene \u201cnormalizado\u201d?<\/p>\n\n\n\n<p>En fin. Con esa bandera me toc\u00f3 subirme a la candidatura por la diputaci\u00f3n local del distrito XXV, de donde soy. Iba a competir con Rafa&nbsp;Fararoni. Obviamente, no hab\u00eda condiciones para ser un candidato decente y competitivo, as\u00ed que m\u00e1s adelante me cambiaron a la Regidur\u00eda Primera de Catemaco, lo cual acept\u00e9, a sabiendas de que el candidato no era de nuestro terru\u00f1o, y mucho menos sab\u00eda de estos temas.<\/p>\n\n\n\n<p>Pero a m\u00ed nadie me va a contar lo que es hacer campa\u00f1a sin dinero, ni la frustraci\u00f3n de querer hacer las cosas bien y no tener apoyo\u2026 Mientras tanto, qu\u00e9 r\u00e1pido y bien le sal\u00edan las empresas y propiedades al due\u00f1o del partido. Ah\u00ed estaban, luciendo ostentosas las prerrogativas.<\/p>\n\n\n\n<p>Historias como la anterior tengo m\u00e1s de las que quisiera, y ya se las ir\u00e9 contando. Las considero muy importantes de discutir, a la luz de la raz\u00f3n y no del coraz\u00f3n. Porque tenemos una discriminaci\u00f3n visible y otra invisible.<\/p>\n\n\n\n<p>Por eso, las cuotas destinadas al sector discapacidad est\u00e1n siendo otorgadas a personas que responden a intereses de grupos pol\u00edticos o que no tienen trayectoria p\u00fablica, precisamente para no ser inc\u00f3modas. As\u00ed se evita escuchar lo que no se ha hecho por el sector.<\/p>\n\n\n\n<p>De esto hay dos ejemplos muy puntuales: nuestra diputada federal y nuestro diputado local, ambos con discapacidad adquirida.<\/p>\n\n\n\n<p>La primera \u2014a quien le tengo amistad y respeto\u2014 legisla sobre turismo accesible. Y s\u00ed, tiene mi apoyo, pero \u00bfen serio? Con tantos pendientes urgentes, como la accesibilidad universal, que sigue siendo un \u201cllamado a misa\u201d para ayuntamientos y constructoras por la falta de reglas claras del juego. Ya veremos la calidad de su iniciativa y su capacidad de cabildeo.<\/p>\n\n\n\n<p>El segundo caso: me cuentan que al momento de su designaci\u00f3n no llevaba ni a\u00f1o y medio viviendo con la discapacidad, ocasionada por un deslave durante un recorrido con su esposa, la alcaldesa de ese municipio. Tambi\u00e9n me dijeron que antes de su postulaci\u00f3n no lo hab\u00edan visto en un evento p\u00fablico. Entonces, es poco probable que alguien que a\u00fan no conoce el sector proponga productos legislativos interesantes. Si no lo conoce ni lo ha trabajado, \u00bfc\u00f3mo va a legislarlo?<\/p>\n\n\n\n<p>Adem\u00e1s, me cuentan que esa curul cost\u00f3 varios \u201cfavorcitos\u201d a un personaje de Huatusco que trabajaba en el CEN de Morena y que ahora tambi\u00e9n ocupa una curul. A&nbsp;sabercu\u00e1ntas obras de aquel municipio cost\u00f3 ese regalito de la alcaldesa.<\/p>\n\n\n\n<p>Tengo muy claro que mi vocaci\u00f3n es el servicio p\u00fablico y que a\u00fan falta mucho camino por recorrer. Pero mientras nos quede voz, la esperanza no muere.<\/p>\n\n\n\n<p>De otras historias como esta seguiremos platicando la pr\u00f3xima semana. Porque reza el dicho: el que embaraza, se le olvida; pero la embarazada, jam\u00e1s.<\/p>\n\n\n\n<p>PD1. Las crisis que est\u00e1 enfrentando la gobernadora no son pol\u00edticas, son de comunicaci\u00f3n, que no han podido salvar ni una y todo tiene nombre y apellido, le est\u00e1 saliendo muy caro el sobre consentido, y no, no es politiquer\u00eda, no es la oposici\u00f3n, es el estado que tiene profundos vac\u00edos en su comunicaci\u00f3n institucional.<\/p>\n\n\n\n<p>Aunado a esto, m\u00e1s de un titular que anda all\u00e1&nbsp;\u201climpiando\u201d la zona, pero \u00bfellos con todos sus mandos medios?, en dos o tres meses que la primera etapa de la contingencia haya pasado \u00bfQu\u00e9 sigue? Y esas&nbsp;son decisiones de gabinete y no veo al gabinete arrastrando l\u00e1piz, todos buscan que \u201clos vea la jefa\u201d.<\/p>\n\n\n\n<p>PD2. Qu\u00e9 bien la presidenta CSP, recorriendo, escuchando y resolviendo, esperemos que as\u00ed siga hasta que todo vuelva a la cotidianidad, porque insisto no basta limpiar, tambi\u00e9n son escuelas, hospitales, espacios p\u00fablicos, servicios b\u00e1sicos,&nbsp;\u00e9tc, ya veremos.<\/p>\n\n\n\n<p>PD3. La Universidad Veracruzana a la calle, me&nbsp;asusta,&nbsp;pero me gusta, los estudiantes est\u00e1n cobrando su&nbsp;esencia, pero me quedan muchas dudas si sus motivaciones vienen de otros intereses, lo que s\u00ed es&nbsp;que,&nbsp;a rector\u00eda, le llueve&nbsp;sobre mojado, est\u00e1 sumergida en una crisis sin precedentes, y eso lastima la legitimidad y autonom\u00eda de mi amada U.V.<\/p>\n\n\n\n<p>Ya tengo 33, la edad de cristo. Otro a\u00f1o, nuevas historias por vivir y contar.<\/p>\n\n\n\n<p>Leo sus comentarios en&nbsp;<a href=\"mailto:soyelchueco@gmail.com\">soyelchueco@gmail.com<\/a>.<\/p>\n","protected":false},"excerpt":{"rendered":"<p>El Chueco, Osvaldo&nbsp;Taxilaga Tinta y tiempo Mientras escrib\u00eda la entrega anterior, record\u00e9 muchos episodios en la vida p\u00fablica donde me ha tocado luchar contra marea para incluirme en equipos de trabajo competitivos. Por ejemplo, all\u00e1 a mediados&nbsp;o finales del 2020,&nbsp;un amigo que trabaja temas electorales,&nbsp;-despu\u00e9s de muchas fiestas y pl\u00e1ticas-, me invit\u00f3 a una reuni\u00f3n [&hellip;]<\/p>\n","protected":false},"author":2,"featured_media":141380,"comment_status":"closed","ping_status":"closed","sticky":false,"template":"","format":"standard","meta":{"_jetpack_newsletter_access":"","_jetpack_dont_email_post_to_subs":false,"_jetpack_newsletter_tier_id":0,"_jetpack_memberships_contains_paywalled_content":false,"_jetpack_memberships_contains_paid_content":false,"footnotes":""},"categories":[70],"tags":[36730,1026,3578,195],"class_list":["post-155000","post","type-post","status-publish","format-standard","has-post-thumbnail","hentry","category-de-opinion","tag-el-chueco","tag-morena","tag-rocio-nahle","tag-veracruz"],"jetpack_featured_media_url":"https:\/\/lospoliticosveracruz.com.mx\/wp-content\/uploads\/2025\/04\/El-Chueco.jpg","jetpack_sharing_enabled":true,"jetpack_shortlink":"https:\/\/wp.me\/p4Qcd3-Ek0","_links":{"self":[{"href":"https:\/\/lospoliticosveracruz.com.mx\/index.php?rest_route=\/wp\/v2\/posts\/155000","targetHints":{"allow":["GET"]}}],"collection":[{"href":"https:\/\/lospoliticosveracruz.com.mx\/index.php?rest_route=\/wp\/v2\/posts"}],"about":[{"href":"https:\/\/lospoliticosveracruz.com.mx\/index.php?rest_route=\/wp\/v2\/types\/post"}],"author":[{"embeddable":true,"href":"https:\/\/lospoliticosveracruz.com.mx\/index.php?rest_route=\/wp\/v2\/users\/2"}],"replies":[{"embeddable":true,"href":"https:\/\/lospoliticosveracruz.com.mx\/index.php?rest_route=%2Fwp%2Fv2%2Fcomments&post=155000"}],"version-history":[{"count":1,"href":"https:\/\/lospoliticosveracruz.com.mx\/index.php?rest_route=\/wp\/v2\/posts\/155000\/revisions"}],"predecessor-version":[{"id":155003,"href":"https:\/\/lospoliticosveracruz.com.mx\/index.php?rest_route=\/wp\/v2\/posts\/155000\/revisions\/155003"}],"wp:featuredmedia":[{"embeddable":true,"href":"https:\/\/lospoliticosveracruz.com.mx\/index.php?rest_route=\/wp\/v2\/media\/141380"}],"wp:attachment":[{"href":"https:\/\/lospoliticosveracruz.com.mx\/index.php?rest_route=%2Fwp%2Fv2%2Fmedia&parent=155000"}],"wp:term":[{"taxonomy":"category","embeddable":true,"href":"https:\/\/lospoliticosveracruz.com.mx\/index.php?rest_route=%2Fwp%2Fv2%2Fcategories&post=155000"},{"taxonomy":"post_tag","embeddable":true,"href":"https:\/\/lospoliticosveracruz.com.mx\/index.php?rest_route=%2Fwp%2Fv2%2Ftags&post=155000"}],"curies":[{"name":"wp","href":"https:\/\/api.w.org\/{rel}","templated":true}]}}