{"id":155014,"date":"2025-10-22T10:22:06","date_gmt":"2025-10-22T15:22:06","guid":{"rendered":"https:\/\/lospoliticosveracruz.com.mx\/?p=155014"},"modified":"2025-10-22T10:23:52","modified_gmt":"2025-10-22T15:23:52","slug":"reconstruir-sigue-siendo-el-tema-de-nahle","status":"publish","type":"post","link":"https:\/\/lospoliticosveracruz.com.mx\/?p=155014","title":{"rendered":"RECONSTRUIR SIGUE SIENDO EL TEMA DE NAHLE"},"content":{"rendered":"\n<p><strong>Iv\u00e1n Calder\u00f3n<\/strong><br><em>Perfilando<\/em><br>Tal parece ser que Veracruz hay dos tipos de personas despu\u00e9s del desastre, las que se arremangan la camisa para levantar el lodo, y las que levantan el celular para grabar videos o lanzar acusaciones contra los diferentes \u00f3rdenes de Gobierno.<br>Ya sabemos a cu\u00e1l grupo pertenecen algunos.<br>Le explico.<\/p>\n\n\n\n\n\n<p><br>Mientras en el norte de la entidad veracruzana el agua apenas comenzaba a bajar, y las familias buscaban entre los restos de sus casas algo que rescatar, varios \u201cliderazgos\u201d locales se apuraban a encontrar no una pala, sino una c\u00e1mara, como el caso de Emilio Olvera, qui\u00e9n hasta el momento ha dado muestras de demencia total al saberse perdedor en la alcald\u00eda de Poza Rica por Movimiento Ciudadano.<br>Por eso no sorprende que Roc\u00edo Nahle Garc\u00eda, haya dejado claro en entrevistas con medios nacionales que lo que hoy necesita Veracruz: es trabajo y unidad, \u201cno distracciones ni pol\u00e9micas\u201d.<br>Y es que mientras otros aprovechan el lodo para ensuciar, el Gobierno de la Rep\u00fablica y el Gobierno del Estado se han dedicado, literalmente, a limpiarlo, pues con el respaldo total de la presidenta Claudia Sheinbaum, Veracruz tiene en campo a todo el gabinete federal: Ej\u00e9rcito, Marina, Protecci\u00f3n Civil, Bienestar, Conagua, y sobre todo, resultados.<br>De hecho, hasta el momento, m\u00e1s del 65 por ciento de Poza Rica ya libre de desechos.<br>Nahle lo ha dicho sin rodeos: su prioridad es reconstruir el norte, empezando por donde m\u00e1s duele, donde est\u00e1n los pueblos ind\u00edgenas y la esencia cultural del estado. Y aunque algunos quisieran verla debatiendo con bots o influencers de ocasi\u00f3n, ella eligi\u00f3 el camino m\u00e1s inc\u00f3modo: el de hacer.<br>Ya est\u00e1 m\u00e1s que dicho que antes del desbordamiento del Cazones, se activaron protocolos preventivos. Protecci\u00f3n Civil recorri\u00f3 las colonias desde la madrugada, y Pemex lanz\u00f3 su alerta a tiempo. Pero claro, eso no lo comparten los que viven de gritar \u201cnegligencia\u201d en may\u00fasculas.<br>En materia de salud, los esfuerzos tambi\u00e9n se han intensificado, campa\u00f1as de vacunaci\u00f3n contra el t\u00e9tano, fumigaci\u00f3n para evitar brotes de dengue y la restituci\u00f3n de servicios en hospitales y centros de salud. La emergencia sanitaria se ha contenido, aunque la recuperaci\u00f3n apenas empieza.<br>Ahora, mientras los censos del Bienestar contin\u00faan, las obras de rehabilitaci\u00f3n y los apoyos llegan de manera directa, y los mismos que hace d\u00edas exig\u00edan resultados instant\u00e1neos, contin\u00faan con su cantaleta de convertir el dolor ajeno en propaganda propia.<br>El norte de Veracruz, en cambio, se pondr\u00e1 de pie.<br>Y aunque el ruido pol\u00edtico sea escandaloso, el trabajo sigue avanzando.<br>Algunos reconstruyen, otros, solo escandalizan en redes.<br>Vaya caso.<br>@IvanKalderon<\/p>\n","protected":false},"excerpt":{"rendered":"<p>Iv\u00e1n Calder\u00f3nPerfilandoTal parece ser que Veracruz hay dos tipos de personas despu\u00e9s del desastre, las que se arremangan la camisa para levantar el lodo, y las que levantan el celular para grabar videos o lanzar acusaciones contra los diferentes \u00f3rdenes de Gobierno.Ya sabemos a cu\u00e1l grupo pertenecen algunos.Le explico. Mientras en el norte de la [&hellip;]<\/p>\n","protected":false},"author":2,"featured_media":141388,"comment_status":"closed","ping_status":"closed","sticky":false,"template":"","format":"standard","meta":{"_jetpack_newsletter_access":"","_jetpack_dont_email_post_to_subs":false,"_jetpack_newsletter_tier_id":0,"_jetpack_memberships_contains_paywalled_content":false,"_jetpack_memberships_contains_paid_content":false,"footnotes":""},"categories":[70],"tags":[43364,1026,1267,3578,195],"class_list":["post-155014","post","type-post","status-publish","format-standard","has-post-thumbnail","hentry","category-de-opinion","tag-emilio-olvera","tag-morena","tag-poza-rica","tag-rocio-nahle","tag-veracruz"],"jetpack_featured_media_url":"https:\/\/lospoliticosveracruz.com.mx\/wp-content\/uploads\/2025\/04\/Ivan-Calderon-Flores.jpg","jetpack_sharing_enabled":true,"jetpack_shortlink":"https:\/\/wp.me\/p4Qcd3-Eke","_links":{"self":[{"href":"https:\/\/lospoliticosveracruz.com.mx\/index.php?rest_route=\/wp\/v2\/posts\/155014","targetHints":{"allow":["GET"]}}],"collection":[{"href":"https:\/\/lospoliticosveracruz.com.mx\/index.php?rest_route=\/wp\/v2\/posts"}],"about":[{"href":"https:\/\/lospoliticosveracruz.com.mx\/index.php?rest_route=\/wp\/v2\/types\/post"}],"author":[{"embeddable":true,"href":"https:\/\/lospoliticosveracruz.com.mx\/index.php?rest_route=\/wp\/v2\/users\/2"}],"replies":[{"embeddable":true,"href":"https:\/\/lospoliticosveracruz.com.mx\/index.php?rest_route=%2Fwp%2Fv2%2Fcomments&post=155014"}],"version-history":[{"count":1,"href":"https:\/\/lospoliticosveracruz.com.mx\/index.php?rest_route=\/wp\/v2\/posts\/155014\/revisions"}],"predecessor-version":[{"id":155016,"href":"https:\/\/lospoliticosveracruz.com.mx\/index.php?rest_route=\/wp\/v2\/posts\/155014\/revisions\/155016"}],"wp:featuredmedia":[{"embeddable":true,"href":"https:\/\/lospoliticosveracruz.com.mx\/index.php?rest_route=\/wp\/v2\/media\/141388"}],"wp:attachment":[{"href":"https:\/\/lospoliticosveracruz.com.mx\/index.php?rest_route=%2Fwp%2Fv2%2Fmedia&parent=155014"}],"wp:term":[{"taxonomy":"category","embeddable":true,"href":"https:\/\/lospoliticosveracruz.com.mx\/index.php?rest_route=%2Fwp%2Fv2%2Fcategories&post=155014"},{"taxonomy":"post_tag","embeddable":true,"href":"https:\/\/lospoliticosveracruz.com.mx\/index.php?rest_route=%2Fwp%2Fv2%2Ftags&post=155014"}],"curies":[{"name":"wp","href":"https:\/\/api.w.org\/{rel}","templated":true}]}}