{"id":155018,"date":"2025-10-22T10:42:25","date_gmt":"2025-10-22T15:42:25","guid":{"rendered":"https:\/\/lospoliticosveracruz.com.mx\/?p=155018"},"modified":"2025-10-22T10:42:58","modified_gmt":"2025-10-22T15:42:58","slug":"el-capricho-de-trump-que-parece-no-llegar","status":"publish","type":"post","link":"https:\/\/lospoliticosveracruz.com.mx\/?p=155018","title":{"rendered":"EL CAPRICHO DE TRUMP QUE PARECE NO LLEGAR"},"content":{"rendered":"\n<p><strong>Alejandro Aguirre Guerrero<\/strong><\/p>\n\n\n\n<p><em>Al respecto\u2026<\/em><\/p>\n\n\n\n<p>Negociar con Trump siempre ser\u00e1 (y continuar\u00e1 siendo), distinto que con cualquier otro presidente estadunidense de la era moderna. Y as\u00ed, a pesar de \u00e9l y de su inestable forma de comportarse, el equipo de negociadores de M\u00e9xico logr\u00f3 lo que se avistaba imposible hasta hace algunos meses: cambios poco sustanciales en el nuevo T-MEC.<\/p>\n\n\n\n\n\n<p>Y es que incluso se lleg\u00f3 a barajar la posibilidad de que Estados Unidos buscara manejar acuerdos bilaterales, abri\u00e9ndose (de esa manera) la probable existencia de escenarios distintos tanto para M\u00e9xico como para Canad\u00e1, asunto sin duda conveniente (y altamente favorecedor), para Trump y compa\u00f1\u00eda.<\/p>\n\n\n\n<p>Pero no ser\u00e1 as\u00ed. Salvo que ocurra algo aut\u00e9nticamente extraordinario, el T-MEC continuar\u00e1 siendo trilateral, y no experimentar\u00e1 cambios de corte estructural respecto al todav\u00eda vigente. Si bien es cierto Trump podr\u00eda amagar en los meses por venir, fiel a su costumbre, nada \u201calocado\u201d acabar\u00e1 ocurriendo.<\/p>\n\n\n\n<p>De esta manera, a pesar de lo inestable que puede ser (y resultar) el magnate estadunidense, el tratado comercial entre los tres pa\u00edses acabar\u00e1 no alej\u00e1ndose mucho del original (aunque tendr\u00e1 ciertos caprichos gringos), porque a final de cuentas \u201cTrump siempre gana algo extra\u201d, dicen en la Casa Blanca.<\/p>\n\n\n\n<p>Lo que rodea a la titular de Turismo<\/p>\n\n\n\n<p>De acuerdo a investigaciones en su estado natal, la titular de Turismo, Josefina Rodr\u00edguez Zamora, no evit\u00f3 que la presidenta Sheinbaum le adjudicara el t\u00edtulo de maestra en alta direcci\u00f3n cuando ley\u00f3 su curr\u00edculum durante su presentaci\u00f3n como secretaria, a pesar de no contar con dicho grado acad\u00e9mico.<\/p>\n\n\n\n<p>Adem\u00e1s, las investigaciones medi\u00e1ticas indican que (para colmo), en la Universidad del Valle de Tlaxcala no existir\u00eda dicho posgrado. Y aunque para buscar disminuir el exabrupto corrigieron el perfil de Rodr\u00edguez en la p\u00e1gina oficial, lo cierto es que el yerro estaba dado, involucr\u00f3 a la presidenta, y peor a\u00fan, est\u00e1 lejos de apagarse.<\/p>\n\n\n\n<p>Y en Tlaxcala, a\u00fan gobernado por Lorena Cu\u00e9llar, quiz\u00e1 se ordene una investigaci\u00f3n profunda a la mencionada Universidad, para encontrar lo que aut\u00e9nticamente ocurri\u00f3 en este revuelo medi\u00e1tico.<\/p>\n\n\n\n<p>A ver qu\u00e9 tanto le cuesta todo esto a Josefina Rodr\u00edguez en sus aspiraciones por gobernar dicho estado.<\/p>\n\n\n\n<p>Veracruz, poco a poco se recupera<\/p>\n\n\n\n<p>Contin\u00faan fluyendo apoyos para los damnificados en el norte de Veracruz. La legislatura del estado entreg\u00f3 m\u00e1s de 10 mil despensas, siete mil kits de limpieza y mil tinacos en los municipios de Coatzintla y Poza Rica. Adem\u00e1s, se sumaron a las labores de remoci\u00f3n de escombros. Fue el diputado Esteban Bautista quien coordin\u00f3 los trabajos.<\/p>\n\n\n\n<p>Y para los que han buscado obtener raja pol\u00edtica de la tragedia en el estado, la misma realidad podr\u00eda alcanzarlos en breve y darles un golpe frontal. Se avanza, (entre gobiernos federal y estatal), aunados a la labor ciudadana.<\/p>\n\n\n\n<p>Veremos los adelantos para la siguiente semana.<\/p>\n\n\n\n<p>X: @aaguirre_g<\/p>\n","protected":false},"excerpt":{"rendered":"<p>Alejandro Aguirre Guerrero Al respecto\u2026 Negociar con Trump siempre ser\u00e1 (y continuar\u00e1 siendo), distinto que con cualquier otro presidente estadunidense de la era moderna. Y as\u00ed, a pesar de \u00e9l y de su inestable forma de comportarse, el equipo de negociadores de M\u00e9xico logr\u00f3 lo que se avistaba imposible hasta hace algunos meses: cambios poco [&hellip;]<\/p>\n","protected":false},"author":2,"featured_media":141373,"comment_status":"closed","ping_status":"closed","sticky":false,"template":"","format":"standard","meta":{"_jetpack_newsletter_access":"","_jetpack_dont_email_post_to_subs":false,"_jetpack_newsletter_tier_id":0,"_jetpack_memberships_contains_paywalled_content":false,"_jetpack_memberships_contains_paid_content":false,"footnotes":""},"categories":[70],"tags":[42482,2846,41841,1267],"class_list":["post-155018","post","type-post","status-publish","format-standard","has-post-thumbnail","hentry","category-de-opinion","tag-claudia-sheinbau","tag-donald-trump","tag-josefina-rodriguez-zamora","tag-poza-rica"],"jetpack_featured_media_url":"https:\/\/lospoliticosveracruz.com.mx\/wp-content\/uploads\/2025\/04\/Alejandro-Aguirre-Guerrero.jpg","jetpack_sharing_enabled":true,"jetpack_shortlink":"https:\/\/wp.me\/p4Qcd3-Eki","_links":{"self":[{"href":"https:\/\/lospoliticosveracruz.com.mx\/index.php?rest_route=\/wp\/v2\/posts\/155018","targetHints":{"allow":["GET"]}}],"collection":[{"href":"https:\/\/lospoliticosveracruz.com.mx\/index.php?rest_route=\/wp\/v2\/posts"}],"about":[{"href":"https:\/\/lospoliticosveracruz.com.mx\/index.php?rest_route=\/wp\/v2\/types\/post"}],"author":[{"embeddable":true,"href":"https:\/\/lospoliticosveracruz.com.mx\/index.php?rest_route=\/wp\/v2\/users\/2"}],"replies":[{"embeddable":true,"href":"https:\/\/lospoliticosveracruz.com.mx\/index.php?rest_route=%2Fwp%2Fv2%2Fcomments&post=155018"}],"version-history":[{"count":1,"href":"https:\/\/lospoliticosveracruz.com.mx\/index.php?rest_route=\/wp\/v2\/posts\/155018\/revisions"}],"predecessor-version":[{"id":155019,"href":"https:\/\/lospoliticosveracruz.com.mx\/index.php?rest_route=\/wp\/v2\/posts\/155018\/revisions\/155019"}],"wp:featuredmedia":[{"embeddable":true,"href":"https:\/\/lospoliticosveracruz.com.mx\/index.php?rest_route=\/wp\/v2\/media\/141373"}],"wp:attachment":[{"href":"https:\/\/lospoliticosveracruz.com.mx\/index.php?rest_route=%2Fwp%2Fv2%2Fmedia&parent=155018"}],"wp:term":[{"taxonomy":"category","embeddable":true,"href":"https:\/\/lospoliticosveracruz.com.mx\/index.php?rest_route=%2Fwp%2Fv2%2Fcategories&post=155018"},{"taxonomy":"post_tag","embeddable":true,"href":"https:\/\/lospoliticosveracruz.com.mx\/index.php?rest_route=%2Fwp%2Fv2%2Ftags&post=155018"}],"curies":[{"name":"wp","href":"https:\/\/api.w.org\/{rel}","templated":true}]}}