{"id":155065,"date":"2025-10-22T23:14:53","date_gmt":"2025-10-23T04:14:53","guid":{"rendered":"https:\/\/lospoliticosveracruz.com.mx\/?p=155065"},"modified":"2025-10-22T23:15:04","modified_gmt":"2025-10-23T04:15:04","slug":"dia-de-muertos-en-jardines-de-xalapa","status":"publish","type":"post","link":"https:\/\/lospoliticosveracruz.com.mx\/?p=155065","title":{"rendered":"D\u00cdA DE MUERTOS EN JARDINES DE XALAPA"},"content":{"rendered":"\n<p>En un ambiente de color, m\u00fasica y convivencia, los vecinos de la Unidad Habitacional Jardines de Xalapa se preparan para celebrar el tradicional D\u00eda de Muertos con una jornada llena de actividades culturales y recreativas en el Parque Jardines de Xalapa, el pr\u00f3ximo domingo 26 de octubre.<\/p>\n\n\n\n<p>El evento, titulado \u201cCelebraci\u00f3n D\u00eda de Muertos\u201d, es fruto del esfuerzo conjunto de los habitantes de la colonia, quienes buscan mantener vivas las tradiciones mexicanas y, al mismo tiempo, fomentar la uni\u00f3n vecinal en un entorno de paz, armon\u00eda y convivencia familiar.<\/p>\n\n\n\n<p><strong>Un Programa para Toda la Familia<\/strong><\/p>\n\n\n\n<p>Las actividades comenzar\u00e1n a las 4 de la tarde con una kerm\u00e9s y taller de manualidades para ni\u00f1os, acompa\u00f1ados de un cuentacuentos dirigido por Ana Valderrama del Proyecto Aves y Moras. Adem\u00e1s, se realizar\u00e1 un juego de loter\u00eda para todas las edades, un cl\u00e1sico que une generaciones.<\/p>\n\n\n\n<p>M\u00e1s tarde, de 6 a 7 p.m., se presentar\u00e1 el Tr\u00edo Huasteco \u201cCoyotes del Macuilt\u00e9petl\u201d, quienes pondr\u00e1n el toque musical con sones y huapangos tradicionales para celebrar la memoria de los fieles difuntos.<\/p>\n\n\n\n<p>La jornada continuar\u00e1 con la participaci\u00f3n del Ballet Folcl\u00f3rico Infantil de Veracruz, bajo la direcci\u00f3n del maestro Gustavo Tapia Osorio, que interpretar\u00e1 una colorida representaci\u00f3n de Xantolo, una de las expresiones m\u00e1s emblem\u00e1ticas del D\u00eda de Muertos en la regi\u00f3n huasteca.<\/p>\n\n\n\n<p>Finalmente, la noche cerrar\u00e1 con energ\u00eda rockera gracias a Rafa Hern\u00e1ndez, integrante del grupo AEROTOMIC, quien presentar\u00e1 su espect\u00e1culo \u201cRockero hasta los Huesos\u201d a partir de las 8 p.m.<\/p>\n\n\n\n<p><strong>Tradici\u00f3n Viva en Comunidad<\/strong><\/p>\n\n\n\n<p>La iniciativa demuestra el compromiso de los vecinos de Jardines de Xalapa por mantener sus tradiciones vivas, adapt\u00e1ndolas a un contexto moderno sin perder su esencia. M\u00e1s que un festejo, se trata de un acto de reencuentro comunitario, donde la cultura, la memoria y la convivencia se entrelazan para fortalecer el tejido social.<\/p>\n\n\n\n<p>Con actividades para todas las edades y un entorno seguro y festivo, esta celebraci\u00f3n busca reafirmar el valor del Parque Jardines de Xalapa como espacio simb\u00f3lico de encuentro y unidad.<\/p>\n\n\n\n<p>\u201cNo faltes\u201d \u2014invitan los organizadores\u2014 a una tarde que promete llenar de flores, m\u00fasica y sonrisas el coraz\u00f3n de la comunidad.<\/p>\n","protected":false},"excerpt":{"rendered":"<p>En un ambiente de color, m\u00fasica y convivencia, los vecinos de la Unidad Habitacional Jardines de Xalapa se preparan para celebrar el tradicional D\u00eda de Muertos con una jornada llena de actividades culturales y recreativas en el Parque Jardines de Xalapa, el pr\u00f3ximo domingo 26 de octubre. El evento, titulado \u201cCelebraci\u00f3n D\u00eda de Muertos\u201d, es [&hellip;]<\/p>\n","protected":false},"author":2,"featured_media":155067,"comment_status":"closed","ping_status":"closed","sticky":false,"template":"","format":"standard","meta":{"_jetpack_newsletter_access":"","_jetpack_dont_email_post_to_subs":false,"_jetpack_newsletter_tier_id":0,"_jetpack_memberships_contains_paywalled_content":false,"_jetpack_memberships_contains_paid_content":false,"footnotes":""},"categories":[75],"tags":[46805,560,46803,46807,46808],"class_list":["post-155065","post","type-post","status-publish","format-standard","has-post-thumbnail","hentry","category-cine-libros-y-mas","tag-coyotes-del-macuiltepetl","tag-dia-de-muertos","tag-jardines-de-xalapa-2","tag-rafa-hernandez","tag-rockero-hasta-los-huesos"],"jetpack_featured_media_url":"https:\/\/lospoliticosveracruz.com.mx\/wp-content\/uploads\/2025\/10\/22F1E8FB-8E3A-4D25-B86D-6949EAA4AD00-e1761192392877.png","jetpack_sharing_enabled":true,"jetpack_shortlink":"https:\/\/wp.me\/p4Qcd3-El3","_links":{"self":[{"href":"https:\/\/lospoliticosveracruz.com.mx\/index.php?rest_route=\/wp\/v2\/posts\/155065","targetHints":{"allow":["GET"]}}],"collection":[{"href":"https:\/\/lospoliticosveracruz.com.mx\/index.php?rest_route=\/wp\/v2\/posts"}],"about":[{"href":"https:\/\/lospoliticosveracruz.com.mx\/index.php?rest_route=\/wp\/v2\/types\/post"}],"author":[{"embeddable":true,"href":"https:\/\/lospoliticosveracruz.com.mx\/index.php?rest_route=\/wp\/v2\/users\/2"}],"replies":[{"embeddable":true,"href":"https:\/\/lospoliticosveracruz.com.mx\/index.php?rest_route=%2Fwp%2Fv2%2Fcomments&post=155065"}],"version-history":[{"count":1,"href":"https:\/\/lospoliticosveracruz.com.mx\/index.php?rest_route=\/wp\/v2\/posts\/155065\/revisions"}],"predecessor-version":[{"id":155069,"href":"https:\/\/lospoliticosveracruz.com.mx\/index.php?rest_route=\/wp\/v2\/posts\/155065\/revisions\/155069"}],"wp:featuredmedia":[{"embeddable":true,"href":"https:\/\/lospoliticosveracruz.com.mx\/index.php?rest_route=\/wp\/v2\/media\/155067"}],"wp:attachment":[{"href":"https:\/\/lospoliticosveracruz.com.mx\/index.php?rest_route=%2Fwp%2Fv2%2Fmedia&parent=155065"}],"wp:term":[{"taxonomy":"category","embeddable":true,"href":"https:\/\/lospoliticosveracruz.com.mx\/index.php?rest_route=%2Fwp%2Fv2%2Fcategories&post=155065"},{"taxonomy":"post_tag","embeddable":true,"href":"https:\/\/lospoliticosveracruz.com.mx\/index.php?rest_route=%2Fwp%2Fv2%2Ftags&post=155065"}],"curies":[{"name":"wp","href":"https:\/\/api.w.org\/{rel}","templated":true}]}}