{"id":155113,"date":"2025-10-23T18:06:54","date_gmt":"2025-10-23T23:06:54","guid":{"rendered":"https:\/\/lospoliticosveracruz.com.mx\/?p=155113"},"modified":"2025-10-23T18:07:24","modified_gmt":"2025-10-23T23:07:24","slug":"recursos-para-servir-no-para-propaganda","status":"publish","type":"post","link":"https:\/\/lospoliticosveracruz.com.mx\/?p=155113","title":{"rendered":"RECURSOS, PARA SERVIR; NO PARA PROPAGANDA!"},"content":{"rendered":"\n<p>Ante la cr\u00edtica situaci\u00f3n que enfrentan diversos municipios del norte de Veracruz, la diputada local del PAN, Montserrat Ortega Ru\u00edz hizo un llamado a la responsabilidad presupuestal y propuso reasignar 250 millones de pesos del gasto en la Secretar\u00eda de Finanzas y en Comunicaci\u00f3n Social del Gobierno del Estado, para destinarlos a la contrataci\u00f3n inmediata de maquinaria pesada, cargadores y tractores que permitan retirar la basura acumulada tras las inundaciones.<\/p>\n\n\n\n<p>La legisladora advirti\u00f3 que la acumulaci\u00f3n de desechos en calles, cauces y colonias afectadas se ha convertido en un grave foco de infecci\u00f3n y riesgo sanitario para miles de familias, especialmente en \u00c1lamo, Tuxpan y Poza Rica, donde las lluvias dejaron toneladas de residuos sin levantar.<\/p>\n\n\n\n<p>\u201cNo podemos seguir gastando en promover la imagen del gobierno mientras las familias viven entre lodo y basura. Es momento de apretarnos el cintur\u00f3n como autoridades y demostrar que los recursos p\u00fablicos deben servir a la gente, no a la propaganda\u201d, se\u00f1al\u00f3 Ortega Ruiz.<\/p>\n\n\n\n<p>La diputada enfatiz\u00f3 que el Congreso del Estado tiene la facultad de modificar y reasignar partidas presupuestales, por lo que exhort\u00f3 a que se act\u00fae con prontitud para prevenir una emergencia sanitaria mayor.<\/p>\n\n\n\n<p>Asimismo, llam\u00f3 a las autoridades estatales y municipales a coordinar esfuerzos con Protecci\u00f3n Civil, la SEDENA y la CONAGUA para establecer un plan emergente de saneamiento ambiental que devuelva condiciones dignas a las comunidades afectadas.<\/p>\n\n\n\n<p>\u201cLas veracruzanas y veracruzanos no necesitan discursos ni fotos oficiales, necesitan soluciones reales: calles limpias, salud y empat\u00eda de su gobierno\u201d, concluy\u00f3.<\/p>\n","protected":false},"excerpt":{"rendered":"<p>Ante la cr\u00edtica situaci\u00f3n que enfrentan diversos municipios del norte de Veracruz, la diputada local del PAN, Montserrat Ortega Ru\u00edz hizo un llamado a la responsabilidad presupuestal y propuso reasignar 250 millones de pesos del gasto en la Secretar\u00eda de Finanzas y en Comunicaci\u00f3n Social del Gobierno del Estado, para destinarlos a la contrataci\u00f3n inmediata [&hellip;]<\/p>\n","protected":false},"author":2,"featured_media":155115,"comment_status":"closed","ping_status":"closed","sticky":false,"template":"","format":"standard","meta":{"_jetpack_newsletter_access":"","_jetpack_dont_email_post_to_subs":false,"_jetpack_newsletter_tier_id":0,"_jetpack_memberships_contains_paywalled_content":false,"_jetpack_memberships_contains_paid_content":false,"footnotes":""},"categories":[43718],"tags":[933,10402,640],"class_list":["post-155113","post","type-post","status-publish","format-standard","has-post-thumbnail","hentry","category-elpalaciodeencanto","tag-comunicacion-social","tag-montserrat-ortega-ruiz","tag-sefiplan"],"jetpack_featured_media_url":"https:\/\/lospoliticosveracruz.com.mx\/wp-content\/uploads\/2025\/10\/Montse.jpg","jetpack_sharing_enabled":true,"jetpack_shortlink":"https:\/\/wp.me\/p4Qcd3-ElP","_links":{"self":[{"href":"https:\/\/lospoliticosveracruz.com.mx\/index.php?rest_route=\/wp\/v2\/posts\/155113","targetHints":{"allow":["GET"]}}],"collection":[{"href":"https:\/\/lospoliticosveracruz.com.mx\/index.php?rest_route=\/wp\/v2\/posts"}],"about":[{"href":"https:\/\/lospoliticosveracruz.com.mx\/index.php?rest_route=\/wp\/v2\/types\/post"}],"author":[{"embeddable":true,"href":"https:\/\/lospoliticosveracruz.com.mx\/index.php?rest_route=\/wp\/v2\/users\/2"}],"replies":[{"embeddable":true,"href":"https:\/\/lospoliticosveracruz.com.mx\/index.php?rest_route=%2Fwp%2Fv2%2Fcomments&post=155113"}],"version-history":[{"count":1,"href":"https:\/\/lospoliticosveracruz.com.mx\/index.php?rest_route=\/wp\/v2\/posts\/155113\/revisions"}],"predecessor-version":[{"id":155116,"href":"https:\/\/lospoliticosveracruz.com.mx\/index.php?rest_route=\/wp\/v2\/posts\/155113\/revisions\/155116"}],"wp:featuredmedia":[{"embeddable":true,"href":"https:\/\/lospoliticosveracruz.com.mx\/index.php?rest_route=\/wp\/v2\/media\/155115"}],"wp:attachment":[{"href":"https:\/\/lospoliticosveracruz.com.mx\/index.php?rest_route=%2Fwp%2Fv2%2Fmedia&parent=155113"}],"wp:term":[{"taxonomy":"category","embeddable":true,"href":"https:\/\/lospoliticosveracruz.com.mx\/index.php?rest_route=%2Fwp%2Fv2%2Fcategories&post=155113"},{"taxonomy":"post_tag","embeddable":true,"href":"https:\/\/lospoliticosveracruz.com.mx\/index.php?rest_route=%2Fwp%2Fv2%2Ftags&post=155113"}],"curies":[{"name":"wp","href":"https:\/\/api.w.org\/{rel}","templated":true}]}}