{"id":155123,"date":"2025-10-23T20:31:48","date_gmt":"2025-10-24T01:31:48","guid":{"rendered":"https:\/\/lospoliticosveracruz.com.mx\/?p=155123"},"modified":"2025-10-23T20:32:11","modified_gmt":"2025-10-24T01:32:11","slug":"sheinbaum-y-nahle-en-coordinacion-institucional-y-alianza","status":"publish","type":"post","link":"https:\/\/lospoliticosveracruz.com.mx\/?p=155123","title":{"rendered":"SHEINBAUM Y NAHLE, EN COORDINACI\u00d3N INSTITUCIONAL Y ALIANZA"},"content":{"rendered":"\n<p><strong>Jos\u00e9 Luis Enr\u00edquez Ambell<\/strong><\/p>\n\n\n\n<p><em>Caf\u00e9 de Ma\u00f1ana<\/em><\/p>\n\n\n\n<p>Hist\u00f3ricamente en Veracruz desde el mandato presidencial de Carlos Salinas y el Gobernador Patricio Chrinos, no se hab\u00eda dado una relaci\u00f3n de estrecha coordinaci\u00f3n, apoyo mutuo y con una alianza de largo aliento como ahora entre la Presidenta Sheinbaum y la Gobernadora Nahle.<\/p>\n\n\n\n<p>Este estatus desde hace un a\u00f1o y ahora en la emergencia por las recientes inundaciones en el norte de la entidad, referenda el respaldo de Claudia a Roc\u00edo.<\/p>\n\n\n\n\n\n<p>El respaldo presidencial y coordinaci\u00f3n con la gobernadora de Veracruz, coloca a estas dos mujeres en acci\u00f3n con la confianza plena de caminar juntas y avanzando a\u00fan por encima de los misiles que les lanzan incluso en el fuego amigo y hasta enemigo.<\/p>\n\n\n\n<p>Est\u00e1s dos primeras mujeres gobernantes en M\u00e9xico, mantienen una cerrada defensa en las filas de la transformaci\u00f3n en temas de cambio que no excluye en estos momentos asuntos como las inundaciones, huachicol fiscal, entre otros temas no de menor relevancia.<\/p>\n\n\n\n<p>Nahle le reconoce liderazgo a Sheinbaum, lo que acrecenta la confianza pol\u00edtica de la titular del Poder Ejecutivo Federal a la ex Senadora de la Rep\u00fablica por Veracruz, situaci\u00f3n que las enlaza y echa para adelante en la tempestad clim\u00e1tica y pol\u00edtica.<\/p>\n\n\n\n<p>En el concierto de los gobernadores, Roc\u00edo Nahle est\u00e1 en el equipo m\u00e1s cercano a la Dra. Sheinbaum, y eso permitir\u00e1 enfrentar y superar juntas los momentos de crisis y alta tensi\u00f3n, sea por las recientes lluvias, seguridad o de infraestructura caminera u otros sectores, y qui\u00e9n lo niege, seguramente o trae lentes oscuros o vive en otro planeta.<\/p>\n\n\n\n<p>Y es que, y\u00e9ndole bien a la Presidenta y a la Gobernadora, le ir\u00e1 mejor a M\u00e9xico y Veracruz.<\/p>\n\n\n\n<p>M\u00e1s all\u00e1 de la atenci\u00f3n para la superaci\u00f3n de los da\u00f1os por las inundaciones, los proyectos de obras de infraestructura portuaria y en las comunicaciones para mejorar carreteras y acciones como la Terminal Semiespecializada de Contenedores en el puerto de Veracruz, programas sociales como el apoyo universal para personas con discapacidad en Veracruz, con participaci\u00f3n financiera de la federaci\u00f3n y el estado en favor del bienestar, la justicia y la igualdad, les coloca en el inter\u00e9s de la poblaci\u00f3n en su conjunto.<\/p>\n\n\n\n<p>DE SOBREMESA<\/p>\n\n\n\n<p>El pasaso 16 de junio &#8211; este a\u00f1o &#8211; esta columna se t\u00edtulo : \u00abLlegaron las lluvias; \u00bfY el Atlas de Riesgo de los Ayuntamientos ?<\/p>\n\n\n\n<p>As\u00ed pues, sin querer buscar culpables, y m\u00e1s bien recordar que todos debemos de buscar soluciones para tratar de prevenir que el cambio clim\u00e1tico nos impacte con una mayor severidad sobre todo en sitios de la poblaci\u00f3n m\u00e1s vulnerable, es el abordamiento del tema.<\/p>\n\n\n\n<p>En ese sentido, los 212 Ayuntamientos deben buscar acercarse al Estado y la Federaci\u00f3n en t\u00e9rminos de construir pol\u00edticas p\u00fablicas que se edifiquen en materia de la protecci\u00f3n civil.<\/p>\n\n\n\n<p>UN CAF\u00c9 LECHERO LIGHT<\/p>\n\n\n\n<p>Las \u201czonas susceptibles de inundaci\u00f3n\u201d, en el mapa de c\u00e1lculos de la Coordinaci\u00f3n Nacional de Protecci\u00f3n Civil, y el Centro Nacional de Prevenci\u00f3n de Desastres y el Gobierno de Veracruz, tienen informaci\u00f3n que todos los Ayuntamientos Veracruzanos deber\u00edan buscar obtener, as\u00ed como con del INEGI, y municipios costeros y serranos necesitan, para construir instrumentos de mejor medici\u00f3n, prevenci\u00f3n y control incluso para conocer posibles regiones susceptibles de deslizamientos y problemas de vulnerabilidad en algunas zonas.<\/p>\n\n\n\n<p>UN CAF\u00c9 CON PILONCILLO<\/p>\n\n\n\n<p>El dibujo o desdibujo de los Atlas de Riesgo, es responsabilidad de los Ayuntamientos, y los venideros ya est\u00e1n avisados, no hay derecho a quejarse o esconderse en el devenir ante los fen\u00f3menos de la ni\u00f1a y el ni\u00f1o.<\/p>\n\n\n\n<p>UN CAF\u00c9 DE OLLA DE BARRO<\/p>\n\n\n\n<p>Esperamos que los efectos de El Ni\u00f1o y La Ni\u00f1a no traigan da\u00f1os humanos, aunque los materiales a veces resultan inevitables por las inundaciones, derrumbes, socavones y que ocasionan destrucciones, y algunas veces hasta en zonas que en cierta manera est\u00e1n acostumbradas a convivir con los fen\u00f3menos tropicales, de ah\u00ed la importancia de todas las administraciones municipales para meterse en la atenci\u00f3n y prevenci\u00f3n.<\/p>\n\n\n\n<p>Se sabe que el Gobierno de Veracruz ya est\u00e1 preparado en lo log\u00edstico, operativamente y financieramente para atender oportunamente a la poblaci\u00f3n afectada hace unos d\u00edas, pero tambi\u00e9n las municipalidades tienen que hacer su parte.<\/p>\n\n\n\n<p>\u00a1ES CUANTO!<\/p>\n\n\n\n<p>enriquezambell@gmail.com;<br>enamjl62@gmail.com<\/p>\n","protected":false},"excerpt":{"rendered":"<p>Jos\u00e9 Luis Enr\u00edquez Ambell Caf\u00e9 de Ma\u00f1ana Hist\u00f3ricamente en Veracruz desde el mandato presidencial de Carlos Salinas y el Gobernador Patricio Chrinos, no se hab\u00eda dado una relaci\u00f3n de estrecha coordinaci\u00f3n, apoyo mutuo y con una alianza de largo aliento como ahora entre la Presidenta Sheinbaum y la Gobernadora Nahle. Este estatus desde hace un [&hellip;]<\/p>\n","protected":false},"author":2,"featured_media":141435,"comment_status":"closed","ping_status":"closed","sticky":false,"template":"","format":"standard","meta":{"_jetpack_newsletter_access":"","_jetpack_dont_email_post_to_subs":false,"_jetpack_newsletter_tier_id":0,"_jetpack_memberships_contains_paywalled_content":false,"_jetpack_memberships_contains_paid_content":false,"footnotes":""},"categories":[70],"tags":[28461,3578,195],"class_list":["post-155123","post","type-post","status-publish","format-standard","has-post-thumbnail","hentry","category-de-opinion","tag-alamo-2","tag-rocio-nahle","tag-veracruz"],"jetpack_featured_media_url":"https:\/\/lospoliticosveracruz.com.mx\/wp-content\/uploads\/2025\/04\/Ambell.jpg","jetpack_sharing_enabled":true,"jetpack_shortlink":"https:\/\/wp.me\/p4Qcd3-ElZ","_links":{"self":[{"href":"https:\/\/lospoliticosveracruz.com.mx\/index.php?rest_route=\/wp\/v2\/posts\/155123","targetHints":{"allow":["GET"]}}],"collection":[{"href":"https:\/\/lospoliticosveracruz.com.mx\/index.php?rest_route=\/wp\/v2\/posts"}],"about":[{"href":"https:\/\/lospoliticosveracruz.com.mx\/index.php?rest_route=\/wp\/v2\/types\/post"}],"author":[{"embeddable":true,"href":"https:\/\/lospoliticosveracruz.com.mx\/index.php?rest_route=\/wp\/v2\/users\/2"}],"replies":[{"embeddable":true,"href":"https:\/\/lospoliticosveracruz.com.mx\/index.php?rest_route=%2Fwp%2Fv2%2Fcomments&post=155123"}],"version-history":[{"count":2,"href":"https:\/\/lospoliticosveracruz.com.mx\/index.php?rest_route=\/wp\/v2\/posts\/155123\/revisions"}],"predecessor-version":[{"id":155132,"href":"https:\/\/lospoliticosveracruz.com.mx\/index.php?rest_route=\/wp\/v2\/posts\/155123\/revisions\/155132"}],"wp:featuredmedia":[{"embeddable":true,"href":"https:\/\/lospoliticosveracruz.com.mx\/index.php?rest_route=\/wp\/v2\/media\/141435"}],"wp:attachment":[{"href":"https:\/\/lospoliticosveracruz.com.mx\/index.php?rest_route=%2Fwp%2Fv2%2Fmedia&parent=155123"}],"wp:term":[{"taxonomy":"category","embeddable":true,"href":"https:\/\/lospoliticosveracruz.com.mx\/index.php?rest_route=%2Fwp%2Fv2%2Fcategories&post=155123"},{"taxonomy":"post_tag","embeddable":true,"href":"https:\/\/lospoliticosveracruz.com.mx\/index.php?rest_route=%2Fwp%2Fv2%2Ftags&post=155123"}],"curies":[{"name":"wp","href":"https:\/\/api.w.org\/{rel}","templated":true}]}}