{"id":155143,"date":"2025-10-23T21:33:49","date_gmt":"2025-10-24T02:33:49","guid":{"rendered":"https:\/\/lospoliticosveracruz.com.mx\/?p=155143"},"modified":"2025-10-23T21:34:06","modified_gmt":"2025-10-24T02:34:06","slug":"ven-a-conocerlos","status":"publish","type":"post","link":"https:\/\/lospoliticosveracruz.com.mx\/?p=155143","title":{"rendered":"VEN A CONOCERLOS!"},"content":{"rendered":"\n<p><em>Veracruz:<\/em> El Comit\u00e9 de Carnaval anunci\u00f3 una gran rumbata para la presentaci\u00f3n oficial de las y los candidatos que aspiran a representar la alegr\u00eda, la identidad y la tradici\u00f3n del puerto de Veracruz.<\/p>\n\n\n\n<p>Con el registro de dos aspirantes a Reina Infantil, este jueves cerr\u00f3 la convocatoria para integrar la Corte Real del Carnaval de Veracruz 2026, quedando las candidaturas de la siguiente forma:<\/p>\n\n\n\n<p>Reina<br>\u2022 Candidata: Fernanda Pumar G\u00f3mez<br>Distintivo: Blanco<br>Reina infantil<br>\u2022 Candidata: Maryelli Sabela Torres Delgado<br>Distintivo: Rosa<br>\u2022 Candidata: Regina Torrecilla Delgado<br>Distintivo: Rojo<br>Rey del Carnaval<br>\u2022 Candidato: Jos\u00e9 Mario S\u00e1nchez Ucha<br>Distintivo: Blanco<br>\u2022 Candidato: Bernardino Jim\u00e9nez Revuelta \u201cNayo\u201d<br>Distintivo: Dorado<br>\u2022 Candidato: Jorge Jair Torres Espejo \u201cChiliwily\u201d<br>Distintivo: Amarillo<br>Rey Infantil<br>\u2022 Candidato: Gael Santiago Segura Rangel<br>Distintivo: Rojo<\/p>\n\n\n\n<p>El regidor octavo del Ayuntamiento de Veracruz, con la comisi\u00f3n de Carnaval y Turismo, Daniel Mart\u00edn Lois, y Luis Vald\u00e9s Salamanca, presidente del Comit\u00e9 de Carnaval de Veracruz, informaron que la rumbata se realizar\u00e1 este viernes 24 de octubre a partir de las 16:00 horas, con un recorrido que partir\u00e1 de la avenida Independencia, esquina Emparan hasta llegar al Z\u00f3calo porte\u00f1o, e invitaron a la gente a sumarse a este festejo de color y algarab\u00eda.<\/p>\n\n\n\n<p>Cabe recordar que la convocatoria se ampli\u00f3 previamente para dar oportunidad a quienes no pudieron inscribirse dentro del plazo inicial debido a la solidaridad mostrada por la poblaci\u00f3n veracruzana, que se volc\u00f3 a apoyar a las comunidades afectadas por la contingencia en la zona norte del estado.<\/p>\n\n\n\n<p>La rumbata ser\u00e1 una oportunidad para que la ciudadan\u00eda conozca a las y los aspirantes de todas las categor\u00edas, compartiendo con ellos la alegr\u00eda y el entusiasmo que caracterizan a esta fiesta emblem\u00e1tica. Es un momento para disfrutar del color, la m\u00fasica y la tradici\u00f3n que har\u00e1n del Carnaval de Veracruz 2026, en su edici\u00f3n 102, la fiesta de todos.<\/p>\n\n\n\n<p>El proceso de elecci\u00f3n de la Corte Real del Carnaval de Veracruz 2026 continuar\u00e1 conforme a lo establecido en las bases de la convocatoria, especific\u00e1ndose que, en el caso de que solo exista un candidato o candidata, como ocurre actualmente en las categor\u00edas de la Reina y del Rey Infantil, se deber\u00e1n contabilizar los votos m\u00ednimos de confirmaci\u00f3n de continuidad para hacerse acreedores a la designaci\u00f3n.<\/p>\n","protected":false},"excerpt":{"rendered":"<p>Veracruz: El Comit\u00e9 de Carnaval anunci\u00f3 una gran rumbata para la presentaci\u00f3n oficial de las y los candidatos que aspiran a representar la alegr\u00eda, la identidad y la tradici\u00f3n del puerto de Veracruz. Con el registro de dos aspirantes a Reina Infantil, este jueves cerr\u00f3 la convocatoria para integrar la Corte Real del Carnaval de [&hellip;]<\/p>\n","protected":false},"author":2,"featured_media":155147,"comment_status":"closed","ping_status":"closed","sticky":false,"template":"","format":"standard","meta":{"_jetpack_newsletter_access":"","_jetpack_dont_email_post_to_subs":false,"_jetpack_newsletter_tier_id":0,"_jetpack_memberships_contains_paywalled_content":false,"_jetpack_memberships_contains_paid_content":false,"footnotes":""},"categories":[75],"tags":[1843,15378,195],"class_list":["post-155143","post","type-post","status-publish","format-standard","has-post-thumbnail","hentry","category-cine-libros-y-mas","tag-carnaval","tag-daniel-martin-lois","tag-veracruz"],"jetpack_featured_media_url":"https:\/\/lospoliticosveracruz.com.mx\/wp-content\/uploads\/2025\/10\/d5ad891f-67aa-4c64-8690-2b3f32457212-scaled-e1761273126474.jpeg","jetpack_sharing_enabled":true,"jetpack_shortlink":"https:\/\/wp.me\/p4Qcd3-Emj","_links":{"self":[{"href":"https:\/\/lospoliticosveracruz.com.mx\/index.php?rest_route=\/wp\/v2\/posts\/155143","targetHints":{"allow":["GET"]}}],"collection":[{"href":"https:\/\/lospoliticosveracruz.com.mx\/index.php?rest_route=\/wp\/v2\/posts"}],"about":[{"href":"https:\/\/lospoliticosveracruz.com.mx\/index.php?rest_route=\/wp\/v2\/types\/post"}],"author":[{"embeddable":true,"href":"https:\/\/lospoliticosveracruz.com.mx\/index.php?rest_route=\/wp\/v2\/users\/2"}],"replies":[{"embeddable":true,"href":"https:\/\/lospoliticosveracruz.com.mx\/index.php?rest_route=%2Fwp%2Fv2%2Fcomments&post=155143"}],"version-history":[{"count":2,"href":"https:\/\/lospoliticosveracruz.com.mx\/index.php?rest_route=\/wp\/v2\/posts\/155143\/revisions"}],"predecessor-version":[{"id":155149,"href":"https:\/\/lospoliticosveracruz.com.mx\/index.php?rest_route=\/wp\/v2\/posts\/155143\/revisions\/155149"}],"wp:featuredmedia":[{"embeddable":true,"href":"https:\/\/lospoliticosveracruz.com.mx\/index.php?rest_route=\/wp\/v2\/media\/155147"}],"wp:attachment":[{"href":"https:\/\/lospoliticosveracruz.com.mx\/index.php?rest_route=%2Fwp%2Fv2%2Fmedia&parent=155143"}],"wp:term":[{"taxonomy":"category","embeddable":true,"href":"https:\/\/lospoliticosveracruz.com.mx\/index.php?rest_route=%2Fwp%2Fv2%2Fcategories&post=155143"},{"taxonomy":"post_tag","embeddable":true,"href":"https:\/\/lospoliticosveracruz.com.mx\/index.php?rest_route=%2Fwp%2Fv2%2Ftags&post=155143"}],"curies":[{"name":"wp","href":"https:\/\/api.w.org\/{rel}","templated":true}]}}