{"id":155152,"date":"2025-10-23T22:24:29","date_gmt":"2025-10-24T03:24:29","guid":{"rendered":"https:\/\/lospoliticosveracruz.com.mx\/?p=155152"},"modified":"2025-10-23T22:24:38","modified_gmt":"2025-10-24T03:24:38","slug":"pantepec-y-tuxpan-investigacion-y-supervision-estricta","status":"publish","type":"post","link":"https:\/\/lospoliticosveracruz.com.mx\/?p=155152","title":{"rendered":"PANTEPEC Y TUXPAN, INVESTIGACI\u00d3N Y SUPERVISI\u00d3N ESTRICTA!"},"content":{"rendered":"\n<p>El Grupo Legislativo del Partido Verde Ecologista de M\u00e9xico (PVEM), de la Legislatura de Veracruz, expresaron su profunda consternaci\u00f3n y solidaridad con las comunidades afectadas por el lamentable derrame de hidrocarburos en los r\u00edos Pantepec y Tuxpan, un hecho lamentable para nuestro patrimonio natural.<\/p>\n\n\n\n<p>El coordinador del Grupo Legislativo del PVEM del Congreso de Veracruz, Carlos Marcelo Ruiz S\u00e1nchez expres\u00f3 que hoy \u201cnos enfrentamos a una situaci\u00f3n que, detonada por fen\u00f3menos naturales, evidencia con urgencia la necesidad de modernizaci\u00f3n y de un mantenimiento preventivo riguroso de la infraestructura energ\u00e9tica\u201d.<\/p>\n\n\n\n\n\n<p>Abund\u00f3 que este jueves en la conferencia ma\u00f1anera de nuestra Presidenta, la Doctora Claudia Sheinbaum Pardo, hizo referencia sobre un deslave posterior a las lluvias intensas que afectaron el norte de la entidad, que remarca la necesidad de una investigaci\u00f3n t\u00e9cnica profunda sobre estas instalaciones y los factores desencadenantes.<\/p>\n\n\n\n<p>Precis\u00f3 que estos preocupantes sucesos, refuerzan nuestra convicci\u00f3n de que debemos actuar con mayor celeridad y determinaci\u00f3n para fortalecer las pol\u00edticas de prevenci\u00f3n, mitigaci\u00f3n, adaptaci\u00f3n y, fundamentalmente, de responsabilidad ambiental efectiva.<\/p>\n\n\n\n<p>Reconoci\u00f3 los esfuerzos realizados por PEMEX, que ha informado a trav\u00e9s de un comunicado especial sobre la reanudaci\u00f3n segura de operaciones del oleoducto Poza Rica-Madero y mantiene intensas labores de limpieza, contenci\u00f3n y remediaci\u00f3n ambiental en la zona del r\u00edo Pantepec.<\/p>\n\n\n\n<p>Dijo que seg\u00fan la informaci\u00f3n oficial de la Secretar\u00eda de Energ\u00eda (SE), este operativo incluye un n\u00famero significativo de unidades, personal, equipo especializado como cordones oleof\u00edlicos, barreras marinas y skimmers, as\u00ed como el apoyo de compa\u00f1\u00edas especializadas. Valoramos la coordinaci\u00f3n inicial con diversas autoridades y el apoyo brindado a las comunidades.<\/p>\n\n\n\n<p>Destac\u00f3 que la protecci\u00f3n de nuestros ecosistemas y la salud de los veracruzanos exigen ir m\u00e1s all\u00e1 de las respuestas inmediatas y asegurar una remediaci\u00f3n completa y transparente.<\/p>\n\n\n\n<p>Puntualiz\u00f3 que como legisladores verdes est\u00e1n comprometidos con la defensa de nuestro entorno, respaldamos firmemente y nos sumamos con energ\u00eda al exhorto planteado por nuestra bancada federal del Partido Verde, haciendo nuestra la necesaria exigencia expresada por nuestro compa\u00f1ero y hermano, el diputado Javier Herrera Borunda.<\/p>\n\n\n\n<p>Afirm\u00f3 que hacen eco de su llamado urgente a la Agencia de Seguridad, Energ\u00eda y Ambiente (ASEA) que, en pleno ejercicio de sus atribuciones, no solo intensifique, sino que garantice una supervisi\u00f3n continua y transparente de las labores de remediaci\u00f3n.<\/p>\n\n\n\n<p>Consider\u00f3 indispensable que ASEA atienda a la brevedad, la solicitud de informaci\u00f3n requerida por la Soberan\u00eda Federal.<\/p>\n\n\n\n<p>Urgi\u00f3 para que desde Veracruz tengamos pleno y oportuno conocimiento t\u00e9cnico sobre el estado real del derrame, su dispersi\u00f3n y sus impactos, particularmente en Citlalt\u00e9petl.<\/p>\n\n\n\n<p>Sostuvo que el compromiso de supervisi\u00f3n expresado por la Presidenta Sheinbaum debe materializarse en informaci\u00f3n accesible y acciones verificables.<\/p>\n\n\n\n<p>Asimismo, es fundamental garantizar que se apliquen las mejores pr\u00e1cticas y tecnolog\u00edas disponibles para la captaci\u00f3n superficial inmediata, as\u00ed como la contenci\u00f3n, recolecci\u00f3n y tratamiento del hidrocarburo derramado, a trav\u00e9s de t\u00e9cnicas como el desnatado y barreras absorbentes especializadas, minimizando as\u00ed los pasivos ambientales y acelerando la recuperaci\u00f3n ecol\u00f3gica de estos importantes afluentes, de la que dependen miles de veracruzanas y veracruzanos de la regi\u00f3n huasteca.<\/p>\n\n\n\n<p>Mencion\u00f3 que la aplicaci\u00f3n diligente y cient\u00edficamente validada de estas y otras tecnolog\u00edas de remediaci\u00f3n, as\u00ed como la velocidad empleada ser\u00e1n determinantes para evitar que la contaminaci\u00f3n se disperse y afecte ecosistemas m\u00e1s amplios y fuentes de sustento de las comunidades.<\/p>\n\n\n\n<p>En ese mismo sentido, expres\u00f3 \u201cno quiero dejar pasar la oportunidad de mencionar que nos declaramos profundamente conmovidos por lo visto y vivido durante las visitas de apoyo en la regi\u00f3n. La angustia de las familias, la incertidumbre sobre el futuro de sus actividades productivas y la tristeza por el da\u00f1o a su entorno natural, son un llamado urgente a la acci\u00f3n coordinada y eficaz\u201d.<\/p>\n\n\n\n<p>Reafirm\u00f3 que los esfuerzos de limpieza y recuperaci\u00f3n de los r\u00edos afectados, deben ser los m\u00e1s \u00e1giles posibles, implementando un monitoreo ambiental riguroso y transparente.<\/p>\n\n\n\n<p>\u201cEs as\u00ed, como estoy convencido que este Congreso, dar\u00e1 su apoyo a todas las acciones legislativas necesarias, para fortalecer el marco normativo en materia de seguridad industrial, responsabilidad ambiental y adaptaci\u00f3n al cambio clim\u00e1tico\u201d, a\u00f1adi\u00f3.<\/p>\n\n\n\n<p>Acot\u00f3 que \u201cnuestro coraz\u00f3n est\u00e1 con toda la gente de la regi\u00f3n norte de Veracruz. No est\u00e1n solos\u201d.<\/p>\n\n\n\n<p>Antes de concluir, hizo un llamado respetuoso, pero en\u00e9rgico para que las autoridades federales mantengan y fortalezcan sus capacidades t\u00e9cnicas y financieras, respaldando activamente al gobierno del Estado de Veracruz, para impedir que esta emergencia derive en una crisis medioambiental de mayores proporciones, asegurando la restauraci\u00f3n del equilibrio ecol\u00f3gico y la protecci\u00f3n de la salud p\u00fablica como una prioridad compartida e irrenunciable.<\/p>\n","protected":false},"excerpt":{"rendered":"<p>El Grupo Legislativo del Partido Verde Ecologista de M\u00e9xico (PVEM), de la Legislatura de Veracruz, expresaron su profunda consternaci\u00f3n y solidaridad con las comunidades afectadas por el lamentable derrame de hidrocarburos en los r\u00edos Pantepec y Tuxpan, un hecho lamentable para nuestro patrimonio natural. El coordinador del Grupo Legislativo del PVEM del Congreso de Veracruz, [&hellip;]<\/p>\n","protected":false},"author":2,"featured_media":155153,"comment_status":"closed","ping_status":"closed","sticky":false,"template":"","format":"standard","meta":{"_jetpack_newsletter_access":"","_jetpack_dont_email_post_to_subs":false,"_jetpack_newsletter_tier_id":0,"_jetpack_memberships_contains_paywalled_content":false,"_jetpack_memberships_contains_paid_content":false,"footnotes":""},"categories":[43718],"tags":[17123,43799,46798,372,203,195],"class_list":["post-155152","post","type-post","status-publish","format-standard","has-post-thumbnail","hentry","category-elpalaciodeencanto","tag-carlos-marcelo-ruiz-sanchez","tag-carlos-marcelo-ruiz-sanchez-3","tag-pantepec","tag-pemex","tag-tuxpan","tag-veracruz"],"jetpack_featured_media_url":"https:\/\/lospoliticosveracruz.com.mx\/wp-content\/uploads\/2025\/10\/d3044b39-f4d2-48d2-9c02-b3cb45cda97d-e1761275901542.jpeg","jetpack_sharing_enabled":true,"jetpack_shortlink":"https:\/\/wp.me\/p4Qcd3-Ems","_links":{"self":[{"href":"https:\/\/lospoliticosveracruz.com.mx\/index.php?rest_route=\/wp\/v2\/posts\/155152","targetHints":{"allow":["GET"]}}],"collection":[{"href":"https:\/\/lospoliticosveracruz.com.mx\/index.php?rest_route=\/wp\/v2\/posts"}],"about":[{"href":"https:\/\/lospoliticosveracruz.com.mx\/index.php?rest_route=\/wp\/v2\/types\/post"}],"author":[{"embeddable":true,"href":"https:\/\/lospoliticosveracruz.com.mx\/index.php?rest_route=\/wp\/v2\/users\/2"}],"replies":[{"embeddable":true,"href":"https:\/\/lospoliticosveracruz.com.mx\/index.php?rest_route=%2Fwp%2Fv2%2Fcomments&post=155152"}],"version-history":[{"count":1,"href":"https:\/\/lospoliticosveracruz.com.mx\/index.php?rest_route=\/wp\/v2\/posts\/155152\/revisions"}],"predecessor-version":[{"id":155154,"href":"https:\/\/lospoliticosveracruz.com.mx\/index.php?rest_route=\/wp\/v2\/posts\/155152\/revisions\/155154"}],"wp:featuredmedia":[{"embeddable":true,"href":"https:\/\/lospoliticosveracruz.com.mx\/index.php?rest_route=\/wp\/v2\/media\/155153"}],"wp:attachment":[{"href":"https:\/\/lospoliticosveracruz.com.mx\/index.php?rest_route=%2Fwp%2Fv2%2Fmedia&parent=155152"}],"wp:term":[{"taxonomy":"category","embeddable":true,"href":"https:\/\/lospoliticosveracruz.com.mx\/index.php?rest_route=%2Fwp%2Fv2%2Fcategories&post=155152"},{"taxonomy":"post_tag","embeddable":true,"href":"https:\/\/lospoliticosveracruz.com.mx\/index.php?rest_route=%2Fwp%2Fv2%2Ftags&post=155152"}],"curies":[{"name":"wp","href":"https:\/\/api.w.org\/{rel}","templated":true}]}}