{"id":155161,"date":"2025-10-23T23:07:21","date_gmt":"2025-10-24T04:07:21","guid":{"rendered":"https:\/\/lospoliticosveracruz.com.mx\/?p=155161"},"modified":"2025-10-23T23:07:38","modified_gmt":"2025-10-24T04:07:38","slug":"un-priista-infame-y-oportunista","status":"publish","type":"post","link":"https:\/\/lospoliticosveracruz.com.mx\/?p=155161","title":{"rendered":"UN PRIISTA INFAME Y OPORTUNISTA"},"content":{"rendered":"\n<p><strong>Trujyper<\/strong><\/p>\n\n\n\n<p><em>Verba Brava<\/em><\/p>\n\n\n\n<p>Qu\u00e9 jaloneo sabros\u00f3n, chido y coqueto el que se dieron el profe y diputado Esteban Bautista, mero preciso de la Jucopo, contra el H\u00e9tor Yunes, el pariente de los del Clan del Estercolero, o sea, los madriadores de comensales en restaurantes de pomada y tocho lujo, cuando les recuerdan su precio por aquellito de su traici\u00f3n a los veracruzanos que creyeron y votaron por ellos, \u00a1maldita sea!<\/p>\n\n\n\n<p>La micro bancadita de lo queda del tricolor, formada por Anita la guerfanita de Paso de Ovejas, la Monse Ortega y el H\u00e9tor ya no hallan de qu\u00e9 manera darse a notar pos la neta del planeta es que ni se ven ni se oyen en el Congreso, valen lo que le unta al queso.<br>El vato chole\u00f1o en comento, se avent\u00f3 la puntada de echar cacayacas contra los diputados locales que cooperaron con un mes de salario pa\u00b4hacer la vaquita, con esa pachocha compraron alimentos y otras chucher\u00edas de limpieza pa\u00b4los paisanos del norte del Estado que la\u00b4st\u00e1n pasando de la china Hilaria, como quien dice con el lodo hasta el cuello, literalmente hablando.<\/p>\n\n\n\n<p>El Bautista le sorraj\u00f3 al Hetor\u00edn unos sabrosos ep\u00edtetos dignos pa\u00b4que se los colgara; \u201cinfame y oportunista\u201d y esto pos porque crioque el chole\u00f1o solt\u00f3 en un tik tok que chance y los apoyos pa\u00b4los damnificados iban a ser entregados con sello guinda y blanco ignorando el apoyo con un mes de lana de los dipus de oposici\u00f3n y que por eso mejor los hab\u00edan bajado de los camiones pa\u00b4entregarlos ellos mismos direitamente y en la mano, pueque s\u00ed, pueque no, y pos ya se sabe que el \u00f1i\u00f1o H\u00e9tor es alegre bailador.. le dieron tumbas y maracas, y pos ya se vio; le recetaron un sopapo entre ceja jeta oreja y madre. Pa\u00b4pronto.<\/p>\n\n\n\n<p>Lo que no deja de ser cierto es que si hay alg\u00fan pol\u00edtico fiel y que se muere en la raya por apoyar a t\u00eda Ch\u00edo, ese es el profe Esteban, que al final del cuento se la rifa con el o la que se le ponga enfrente como buen guerrillero, crioque es de los poqu\u00edsimos que le est\u00e1n dando resultados y buenas cuentas a la do\u00f1a, que no pasa precisamente por uno de sus mejores momentos.<\/p>\n","protected":false},"excerpt":{"rendered":"<p>Trujyper Verba Brava Qu\u00e9 jaloneo sabros\u00f3n, chido y coqueto el que se dieron el profe y diputado Esteban Bautista, mero preciso de la Jucopo, contra el H\u00e9tor Yunes, el pariente de los del Clan del Estercolero, o sea, los madriadores de comensales en restaurantes de pomada y tocho lujo, cuando les recuerdan su precio por [&hellip;]<\/p>\n","protected":false},"author":2,"featured_media":141381,"comment_status":"closed","ping_status":"closed","sticky":false,"template":"","format":"standard","meta":{"_jetpack_newsletter_access":"","_jetpack_dont_email_post_to_subs":false,"_jetpack_newsletter_tier_id":0,"_jetpack_memberships_contains_paywalled_content":false,"_jetpack_memberships_contains_paid_content":false,"footnotes":""},"categories":[70],"tags":[],"class_list":["post-155161","post","type-post","status-publish","format-standard","has-post-thumbnail","hentry","category-de-opinion"],"jetpack_featured_media_url":"https:\/\/lospoliticosveracruz.com.mx\/wp-content\/uploads\/2025\/04\/El-Trujyper.jpg","jetpack_sharing_enabled":true,"jetpack_shortlink":"https:\/\/wp.me\/p4Qcd3-EmB","_links":{"self":[{"href":"https:\/\/lospoliticosveracruz.com.mx\/index.php?rest_route=\/wp\/v2\/posts\/155161","targetHints":{"allow":["GET"]}}],"collection":[{"href":"https:\/\/lospoliticosveracruz.com.mx\/index.php?rest_route=\/wp\/v2\/posts"}],"about":[{"href":"https:\/\/lospoliticosveracruz.com.mx\/index.php?rest_route=\/wp\/v2\/types\/post"}],"author":[{"embeddable":true,"href":"https:\/\/lospoliticosveracruz.com.mx\/index.php?rest_route=\/wp\/v2\/users\/2"}],"replies":[{"embeddable":true,"href":"https:\/\/lospoliticosveracruz.com.mx\/index.php?rest_route=%2Fwp%2Fv2%2Fcomments&post=155161"}],"version-history":[{"count":2,"href":"https:\/\/lospoliticosveracruz.com.mx\/index.php?rest_route=\/wp\/v2\/posts\/155161\/revisions"}],"predecessor-version":[{"id":155167,"href":"https:\/\/lospoliticosveracruz.com.mx\/index.php?rest_route=\/wp\/v2\/posts\/155161\/revisions\/155167"}],"wp:featuredmedia":[{"embeddable":true,"href":"https:\/\/lospoliticosveracruz.com.mx\/index.php?rest_route=\/wp\/v2\/media\/141381"}],"wp:attachment":[{"href":"https:\/\/lospoliticosveracruz.com.mx\/index.php?rest_route=%2Fwp%2Fv2%2Fmedia&parent=155161"}],"wp:term":[{"taxonomy":"category","embeddable":true,"href":"https:\/\/lospoliticosveracruz.com.mx\/index.php?rest_route=%2Fwp%2Fv2%2Fcategories&post=155161"},{"taxonomy":"post_tag","embeddable":true,"href":"https:\/\/lospoliticosveracruz.com.mx\/index.php?rest_route=%2Fwp%2Fv2%2Ftags&post=155161"}],"curies":[{"name":"wp","href":"https:\/\/api.w.org\/{rel}","templated":true}]}}