{"id":155182,"date":"2025-10-24T08:32:06","date_gmt":"2025-10-24T13:32:06","guid":{"rendered":"https:\/\/lospoliticosveracruz.com.mx\/?p=155182"},"modified":"2025-10-24T08:32:38","modified_gmt":"2025-10-24T13:32:38","slug":"sheinbaum-al-pendiente-de-veracruz","status":"publish","type":"post","link":"https:\/\/lospoliticosveracruz.com.mx\/?p=155182","title":{"rendered":"SHEINBAUM, AL PENDIENTE DE VERACRUZ"},"content":{"rendered":"\n<p><strong>Yamiri Rodr\u00edguez Madrid<\/strong><\/p>\n\n\n\n<p><em>La vuelta a Veracriz en un teclazo<\/em><\/p>\n\n\n\n<p>Es innegable que tras la terrible inundaci\u00f3n que azot\u00f3 al norte del estado, la presidenta Claudia Sheinbaum ha estado personalmente al pendiente de la situaci\u00f3n y que trae corto a su gabinete legal y ampliado para que, a la brevedad, puedan poner de pie a este punto de la entidad.<\/p>\n\n\n\n\n\n<p>Han sido m\u00faltiples sus visitas,&nbsp;tanto a Poza Rica como al municipio de&nbsp;\u00c1lamo, donde ha charlado de t\u00fa a t\u00fa con muchos de los damnificados; la dispersi\u00f3n de recursos ha sido oportuna, y la Marina Armada de M\u00e9xico ha hecho un trabajo impecable, sin moverse del lugar desde el d\u00eda 10 de octubre, cuando llegaron a la zona siniestrada.<\/p>\n\n\n\n<p>Desde la Ma\u00f1anera del Pueblo&nbsp;se ha dado todos los d\u00edas un reporte puntual de c\u00f3mo avanza la Comisi\u00f3n Federal de Electricidad (CFE)&nbsp;para&nbsp;que el suministro de energ\u00eda&nbsp;vuelvaal 100 por ciento; de c\u00f3mo la Secretar\u00eda de Infraestructura, Comunicaciones y Transportes (SICT)&nbsp;va recuperando caminos para comunicar comunidades; de c\u00f3mo Conagua va sacando agua y repartiendo el vital l\u00edquido potabilizado.<\/p>\n\n\n\n<p>Igual de importante ha sido el trabajo de Bienestar, que hizo de manera eficiente el levantamiento del censo. Por cierto, el delegado federal de Bienestar en Veracruz, Juan Javier G\u00f3mez Cazar\u00edn, se ha fletado trabajando desde la zona cero, no solo con sus brigadistas, sino paleando lodo. &nbsp; &nbsp;<\/p>\n\n\n\n<p>Infonavit tambi\u00e9n, con un trabajo discreto de su delegada Anil\u00fa Ingram, est\u00e1 trabajando para que los derechohabientes puedan activar los seguros&nbsp;de da\u00f1os&nbsp;de sus viviendas que tienen un cr\u00e9dito activo; si est\u00e1n atrasados en las cuotas, ofrecen hacer convenios con tal de que se recuperen.<\/p>\n\n\n\n<p>Por supuesto que hay mucho, mucho por hacer a\u00fan para que las familias vuelvan a estar bien y tranquilas y, para eso, se necesita que todos se sumen con la misma intensidad: Federaci\u00f3n, estado y los municipios, pues estos \u00faltimos, en su mayor\u00eda, han estado omisos&nbsp;y sino, que le pregunten a la alcaldesa de \u00c1lamo, que sali\u00f3 hasta corrida por la gente.<\/p>\n\n\n\n<p>Pian, pianito, la tormenta pasar\u00e1.<\/p>\n\n\n\n<p>@YamiriRodriguez<\/p>\n","protected":false},"excerpt":{"rendered":"<p>Yamiri Rodr\u00edguez Madrid La vuelta a Veracriz en un teclazo Es innegable que tras la terrible inundaci\u00f3n que azot\u00f3 al norte del estado, la presidenta Claudia Sheinbaum ha estado personalmente al pendiente de la situaci\u00f3n y que trae corto a su gabinete legal y ampliado para que, a la brevedad, puedan poner de pie a [&hellip;]<\/p>\n","protected":false},"author":2,"featured_media":141413,"comment_status":"closed","ping_status":"closed","sticky":false,"template":"","format":"standard","meta":{"_jetpack_newsletter_access":"","_jetpack_dont_email_post_to_subs":false,"_jetpack_newsletter_tier_id":0,"_jetpack_memberships_contains_paywalled_content":false,"_jetpack_memberships_contains_paid_content":false,"footnotes":""},"categories":[70],"tags":[28461,9627,1026,1267,195],"class_list":["post-155182","post","type-post","status-publish","format-standard","has-post-thumbnail","hentry","category-de-opinion","tag-alamo-2","tag-claudia-sheinbaum","tag-morena","tag-poza-rica","tag-veracruz"],"jetpack_featured_media_url":"https:\/\/lospoliticosveracruz.com.mx\/wp-content\/uploads\/2025\/04\/Yamiri-Rodriguez-Madrid.jpg","jetpack_sharing_enabled":true,"jetpack_shortlink":"https:\/\/wp.me\/p4Qcd3-EmW","_links":{"self":[{"href":"https:\/\/lospoliticosveracruz.com.mx\/index.php?rest_route=\/wp\/v2\/posts\/155182","targetHints":{"allow":["GET"]}}],"collection":[{"href":"https:\/\/lospoliticosveracruz.com.mx\/index.php?rest_route=\/wp\/v2\/posts"}],"about":[{"href":"https:\/\/lospoliticosveracruz.com.mx\/index.php?rest_route=\/wp\/v2\/types\/post"}],"author":[{"embeddable":true,"href":"https:\/\/lospoliticosveracruz.com.mx\/index.php?rest_route=\/wp\/v2\/users\/2"}],"replies":[{"embeddable":true,"href":"https:\/\/lospoliticosveracruz.com.mx\/index.php?rest_route=%2Fwp%2Fv2%2Fcomments&post=155182"}],"version-history":[{"count":2,"href":"https:\/\/lospoliticosveracruz.com.mx\/index.php?rest_route=\/wp\/v2\/posts\/155182\/revisions"}],"predecessor-version":[{"id":155185,"href":"https:\/\/lospoliticosveracruz.com.mx\/index.php?rest_route=\/wp\/v2\/posts\/155182\/revisions\/155185"}],"wp:featuredmedia":[{"embeddable":true,"href":"https:\/\/lospoliticosveracruz.com.mx\/index.php?rest_route=\/wp\/v2\/media\/141413"}],"wp:attachment":[{"href":"https:\/\/lospoliticosveracruz.com.mx\/index.php?rest_route=%2Fwp%2Fv2%2Fmedia&parent=155182"}],"wp:term":[{"taxonomy":"category","embeddable":true,"href":"https:\/\/lospoliticosveracruz.com.mx\/index.php?rest_route=%2Fwp%2Fv2%2Fcategories&post=155182"},{"taxonomy":"post_tag","embeddable":true,"href":"https:\/\/lospoliticosveracruz.com.mx\/index.php?rest_route=%2Fwp%2Fv2%2Ftags&post=155182"}],"curies":[{"name":"wp","href":"https:\/\/api.w.org\/{rel}","templated":true}]}}