{"id":155183,"date":"2025-10-24T08:36:10","date_gmt":"2025-10-24T13:36:10","guid":{"rendered":"https:\/\/lospoliticosveracruz.com.mx\/?p=155183"},"modified":"2025-10-24T08:36:22","modified_gmt":"2025-10-24T13:36:22","slug":"rescatando-la-pluralidad","status":"publish","type":"post","link":"https:\/\/lospoliticosveracruz.com.mx\/?p=155183","title":{"rendered":"RESCATANDO LA PLURALIDAD"},"content":{"rendered":"\n<p><strong>Felipe de Jes\u00fas Fern\u00e1ndez Basilio<\/strong><\/p>\n\n\n\n<p><em>Desde a Janela<\/em><\/p>\n\n\n\n<p>El llamado \u201crelanzamiento\u201d del PAN cumpli\u00f3 su objetivo en lo inmediato, esto es que hacerse notar, ya que hizo que tanto tirios como troyanos comentaran el evento y su contenido.<\/p>\n\n\n\n<p>Esto no deja de ser importante debido a que en los \u00faltimos a\u00f1os poco o nada se hablaba de ese partido, ya que a lo sumo se escuchaban unos lamentos sobre la forma en que la mayor\u00eda oficialista ningunea burlonamente a sus legisladores o alguna que otra denuncia, sin pruebas, que hac\u00eda el gobierno en contra de algunos de sus dirigentes.<\/p>\n\n\n\n<p>Por ello es de celebrar que con su evento lograron ponerse el centro de la conversaci\u00f3n como partido pol\u00edtico.<\/p>\n\n\n\n<p>Ahora bien, en cuanto a los objetivos mediatos ya el tiempo dir\u00e1 si los consiguen o no, aunque por lo visto su apuesta no es muy alta y eso puede ayudar a conseguirlos.<\/p>\n\n\n\n<p>De entrada, se nota que buscan afianzar la parte del mercado electoral que les es af\u00edn y esta no es nada despreciable, muestra de ello es que, a pesar de los embates del gobierno, a\u00fan conservan varios estados y muchos municipios; por cierto, su representaci\u00f3n legislativa de acuerdo a los votos obtenidos debi\u00f3 de ser muy superior a la que el gobierno en contubernio con las autoridades y jueces electorales les otorgaron.<\/p>\n\n\n\n<p>No debemos de olvidar que la sobrerrepresentaci\u00f3n legislativa del oficialismo es producto de un fraude electoral.<\/p>\n\n\n\n<p>En resumen, buscan afianzar aproximadamente a un tercio del electorado, y si lo consiguen ser\u00e1 un \u00e9xito para ellos y para M\u00e9xico.<\/p>\n\n\n\n<p>Ahora el reto est\u00e1 del lado de la izquierda moderada o verdadera izquierda, ya que el oficialismo solo est\u00e1 usurpando ese nombre, ya que hemos visto que la inmensa mayor\u00eda de sus pol\u00edticos tienen de izquierdistas lo que un perro tiene de gato.<\/p>\n\n\n\n<p>As\u00ed es, esa izquierda real tiene el reto de construir un nuevo partido que sustituya al desaparecido PRD y que englobe a otras corrientes afines, s\u00ed lo logran es posible que logren otro tercio de las preferencias electorales.<\/p>\n\n\n\n<p>Lo anterior se sostiene, porque es una realidad que en M\u00e9xico la izquierda es muy variada y tiene muchos seguidores.<\/p>\n\n\n\n<p>Y tan es as\u00ed, que durante la alternancia democr\u00e1tica llegamos a estar representados en el Congreso de la Uni\u00f3n pr\u00e1cticamente en tercios.<\/p>\n\n\n\n<p>Por cierto, el \u00faltimo tercio del electorado se compone por los que no tienen m\u00e1s principios que amasar el poder y servirse de \u00e9l, este estaba compuesto por el PRI y ahora por MRN, Verde y en buena medida por M.C.<\/p>\n\n\n\n<p>En estos casos no hay m\u00e1s ideolog\u00eda que la del carro completo y para lograrlo pueden postular a pri\u00edstas rancios, a comunistas extremos, a miembros de la Luz del Mundo, a indigenistas de dientes para afuera y a mercaderes de la pol\u00edtica; ya que no hay escr\u00fapulo alguno para hacerse y servirse del poder.<\/p>\n\n\n\n<p>Pero bueno, tambi\u00e9n de esos hay muchos en nuestro pa\u00eds y tienen que estar representados.<\/p>\n\n\n\n<p>Lo importante es que las aguas vuelvan a su cauce y quienes detenten el poder se encuentren limitados por la diversidad pol\u00edtica que realmente existe en M\u00e9xico; porque ya estamos viendo lo p\u00e9simo que ha resultado tener un poder absoluto, para colmo ficticio, en M\u00e9xico.<\/p>\n\n\n\n<p>Muestra de esto \u00faltimo es que cuando MRN y sus aliados llegaron al poder en 2018 eran prepotentes, pero cuando se hicieron (con malas artes) del poder absoluto, se convirtieron en unos verdaderos sultanes, quienes con todo el cinismo del mundo exhiben como se est\u00e1n beneficiando del abuso del poder.<\/p>\n\n\n\n<p>Para detener esto, es importante luchar por devolverle a M\u00e9xico su pluralidad pol\u00edtica y por ello resulta bienvenido el \u201crelanzamiento\u201d del PAN y esperemos que pronto lo haga tambi\u00e9n la verdadera izquierda mexicana.<\/p>\n\n\n\n<p><a href=\"mailto:felfebas@gmail.com\">felfebas@gmail.com<\/a><\/p>\n\n\n\n<p>Twitter: @FelipeFBasilio<\/p>\n","protected":false},"excerpt":{"rendered":"<p>Felipe de Jes\u00fas Fern\u00e1ndez Basilio Desde a Janela El llamado \u201crelanzamiento\u201d del PAN cumpli\u00f3 su objetivo en lo inmediato, esto es que hacerse notar, ya que hizo que tanto tirios como troyanos comentaran el evento y su contenido. Esto no deja de ser importante debido a que en los \u00faltimos a\u00f1os poco o nada se [&hellip;]<\/p>\n","protected":false},"author":2,"featured_media":141384,"comment_status":"closed","ping_status":"closed","sticky":false,"template":"","format":"standard","meta":{"_jetpack_newsletter_access":"","_jetpack_dont_email_post_to_subs":false,"_jetpack_newsletter_tier_id":0,"_jetpack_memberships_contains_paywalled_content":false,"_jetpack_memberships_contains_paid_content":false,"footnotes":""},"categories":[70],"tags":[1026,107,251],"class_list":["post-155183","post","type-post","status-publish","format-standard","has-post-thumbnail","hentry","category-de-opinion","tag-morena","tag-prd","tag-pri"],"jetpack_featured_media_url":"https:\/\/lospoliticosveracruz.com.mx\/wp-content\/uploads\/2025\/04\/Felipe-Fernandez-Basilio.jpg","jetpack_sharing_enabled":true,"jetpack_shortlink":"https:\/\/wp.me\/p4Qcd3-EmX","_links":{"self":[{"href":"https:\/\/lospoliticosveracruz.com.mx\/index.php?rest_route=\/wp\/v2\/posts\/155183","targetHints":{"allow":["GET"]}}],"collection":[{"href":"https:\/\/lospoliticosveracruz.com.mx\/index.php?rest_route=\/wp\/v2\/posts"}],"about":[{"href":"https:\/\/lospoliticosveracruz.com.mx\/index.php?rest_route=\/wp\/v2\/types\/post"}],"author":[{"embeddable":true,"href":"https:\/\/lospoliticosveracruz.com.mx\/index.php?rest_route=\/wp\/v2\/users\/2"}],"replies":[{"embeddable":true,"href":"https:\/\/lospoliticosveracruz.com.mx\/index.php?rest_route=%2Fwp%2Fv2%2Fcomments&post=155183"}],"version-history":[{"count":2,"href":"https:\/\/lospoliticosveracruz.com.mx\/index.php?rest_route=\/wp\/v2\/posts\/155183\/revisions"}],"predecessor-version":[{"id":155187,"href":"https:\/\/lospoliticosveracruz.com.mx\/index.php?rest_route=\/wp\/v2\/posts\/155183\/revisions\/155187"}],"wp:featuredmedia":[{"embeddable":true,"href":"https:\/\/lospoliticosveracruz.com.mx\/index.php?rest_route=\/wp\/v2\/media\/141384"}],"wp:attachment":[{"href":"https:\/\/lospoliticosveracruz.com.mx\/index.php?rest_route=%2Fwp%2Fv2%2Fmedia&parent=155183"}],"wp:term":[{"taxonomy":"category","embeddable":true,"href":"https:\/\/lospoliticosveracruz.com.mx\/index.php?rest_route=%2Fwp%2Fv2%2Fcategories&post=155183"},{"taxonomy":"post_tag","embeddable":true,"href":"https:\/\/lospoliticosveracruz.com.mx\/index.php?rest_route=%2Fwp%2Fv2%2Ftags&post=155183"}],"curies":[{"name":"wp","href":"https:\/\/api.w.org\/{rel}","templated":true}]}}