{"id":155298,"date":"2025-10-26T19:15:20","date_gmt":"2025-10-27T01:15:20","guid":{"rendered":"https:\/\/lospoliticosveracruz.com.mx\/?p=155298"},"modified":"2025-10-26T19:15:37","modified_gmt":"2025-10-27T01:15:37","slug":"fugas-de-amoniaco","status":"publish","type":"post","link":"https:\/\/lospoliticosveracruz.com.mx\/?p=155298","title":{"rendered":"FUGAS DE AMONIACO"},"content":{"rendered":"\n<p><strong>Jos\u00e9 Luis Ortega Vidal<\/strong><br><em>Claroscuros<\/em><\/p>\n\n\n\n<p>Coatzacoalcos, Veracruz; 28 de Octubre 2025.- El dieciocho de junio pasado, vecinos de Mundo Nuevo, congregraci\u00f3n de Coatzacoalcos, bloquearon la carretera costera del golfo a la altura de la desviaci\u00f3n o crucero a Nanchital de L\u00e1zaro C\u00e1rdenas \u2013municipio vecino- como refuerzo a su denuncia por la presencia de intensos olores de productos qu\u00edmicos en el medio ambiente local.<\/p>\n\n\n\n\n\n<p><br>Cinco meses despu\u00e9s, informaci\u00f3n hecha llegar a este reportero vincula dicha contaminaci\u00f3n a fallas en el sistema de distribuci\u00f3n de amoniaco producido en el CPQ o CEPECO Cosoleacaque, de Petr\u00f3leos Mexicanos.<br>El CEPECO o CPQ est\u00e1 ubicado en los l\u00edmites de Cosoleacaque y Minatitl\u00e1n, sobre el bulevar Instituto Tecnol\u00f3gico.<br>El Complejo Petroqu\u00edmico Cosoleacaque, construido durante la d\u00e9cada de los a\u00f1os 60s del siglo XX, es la \u00fanica planta que produce amoniaco en M\u00e9xico y env\u00eda este gas a otras partes del pa\u00eds y al extranjero desde una amplia y compleja red de amoniaductos ubicada en el sur veracruzano.<br>Los amoniaductos cuentan con un di\u00e1metro de diez pulgadas y su red parte desde el CPQ o CEPECO en direcci\u00f3n a la Terminal Refrigerada Pajaritos, en el puerto del mismo nombre en Coatzacoalcos; pero tambi\u00e9n se conecta con la empresa privada PRO AGRO, as\u00ed como a una Red de Bombeo que canaliza el amoniaco al puerto de Salina Cruz, en Oaxaca.<br>Entre los a\u00f1os 2019-2024, la producci\u00f3n de amoniaco en el Complejo Petroqu\u00edmico de Cosoleacaque se increment\u00f3 a 21 kil\u00f3gramos por cent\u00edmetro cuadrado, como respuesta a la pol\u00edtica de Estado del entonces presidente Andr\u00e9s Manuel L\u00f3pez Obrador, encaminada a fortalecer la creaci\u00f3n de fertilizantes en apoyo al campo.<br>El amoniaco es clave para fabricar fertilizantes y la presi\u00f3n gener\u00f3 degradaci\u00f3n en los tubos.<br>Ello deriv\u00f3 en fugas dentro de la red de amoniaductos, ubicados aproximadamente a tres metros bajo tierra.<br>Una de las partes m\u00e1s da\u00f1adas atraviesa los pantanos de Las Matas, dentro del municipio de Minatitl\u00e1n y con direcci\u00f3n a Coatzacoalcos.<br>Otra zona con amoniaductos degradados se ubica en Nanchital y Mundo Nuevo, lo que caus\u00f3 \u2013de acuerdo a fuentes especializadas- la contaminaci\u00f3n con olores qu\u00edmicos insoportables y da\u00f1os a la piel entre los vecinos que protestaron desde junio pasado y a\u00fan esperan por explicaciones y freno a las afectaciones en su salud.<br>(2)<br>Personal de PEMEX, en atenci\u00f3n a estas demandas ha colocado reparaciones temporales con \u201cgrapas\u201d, cuyo objetivo es mantener el env\u00edo del gas \u2013venenoso por definici\u00f3n- dentro de los par\u00e1metros de normalidad desde el CPQ Cosoleacaque a sus distintos centros de recepci\u00f3n.<br>Otra medida consisti\u00f3 en disminuir la producci\u00f3n de 21 kilogramos por cent\u00edmetro cuadrado a 8 kilogramos por cent\u00edmetro cuadrado.<br>Esto disminuy\u00f3 la presi\u00f3n sobre los amoniaductos que presentan degradaci\u00f3n; bajo la alerta de que, de volver a incrementarse la producci\u00f3n de amoniaco, los amoniaductos podr\u00edan estallar.<br>El tramo de unos ocho kil\u00f3metros a la altura de Las Matas, es considerado desde PEMEX como zona roja por su grado de degradaci\u00f3n y la presencia de fugas subterr\u00e1neas.<br>(3)<br>El compromiso de Andr\u00e9s Manuel L\u00f3pez Obrador de producir m\u00e1s fertilizante y entregarlo a precios muy bajos a los campesinos condujo a PEMEX a forzar sus equipos en CEPECO, bajo la desventaja de contar con plantas cuya antig\u00fcedad rebasa el medio siglo pues algunas datan de las d\u00e9cadas de los a\u00f1os 60s y 70s del siglo pasado.<br>Al interior de Petr\u00f3leos Mexicanos existe un diagn\u00f3stico sobre las primeras fugas m\u00ednimas de amoniaco que alertan sobre potenciales fugas mayores, capaces de generar una conflagraci\u00f3n que pondr\u00eda en peligro la vida de miles de personas en numerosos municipios sure\u00f1os, se explic\u00f3 al autor de CLAROSCUROS.<br>(4)<br>La historia aqu\u00ed narrada pone en evidencia una contradicci\u00f3n grave, por arriesgar vidas humanas desde acciones industriales bajo responsabilidad del Estado.<br>El discurso pol\u00edtico de un compromiso de soberan\u00eda alimentaria \u20132018-2024- se incluye dentro del Plan de Desarrollo del sexenio de Claudia Sheinbaum -2024-2030-.<br>La idea de mejorar la entrega de fertilizante para el campo resulta positiva, necesaria y prioritaria.<br>Empero, su plan choca con la realidad cuando se ordena forzar el equipo muy a\u00f1ejo y degradado de PEMEX, en el caso espec\u00edfico del Complejo Petroqu\u00edmico Cosoleacaque, a fin de incrementar la producci\u00f3n de amoniaco sin las condiciones adecuadas de infraestructura.<br>(5)<br>\u00bfImpulsar la producci\u00f3n de fertilizantes como parte de una pol\u00edtica de justicia social, justifica poner en riesgo vidas humanas desde un CPQ con m\u00e1s de sesenta a\u00f1os de operaci\u00f3n?<br>La respuesta a esta pregunta se comparte entre Luz Elena Gonz\u00e1lez Escobar, secretaria de Energ\u00eda (SENER); V\u00edctor Rodr\u00edguez Padilla, director de PEMEX; la presidenta Claudia Sheinbaum Pardo; as\u00ed como el gobierno estatal en manos de Roc\u00edo Nahle Garc\u00eda.<br>A\u00f1adamos a los alcaldes de la regi\u00f3n, donde se incluye \u2013por lo menos- una veintena de Ayuntamientos de zonas afectadas o potencialmente afectables por la crisis en el env\u00edo de amoniaco y fugas de los amoniaductos.<br>(6)<br>El sur de Veracruz aguarda por la transparencia respecto a este tema desde todos los niveles de gobierno.<br>La sociedad est\u00e1 obligada a protegerse a s\u00ed misma, como lo han hecho los vecinos de Mundo Nuevo que no se cansan de denunciar malos olores y afectaciones a su salud; consecuencia, todo ello, de las fallas aqu\u00ed expuestas.<br>La referencia es a un contexto, donde la zona roja determinada al interior de PEMEX por el tema del amoniaco, se suma a una apuesta oficial e hist\u00f3rica por una econom\u00eda donde la industria petrolera ha sido motor para conformar e incrementar ciudades, con el costo permanente de accidentes y vidas perdidas.<br>\u00bfD\u00f3nde est\u00e1 el l\u00edmite de la producci\u00f3n energ\u00e9tica como impulso socioecon\u00f3mico y c\u00f3mo podemos ser capaces de conducir a sus l\u00edmites el cuidado y defensa de la vida humana que est\u00e1 por encima de cualquier proyecto micro o macroecon\u00f3mico?<br>M\u00e9xico debe exigir, exige, la diferenciaci\u00f3n entre las estrategias pol\u00edticas y la garant\u00eda de respeto a lo m\u00e1s valioso que tenemos y que determina la raz\u00f3n de ser del Estado: nuestra existencia.<br>Los ni\u00f1os, mujeres y hombres de Mundo Nuevo lo exponen y reclaman con claridad y contundencia: sus vidas est\u00e1n por encima de cualquier producci\u00f3n qu\u00edmica abocada al desarrollo del campo o de cualquier otra \u00e1rea de la sociedad y del gobierno.<\/p>\n","protected":false},"excerpt":{"rendered":"<p>Jos\u00e9 Luis Ortega VidalClaroscuros Coatzacoalcos, Veracruz; 28 de Octubre 2025.- El dieciocho de junio pasado, vecinos de Mundo Nuevo, congregraci\u00f3n de Coatzacoalcos, bloquearon la carretera costera del golfo a la altura de la desviaci\u00f3n o crucero a Nanchital de L\u00e1zaro C\u00e1rdenas \u2013municipio vecino- como refuerzo a su denuncia por la presencia de intensos olores de [&hellip;]<\/p>\n","protected":false},"author":2,"featured_media":141392,"comment_status":"closed","ping_status":"closed","sticky":false,"template":"","format":"standard","meta":{"_jetpack_newsletter_access":"","_jetpack_dont_email_post_to_subs":false,"_jetpack_newsletter_tier_id":0,"_jetpack_memberships_contains_paywalled_content":false,"_jetpack_memberships_contains_paid_content":false,"footnotes":""},"categories":[70],"tags":[371,46854,373,374],"class_list":["post-155298","post","type-post","status-publish","format-standard","has-post-thumbnail","hentry","category-de-opinion","tag-coatzacoalcos","tag-fugas-de-amoniaco","tag-minatitlan","tag-nanchital"],"jetpack_featured_media_url":"https:\/\/lospoliticosveracruz.com.mx\/wp-content\/uploads\/2025\/04\/Jose-Luis-Ortega-Vidal.jpg","jetpack_sharing_enabled":true,"jetpack_shortlink":"https:\/\/wp.me\/p4Qcd3-EoO","_links":{"self":[{"href":"https:\/\/lospoliticosveracruz.com.mx\/index.php?rest_route=\/wp\/v2\/posts\/155298","targetHints":{"allow":["GET"]}}],"collection":[{"href":"https:\/\/lospoliticosveracruz.com.mx\/index.php?rest_route=\/wp\/v2\/posts"}],"about":[{"href":"https:\/\/lospoliticosveracruz.com.mx\/index.php?rest_route=\/wp\/v2\/types\/post"}],"author":[{"embeddable":true,"href":"https:\/\/lospoliticosveracruz.com.mx\/index.php?rest_route=\/wp\/v2\/users\/2"}],"replies":[{"embeddable":true,"href":"https:\/\/lospoliticosveracruz.com.mx\/index.php?rest_route=%2Fwp%2Fv2%2Fcomments&post=155298"}],"version-history":[{"count":1,"href":"https:\/\/lospoliticosveracruz.com.mx\/index.php?rest_route=\/wp\/v2\/posts\/155298\/revisions"}],"predecessor-version":[{"id":155299,"href":"https:\/\/lospoliticosveracruz.com.mx\/index.php?rest_route=\/wp\/v2\/posts\/155298\/revisions\/155299"}],"wp:featuredmedia":[{"embeddable":true,"href":"https:\/\/lospoliticosveracruz.com.mx\/index.php?rest_route=\/wp\/v2\/media\/141392"}],"wp:attachment":[{"href":"https:\/\/lospoliticosveracruz.com.mx\/index.php?rest_route=%2Fwp%2Fv2%2Fmedia&parent=155298"}],"wp:term":[{"taxonomy":"category","embeddable":true,"href":"https:\/\/lospoliticosveracruz.com.mx\/index.php?rest_route=%2Fwp%2Fv2%2Fcategories&post=155298"},{"taxonomy":"post_tag","embeddable":true,"href":"https:\/\/lospoliticosveracruz.com.mx\/index.php?rest_route=%2Fwp%2Fv2%2Ftags&post=155298"}],"curies":[{"name":"wp","href":"https:\/\/api.w.org\/{rel}","templated":true}]}}