{"id":155364,"date":"2025-10-27T22:12:36","date_gmt":"2025-10-28T04:12:36","guid":{"rendered":"https:\/\/lospoliticosveracruz.com.mx\/?p=155364"},"modified":"2025-10-27T22:13:10","modified_gmt":"2025-10-28T04:13:10","slug":"exportaciones-mexicanas","status":"publish","type":"post","link":"https:\/\/lospoliticosveracruz.com.mx\/?p=155364","title":{"rendered":"EXPORTACIONES MEXICANAS"},"content":{"rendered":"\n<p><strong>Carlos Miguel Acosta Bravo*<\/strong><\/p>\n\n\n\n<p><em>impronta<\/em><\/p>\n\n\n\n<p>La posici\u00f3n del presidente Donald&nbsp;Trump&nbsp;de preferir negociaciones bilaterales en lugar del Tratado de Libre Comercio de Am\u00e9rica del Norte (T-MEC) impacta negativamente las exportaciones de M\u00e9xico, especialmente hacia Estados Unidos, su principal mercado. M\u00e9xico destina m\u00e1s del 80% de sus exportaciones a Estados Unidos, por lo que cualquier incremento en aranceles o una ruptura del T-MEC afectar\u00eda especialmente sectores estrat\u00e9gicos como el automotriz, manufactura, acero y aluminio, con p\u00e9rdidas significativas en sus m\u00e1rgenes de exportaci\u00f3n. Hasta octubre de 2025, existen negociaciones avanzadas para evitar la imposici\u00f3n de un arancel de 30% a las exportaciones mexicanas, medida que&nbsp;Trump&nbsp;ha propuesto bajo la justificaci\u00f3n de frenar el tr\u00e1fico de&nbsp;fentanilo&nbsp;y recortar el d\u00e9ficit comercial con M\u00e9xico.<\/p>\n\n\n\n\n\n<p>En el contexto de la balanza comercial, una guerra comercial o ruptura del acuerdo trilateral perjudicar\u00eda la balanza comercial de M\u00e9xico con Estados Unidos por las barreras arancelarias, mientras que con Canad\u00e1 tambi\u00e9n se presenta incertidumbre dada la ruptura de negociaciones reciente. El mantenimiento del T-MEC trilateral es clave para M\u00e9xico, y las se\u00f1ales apuntan a que el tratado seguir\u00e1 firme, aunque con retos por negociar barreras arancelarias y no arancelarias. M\u00e9xico ha acordado extender plazos para resolver barreras no arancelarias con Estados Unidos, mostrando voluntad de mantener la cooperaci\u00f3n comercial.<\/p>\n\n\n\n<p>En cifras, M\u00e9xico tiene un balance comercial positivo con Canad\u00e1 por exportaciones como autom\u00f3viles y partes de veh\u00edculos, y con Estados Unidos sostiene un intercambio comercial crucial que podr\u00eda verse afectado por la imposici\u00f3n de aranceles.<\/p>\n\n\n\n<p>Trump&nbsp;propone negociar&nbsp;de manera bilateral, amenazando la estructura trilateral del T-MEC. M\u00e9xico destina 80% de sus exportaciones a EE.UU., sensible a aranceles.&nbsp;Los aranceles&nbsp;del 30% propuestos&nbsp;afectar\u00edan sectores&nbsp;clave y reducir\u00edan exportaciones. Negociaciones indican un avance para evitar aranceles, buscando mantener el T-MEC.<\/p>\n\n\n\n<p>La balanza comercial con EE.UU. y Canad\u00e1 podr\u00eda deteriorarse si cambian las condiciones del acuerdo. M\u00e9xico busca extensi\u00f3n para resolver barreras no arancelarias y mantener di\u00e1logo. Esta situaci\u00f3n genera un panorama complejo para la econom\u00eda mexicana en 2025, donde la negociaci\u00f3n y cooperaci\u00f3n ser\u00e1n determinantes para el impacto comercial.\u200b<\/p>\n\n\n\n<p>Evaluar efectos sector por sector en exportaciones mexicanas tras&nbsp;bilateralizar&nbsp;el T-MEC.&nbsp;C\u00f3mo cambiar\u00edan las reglas de origen y su impacto en la industria automotriz mexicana. Escenarios de aranceles estadounidenses y su efecto en d\u00e9ficit comercial M\u00e9xicoEEUU las posibles respuestas comerciales y pol\u00edticas de M\u00e9xico y Canad\u00e1 ante acuerdos bilaterales. C\u00f3mo afectar\u00edan las cadenas de suministro regionales y&nbsp;la inversi\u00f3n extranjera directa son escenarios que actualmente se est\u00e1n analizando y realizando estudios de prospectiva.<\/p>\n\n\n\n<p>Las reglas de origen en la industria automotriz bajo el T-MEC exigen que al menos el 75% del valor de un veh\u00edculo sea contenido regional, es decir, producido en Norteam\u00e9rica, incluyendo M\u00e9xico, Estados Unidos y Canad\u00e1. Adem\u00e1s, se requiere que el 70% del acero y aluminio usados sean de origen regional, y para ciertos veh\u00edculos el 40-45% del valor debe ser producido en zonas con salarios m\u00ednimos elevados (alrededor de 16 d\u00f3lares por hora).<\/p>\n\n\n\n<p>De cara a la revisi\u00f3n del T-MEC prevista para 2026, se anticipa un endurecimiento de estas reglas de origen, con un escrutinio mayor sobre la participaci\u00f3n de insumos asi\u00e1ticos en la manufactura, lo que representa un reto significativo para la industria automotriz mexicana. Este endurecimiento podr\u00eda implicar mayores costos y complejidad para las armadoras y proveedores, afectando la competitividad y poniendo en riesgo inversiones y expansi\u00f3n de la industria en M\u00e9xico.<\/p>\n\n\n\n<p>El cambio tambi\u00e9n podr\u00eda impactar a las peque\u00f1as y medianas empresas proveedoras, que operan con m\u00e1rgenes estrechos y dependen de una cadena de suministro integrada regionalmente. Adem\u00e1s, la industria teme que una renegociaci\u00f3n unilateral (como las propuestas bilaterales de&nbsp;Trump) pueda imponer aranceles de hasta 25% sobre componentes no producidos en&nbsp;Estados Unidos, contraviniendo lo pactado en el T-MEC y elevando los costos de producci\u00f3n y exportaci\u00f3n.<\/p>\n\n\n\n<p>Las reglas de origen actuales requieren un contenido regional del 75% para autos. Se exige 70% de acero y aluminio norteamericano. La revisi\u00f3n 2026 podr\u00eda endurecer estas reglas, limitando insumos asi\u00e1ticos. Impacto directo sobre costos, inversiones, y cadena de suministro mexicana. Riesgo de aranceles bilaterales del 25% sobre componentes no norteamericanos propuestos por&nbsp;Trump.<\/p>\n\n\n\n<p>La industria automotriz&nbsp;mexicana&nbsp;ve estas medidas como un reto y llama a mantener libre comercio para su fortalecimiento regional. Estos cambios pintan un panorama complejo para la automotriz mexicana, que depende mucho del comercio regional bajo reglas claras y favorables.<\/p>\n\n\n\n<p>Comente u opine&nbsp;a :<\/p>\n\n\n\n<p><a href=\"mailto:cacostabravo@yahoo.com.mx\">cacostabravo@yahoo.com.mx<\/a><\/p>\n\n\n\n<p>*<a><\/a>Maestro en comunicaci\u00f3n por la Universidad Iberoamericana de la cual form\u00f3 parte del cuerpo acad\u00e9mico de la Licenciatura en comunicaci\u00f3n, as\u00ed como de la Universidad An\u00e1huac,&nbsp;camp\u00fas&nbsp;norte de CDMX.<\/p>\n","protected":false},"excerpt":{"rendered":"<p>Carlos Miguel Acosta Bravo* impronta La posici\u00f3n del presidente Donald&nbsp;Trump&nbsp;de preferir negociaciones bilaterales en lugar del Tratado de Libre Comercio de Am\u00e9rica del Norte (T-MEC) impacta negativamente las exportaciones de M\u00e9xico, especialmente hacia Estados Unidos, su principal mercado. M\u00e9xico destina m\u00e1s del 80% de sus exportaciones a Estados Unidos, por lo que cualquier incremento en [&hellip;]<\/p>\n","protected":false},"author":2,"featured_media":141377,"comment_status":"closed","ping_status":"closed","sticky":false,"template":"","format":"standard","meta":{"_jetpack_newsletter_access":"","_jetpack_dont_email_post_to_subs":false,"_jetpack_newsletter_tier_id":0,"_jetpack_memberships_contains_paywalled_content":false,"_jetpack_memberships_contains_paid_content":false,"footnotes":""},"categories":[70],"tags":[4113,46870,45141,15966],"class_list":["post-155364","post","type-post","status-publish","format-standard","has-post-thumbnail","hentry","category-de-opinion","tag-canada","tag-carlos-acosta-marin","tag-exportaciones-mexicanas","tag-t-mec"],"jetpack_featured_media_url":"https:\/\/lospoliticosveracruz.com.mx\/wp-content\/uploads\/2025\/04\/Carlos-Miguel-Acosta-Bravo.jpg","jetpack_sharing_enabled":true,"jetpack_shortlink":"https:\/\/wp.me\/p4Qcd3-EpS","_links":{"self":[{"href":"https:\/\/lospoliticosveracruz.com.mx\/index.php?rest_route=\/wp\/v2\/posts\/155364","targetHints":{"allow":["GET"]}}],"collection":[{"href":"https:\/\/lospoliticosveracruz.com.mx\/index.php?rest_route=\/wp\/v2\/posts"}],"about":[{"href":"https:\/\/lospoliticosveracruz.com.mx\/index.php?rest_route=\/wp\/v2\/types\/post"}],"author":[{"embeddable":true,"href":"https:\/\/lospoliticosveracruz.com.mx\/index.php?rest_route=\/wp\/v2\/users\/2"}],"replies":[{"embeddable":true,"href":"https:\/\/lospoliticosveracruz.com.mx\/index.php?rest_route=%2Fwp%2Fv2%2Fcomments&post=155364"}],"version-history":[{"count":2,"href":"https:\/\/lospoliticosveracruz.com.mx\/index.php?rest_route=\/wp\/v2\/posts\/155364\/revisions"}],"predecessor-version":[{"id":155366,"href":"https:\/\/lospoliticosveracruz.com.mx\/index.php?rest_route=\/wp\/v2\/posts\/155364\/revisions\/155366"}],"wp:featuredmedia":[{"embeddable":true,"href":"https:\/\/lospoliticosveracruz.com.mx\/index.php?rest_route=\/wp\/v2\/media\/141377"}],"wp:attachment":[{"href":"https:\/\/lospoliticosveracruz.com.mx\/index.php?rest_route=%2Fwp%2Fv2%2Fmedia&parent=155364"}],"wp:term":[{"taxonomy":"category","embeddable":true,"href":"https:\/\/lospoliticosveracruz.com.mx\/index.php?rest_route=%2Fwp%2Fv2%2Fcategories&post=155364"},{"taxonomy":"post_tag","embeddable":true,"href":"https:\/\/lospoliticosveracruz.com.mx\/index.php?rest_route=%2Fwp%2Fv2%2Ftags&post=155364"}],"curies":[{"name":"wp","href":"https:\/\/api.w.org\/{rel}","templated":true}]}}