{"id":155379,"date":"2025-10-28T09:25:56","date_gmt":"2025-10-28T15:25:56","guid":{"rendered":"https:\/\/lospoliticosveracruz.com.mx\/?p=155379"},"modified":"2025-10-28T09:26:44","modified_gmt":"2025-10-28T15:26:44","slug":"fuera-manos","status":"publish","type":"post","link":"https:\/\/lospoliticosveracruz.com.mx\/?p=155379","title":{"rendered":"FUERA MANOS!"},"content":{"rendered":"\n<p><strong>Oved Contreras<\/strong><br><em>Secas Mecas<\/em><\/p>\n\n\n\n<p>No se sabe si los abucheos que recibi\u00f3 Roc\u00edo Nahle en la \u00faltima visita presidencial fueron la gota que derram\u00f3 el vaso pero lo cierto es que la federaci\u00f3n literalmente corri\u00f3 al gobierno estatal de Poza Rica y \u00c1lamo\u2026ahora toda la reconstrucci\u00f3n queda en manos federales, ya la mayor\u00eda de empleados estatales se salieron ayer lunes de Poza Rica y \u00c1lamo, se queda el estado sin coordinaci\u00f3n ni ejecuci\u00f3n\u2026Por eso, la t\u00eda Ch\u00edo anda de un humor que no la calienta ni el sol\u2026que quienes piden la revocaci\u00f3n de mandato lo esperen sentados y que Lupe Osorno no se va de Protecci\u00f3n Civil pese a la tard\u00eda respuesta estatal frente a la tragedia.<\/p>\n\n\n\n\n\n<p>Aunque se le ve\u00eda serena ayer en la conferencia de prensa, tambi\u00e9n hubo cierto dejo de hartazgo por las cr\u00edticas en contra de su gobierno por haber actuado tarde frente a la tragedia en la zona norte\u2026la t\u00eda Ch\u00edo lament\u00f3 que en plena contingencia de las inundaciones \u201caflor\u00f3 lo peor de un sectorcito\u2026No estoy para dar contentillo a carro\u00f1eros\u201d, y ya encarrerada en su respuesta a quienes la quieren tumbar de gobernadora, refut\u00f3 que al pueblo de Veracruz y a su gobernadora \u201cse le respeta\u201d.<\/p>\n\n\n\n<p>Insisti\u00f3 en que hubo una voluntad popular que se reflej\u00f3 en las urnas y que por lo tanto desde\u00f1a las voces que piden que se someta a una consulta en 2027 para que sea o no revocado su mandato.<\/p>\n\n\n\n<p>\u201cA Veracruz se le respeta; este pueblo merece respeto y su gobernante tambi\u00e9n y Veracruz no es carne para la carro\u00f1a. C\u00f3mo es posible que en plena emergencia, en plena contingencia, aflora lo peor de un sectorcito. Por eso hay un sistema democr\u00e1tico y por eso vamos a las urnas y no estoy para darle contentillo a carro\u00f1eros\u201d, solt\u00f3 la mandataria\u2026que dice ser muy dem\u00f3crata pero no piensa someterse a la revocaci\u00f3n de mandato y eso que fue la gobernadora m\u00e1s votada en la historia pero sabe que mucha gente que vot\u00f3 por ella, seguro no refrendar\u00eda su voto.<\/p>\n\n\n\n<p>La gobernadora Roc\u00edo Nahle aprovech\u00f3 la conferencia de prensa para dejar en claro que bajo ning\u00fan motivo remover\u00e1 de su cargo a Lupe Osorno en la Secretar\u00eda de Protecci\u00f3n Civil pese a las cr\u00edticas de que tiene perfil para gestionar el desastre natural: \u201cNo voy a cambiar a la de Protecci\u00f3n Civil; si ustedes no vieron c\u00f3mo trabaja ella o qu\u00e9 hace ella, pues se los dejo a su evaluaci\u00f3n. A m\u00ed me ayuda mucho y trabaja mucho y tiene un gran equipo y tendr\u00edan que haberla visto como est\u00e1 trabajando\u201d, reiter\u00f3 la t\u00eda Ch\u00edo.<\/p>\n\n\n\n<p><\/p>\n\n\n\n<p>El chambero nos cuenta que la gobernadora anda de un humor y uno de los funcionarios que recibi\u00f3 senda rega\u00f1iza fue Ernesto P\u00e9rez Astorga a quien le instruy\u00f3 moverse en Poza Rica para hacer algo por los comercios siniestrados\u2026nos dicen que este martes va P\u00e9rez Astorga a Poza Rica a \u201cfingir \u201c una reuni\u00f3n con empresarios despu\u00e9s de la gritoniza que le peg\u00f3 como resultado de su tibieza para atender problemas que le aquejan\u2026incluso le reclam\u00f3 que no se par\u00f3 para nada en la zona cero de Poza Rica y no movi\u00f3 un solo dedo para nada.<\/p>\n\n\n\n<p>Adem\u00e1s como la federaci\u00f3n ya entr\u00f3 en turno, puede ser que ya todo la reactivaci\u00f3n econ\u00f3mica la maneje directamente la Secretaria de Econom\u00eda de Marcelo Ebrard y no el gobierno estatal<\/p>\n\n\n\n<p>Entonces en resumen: la relaci\u00f3n no anda bien entre Nahle y la federaci\u00f3n que ya asumi\u00f3 el control de la reconstrucci\u00f3n de Poza Rica y \u00c1lamo que de por s\u00ed ya lo ven\u00edan haciendo los marinos, todos los operadores de Nahle para fuera\u201d, sostuvo.<\/p>\n\n\n\n<p>En el discurso, Claudia Sheinbaum la apapacha pero lo cierto es que ya la quit\u00f3 de toda operaci\u00f3n en Poza Rica porque ya se han dado cuenta que la gente los detesta y qued\u00f3 evidenciado en la \u00faltima visita presidencial\u2026toda la atenci\u00f3n de la zona siniestrada estar\u00e1 a cargo de Rosa Icela, Harfuch, la de Bienestar, Semar, PC nacional, Sedena y Marcelo se har\u00e1n cargo de todo.<\/p>\n\n\n\n<p>EVENTO CONTROVERTIDO\u2026Estando todav\u00eda en d\u00edas cr\u00edticos por las inundaciones que devastaron diversos municipios del norte del estado de Veracruz, provocaron la muerte de muchas personas y dejaron a miles de familias damnificadas, el estadio de beisbol \u201cBeto \u00c1vila\u201d, inmueble propiedad del gobierno del estado, es anfitri\u00f3n del 24 al 26 de octubre de un evento multitudinario de la iglesia \u201cLa Luz del Mundo\u201d, con participantes de Veracruz, Tabasco y Oaxaca.<\/p>\n\n\n\n<p>Este grupo religioso se ha puesto nuevamente en el ojo del hurac\u00e1n , debido al reciente juicio por tr\u00e1fico sexual y explotaci\u00f3n infantil en Nueva York, a su l\u00edder internacional Naas\u00f3n Joaqu\u00edn Garc\u00eda, el cual ya se encontraba encarcelado y que ahora le fincaron nuevos cargos, as\u00ed como por la solicitud de extradici\u00f3n de Silem Garc\u00eda Pe\u00f1a, quien fue regidor del ayuntamiento de Xalapa entre 2014 y 2017 y ha sido se\u00f1alado como c\u00f3mplice y parte de la red criminal.<\/p>\n\n\n\n<p>La realizaci\u00f3n de este controvertido evento, ha despertado muchas voces cr\u00edticas entre la comunidad jarocha, las cuales consideran que dicha \u201cSanta cena\u201d de \u201cLa Luz del Mundo\u201d nunca se deber\u00eda haber llevado a cabo en un inmueble propiedad de gobierno del estado de Veracruz y que es inconcebible que los funcionarios estatales, del gabinete de la gobernadora, hubiesen autorizado su realizaci\u00f3n o peor a\u00fan, que hubiesen participado en la organizaci\u00f3n y apoyo de la misma.<\/p>\n","protected":false},"excerpt":{"rendered":"<p>Oved ContrerasSecas Mecas No se sabe si los abucheos que recibi\u00f3 Roc\u00edo Nahle en la \u00faltima visita presidencial fueron la gota que derram\u00f3 el vaso pero lo cierto es que la federaci\u00f3n literalmente corri\u00f3 al gobierno estatal de Poza Rica y \u00c1lamo\u2026ahora toda la reconstrucci\u00f3n queda en manos federales, ya la mayor\u00eda de empleados estatales [&hellip;]<\/p>\n","protected":false},"author":2,"featured_media":141426,"comment_status":"closed","ping_status":"closed","sticky":false,"template":"","format":"standard","meta":{"_jetpack_newsletter_access":"","_jetpack_dont_email_post_to_subs":false,"_jetpack_newsletter_tier_id":0,"_jetpack_memberships_contains_paywalled_content":false,"_jetpack_memberships_contains_paid_content":false,"footnotes":""},"categories":[70],"tags":[28461,9627,1563,1026,3578,195],"class_list":["post-155379","post","type-post","status-publish","format-standard","has-post-thumbnail","hentry","category-de-opinion","tag-alamo-2","tag-claudia-sheinbaum","tag-cuitlahuac-garcia-jimenez","tag-morena","tag-rocio-nahle","tag-veracruz"],"jetpack_featured_media_url":"https:\/\/lospoliticosveracruz.com.mx\/wp-content\/uploads\/2025\/04\/Oved-Contreras.jpg","jetpack_sharing_enabled":true,"jetpack_shortlink":"https:\/\/wp.me\/p4Qcd3-Eq7","_links":{"self":[{"href":"https:\/\/lospoliticosveracruz.com.mx\/index.php?rest_route=\/wp\/v2\/posts\/155379","targetHints":{"allow":["GET"]}}],"collection":[{"href":"https:\/\/lospoliticosveracruz.com.mx\/index.php?rest_route=\/wp\/v2\/posts"}],"about":[{"href":"https:\/\/lospoliticosveracruz.com.mx\/index.php?rest_route=\/wp\/v2\/types\/post"}],"author":[{"embeddable":true,"href":"https:\/\/lospoliticosveracruz.com.mx\/index.php?rest_route=\/wp\/v2\/users\/2"}],"replies":[{"embeddable":true,"href":"https:\/\/lospoliticosveracruz.com.mx\/index.php?rest_route=%2Fwp%2Fv2%2Fcomments&post=155379"}],"version-history":[{"count":2,"href":"https:\/\/lospoliticosveracruz.com.mx\/index.php?rest_route=\/wp\/v2\/posts\/155379\/revisions"}],"predecessor-version":[{"id":155383,"href":"https:\/\/lospoliticosveracruz.com.mx\/index.php?rest_route=\/wp\/v2\/posts\/155379\/revisions\/155383"}],"wp:featuredmedia":[{"embeddable":true,"href":"https:\/\/lospoliticosveracruz.com.mx\/index.php?rest_route=\/wp\/v2\/media\/141426"}],"wp:attachment":[{"href":"https:\/\/lospoliticosveracruz.com.mx\/index.php?rest_route=%2Fwp%2Fv2%2Fmedia&parent=155379"}],"wp:term":[{"taxonomy":"category","embeddable":true,"href":"https:\/\/lospoliticosveracruz.com.mx\/index.php?rest_route=%2Fwp%2Fv2%2Fcategories&post=155379"},{"taxonomy":"post_tag","embeddable":true,"href":"https:\/\/lospoliticosveracruz.com.mx\/index.php?rest_route=%2Fwp%2Fv2%2Ftags&post=155379"}],"curies":[{"name":"wp","href":"https:\/\/api.w.org\/{rel}","templated":true}]}}