{"id":155384,"date":"2025-10-28T09:39:18","date_gmt":"2025-10-28T15:39:18","guid":{"rendered":"https:\/\/lospoliticosveracruz.com.mx\/?p=155384"},"modified":"2025-10-28T09:44:26","modified_gmt":"2025-10-28T15:44:26","slug":"hector-yunes-y-el-sueno-guajiro-de-ser-gobernador","status":"publish","type":"post","link":"https:\/\/lospoliticosveracruz.com.mx\/?p=155384","title":{"rendered":"H\u00c9CTOR YUNES Y EL SUE\u00d1O GUAJIRO DE SER GOBERNADOR"},"content":{"rendered":"\n<p><strong>Iv\u00e1n Calder\u00f3n<\/strong><br><em>Perfilando<\/em><\/p>\n\n\n\n<p>Dicen que la pol\u00edtica es un juego de resistencia, no de velocidad. Pero en Veracruz, para H\u00e9ctor Yunes Landa, el juego parece haber terminado hace tiempo y lo peor, es que no se ha dado cuenta.<\/p>\n\n\n\n<p>Le explico.<\/p>\n\n\n\n\n\n<p>Este no es un juicio de valor sobre su trayectoria, sino una lectura fr\u00eda de los n\u00fameros y del desgaste que, inevitablemente, lo aleja de cualquier posibilidad real de volver a competir por la Gubernatura.<\/p>\n\n\n\n<p>En efecto, la edad es solo un n\u00famero, y la experiencia no se mide con el calendario. No obstante, las tendencias son contundentes, ya que el promedio de edad de los gobernadores veracruzanos al asumir el cargo ronda los 60 a\u00f1os.<\/p>\n\n\n\n<p>El m\u00e1s longevo en tiempos recientes, fue Miguel Alem\u00e1n Velasco, que lleg\u00f3 con 66.<\/p>\n\n\n\n<p>En 2030, H\u00e9ctor Yunes estar\u00eda rozando casi los 80 a\u00f1os. Y la pregunta no es si puede, sino si deber\u00eda.<\/p>\n\n\n\n<p>En honor a la verdad la agenda moderna exige energ\u00eda, reflejos, y una capacidad para lidiar con crisis simult\u00e1neas y negociar en todos los frentes y a esa edad, la cifra se vuelve pol\u00edticamente insostenible, m\u00e1s all\u00e1 de cualquier r\u00e9cord hist\u00f3rico.<\/p>\n\n\n\n<p>Vaya, hasta \u201ccabecita de algod\u00f3n\u201d Andr\u00e9s Manuel L\u00f3pez Obrador a quien de \u201cviejito\u201d no bajaban, lleg\u00f3 a la Presidencia de la Rep\u00fablica a los 65 a\u00f1os de edad.<\/p>\n\n\n\n<p>Con lo anterior, el desgaste para H\u00e9ctor es evidente, y su oportunidad, simplemente, se extingui\u00f3.<\/p>\n\n\n\n<p>Porque si hoy, con casi 70 a\u00f1os, H\u00e9ctor no logra conectar, emocionar ni aglutinar a una oposici\u00f3n desdibujada, \u00bfc\u00f3mo lo har\u00e1 dentro de cinco?<\/p>\n\n\n\n<p>La realidad es que su figura ya no genera tracci\u00f3n, su discurso suena repetido, y en su propio partido, en lugar de construir nuevos liderazgos, los margina o los sofoca.<\/p>\n\n\n\n<p>La neta.<\/p>\n\n\n\n<p>A Yunes Landa se le olvida, adem\u00e1s, que antes del 2030 tendr\u00eda que resistir cinco a\u00f1os m\u00e1s de desgaste p\u00fablico, sin estructura, sin partido s\u00f3lido, ni presencia estatal real. Caray, ni siquiera ha podido construir una fuerza pol\u00edtica veracruzana que lo respalde; mucho menos alguna ficci\u00f3n que lo devuelva al escenario.<\/p>\n\n\n\n<p>H\u00e9ctor tuvo su momento de oro en 2016. Lo perdi\u00f3. Y en pol\u00edtica, a diferencia del beisbol, no hay \u201cpr\u00f3xima temporada\u201d para quien falla en la final.<\/p>\n\n\n\n<p>Y mientras las nuevas generaciones buscan v\u00ednculos con rostros distintos, H\u00e9ctor se ha quedado en la cr\u00edtica, sin plataforma de poder, sin cargo, sin estructura. Solo con los berrinches digitales que publica en redes sociales y las historias que se cuenta para seguir sinti\u00e9ndose vigente.<\/p>\n\n\n\n<p>El verdadero problema para la oposici\u00f3n veracruzana radica en que no est\u00e1n construyendo una alternativa real. Los que se presentan como \u201csangre nueva\u201d son, en su mayor\u00eda, reciclaje de apellidos, herederos del fracaso o sat\u00e9lites de los mismos de siempre.<\/p>\n\n\n\n<p>Y si algo ha quedado demostrado en las \u00faltimas elecciones, es que las y los veracruzanos ya no quieren a un Yunes en el poder. La marca est\u00e1 desgastada, el apellido agotado y la confianza perdida.<\/p>\n\n\n\n<p>La dura realidad es que Yunes Landa ya perdi\u00f3 vigencia, su esfuerzo puede ser digno, sin embargo, su fuerza no resistir\u00e1 con un electorado que exige conexiones, no recuerdos.<\/p>\n\n\n\n<p>Y mientras H\u00e9ctor insiste en revivir un ciclo terminado, la oposici\u00f3n confirma su vac\u00edo, no hay liderazgo, no hay visi\u00f3n, ni mucho menos una oposici\u00f3n real.<\/p>\n\n\n\n<p>Quiz\u00e1 lo mejor ser\u00eda que H\u00e9ctor Yunes les cediera el paso a los j\u00f3venes, y dejar de buscar juventud, de su pasado.<\/p>\n\n\n\n<p>Porque H\u00e9ctor es el rostro del viejo PRI, ese rostro que ya nadie quiere ver\u2026 pero, en fin, ah\u00ed que se entretenga.<\/p>\n\n\n\n<p>@IvanKalderon&nbsp;<\/p>\n","protected":false},"excerpt":{"rendered":"<p>Iv\u00e1n Calder\u00f3nPerfilando Dicen que la pol\u00edtica es un juego de resistencia, no de velocidad. Pero en Veracruz, para H\u00e9ctor Yunes Landa, el juego parece haber terminado hace tiempo y lo peor, es que no se ha dado cuenta. Le explico. Este no es un juicio de valor sobre su trayectoria, sino una lectura fr\u00eda de [&hellip;]<\/p>\n","protected":false},"author":2,"featured_media":141388,"comment_status":"closed","ping_status":"closed","sticky":false,"template":"","format":"standard","meta":{"_jetpack_newsletter_access":"","_jetpack_dont_email_post_to_subs":false,"_jetpack_newsletter_tier_id":0,"_jetpack_memberships_contains_paywalled_content":false,"_jetpack_memberships_contains_paid_content":false,"footnotes":""},"categories":[70],"tags":[348,27027,195],"class_list":["post-155384","post","type-post","status-publish","format-standard","has-post-thumbnail","hentry","category-de-opinion","tag-hector-yunes-landa","tag-ivan-calderon-2","tag-veracruz"],"jetpack_featured_media_url":"https:\/\/lospoliticosveracruz.com.mx\/wp-content\/uploads\/2025\/04\/Ivan-Calderon-Flores.jpg","jetpack_sharing_enabled":true,"jetpack_shortlink":"https:\/\/wp.me\/p4Qcd3-Eqc","_links":{"self":[{"href":"https:\/\/lospoliticosveracruz.com.mx\/index.php?rest_route=\/wp\/v2\/posts\/155384","targetHints":{"allow":["GET"]}}],"collection":[{"href":"https:\/\/lospoliticosveracruz.com.mx\/index.php?rest_route=\/wp\/v2\/posts"}],"about":[{"href":"https:\/\/lospoliticosveracruz.com.mx\/index.php?rest_route=\/wp\/v2\/types\/post"}],"author":[{"embeddable":true,"href":"https:\/\/lospoliticosveracruz.com.mx\/index.php?rest_route=\/wp\/v2\/users\/2"}],"replies":[{"embeddable":true,"href":"https:\/\/lospoliticosveracruz.com.mx\/index.php?rest_route=%2Fwp%2Fv2%2Fcomments&post=155384"}],"version-history":[{"count":1,"href":"https:\/\/lospoliticosveracruz.com.mx\/index.php?rest_route=\/wp\/v2\/posts\/155384\/revisions"}],"predecessor-version":[{"id":155385,"href":"https:\/\/lospoliticosveracruz.com.mx\/index.php?rest_route=\/wp\/v2\/posts\/155384\/revisions\/155385"}],"wp:featuredmedia":[{"embeddable":true,"href":"https:\/\/lospoliticosveracruz.com.mx\/index.php?rest_route=\/wp\/v2\/media\/141388"}],"wp:attachment":[{"href":"https:\/\/lospoliticosveracruz.com.mx\/index.php?rest_route=%2Fwp%2Fv2%2Fmedia&parent=155384"}],"wp:term":[{"taxonomy":"category","embeddable":true,"href":"https:\/\/lospoliticosveracruz.com.mx\/index.php?rest_route=%2Fwp%2Fv2%2Fcategories&post=155384"},{"taxonomy":"post_tag","embeddable":true,"href":"https:\/\/lospoliticosveracruz.com.mx\/index.php?rest_route=%2Fwp%2Fv2%2Ftags&post=155384"}],"curies":[{"name":"wp","href":"https:\/\/api.w.org\/{rel}","templated":true}]}}