{"id":155387,"date":"2025-10-28T10:50:39","date_gmt":"2025-10-28T16:50:39","guid":{"rendered":"https:\/\/lospoliticosveracruz.com.mx\/?p=155387"},"modified":"2025-10-28T10:51:09","modified_gmt":"2025-10-28T16:51:09","slug":"o-miente-la-senora-o-esta-mal-informada","status":"publish","type":"post","link":"https:\/\/lospoliticosveracruz.com.mx\/?p=155387","title":{"rendered":"O MIENTE LA SE\u00d1ORA O EST\u00c1 MAL INFORMADA"},"content":{"rendered":"\n<p><strong>Bernardo Guti\u00e9rrez Parra<\/strong><br><em>Desde el Caf\u00e9<\/em><br>El s\u00e1bado anterior el expresidente Ernesto Zedillo volvi\u00f3 a la carga y dijo al diario El Mundo que bajo las presidencias de Andr\u00e9s Manuel L\u00f3pez Obrador y Claudia Sheinbaum, M\u00e9xico enfrenta un deterioro sin precedentes en sus instituciones democr\u00e1ticas. \u201cAmbos mandatarios han impulsado reformas para concentrar el poder, debilitar al Poder Judicial y eliminar los organismos de control, afectando los contrapesos fundamentales del pa\u00eds\u201d.<\/p>\n\n\n\n\n\n<p>Asegur\u00f3 que el tabasque\u00f1o \u201cdesmantel\u00f3 el Poder Judicial, se apoder\u00f3 del control de los \u00f3rganos electorales y anul\u00f3 reformas consensuadas\u201d con lo que destruy\u00f3 los pilares de la democracia mexicana.<\/p>\n\n\n\n<p>Y sobre Claudia indic\u00f3: \u201cElla ha sido c\u00f3mplice de Andr\u00e9s Manuel en la destrucci\u00f3n de la democracia mexicana\u2026 contribuy\u00f3 con entusiasmo a la reforma constitucional de L\u00f3pez Obrador para destruir al Poder Judicial\u201d.<\/p>\n\n\n\n<p>Este lunes y sin mediar pregunta Claudia le respondi\u00f3: \u201cEn M\u00e9xico hay democracia, M\u00e9xico es de los pa\u00edses m\u00e1s democr\u00e1ticos del mundo. En M\u00e9xico elegimos al Poder Judicial, al Poder Legislativo y al Poder Ejecutivo. \u00bfQui\u00e9n lo elige?, el pueblo\u201d.<\/p>\n\n\n\n<p>Agreg\u00f3 que la democracia se refleja en la libertad de expresi\u00f3n, de reuni\u00f3n y en la de hablar mal de ella o de su antecesor. \u201cNunca antes en nuestro pa\u00eds (digan lo que digan) hubo tal libertad de expresi\u00f3n. Podemos decir sin temor a equivocarnos que es el momento de mayor democracia en M\u00e9xico y de mayor libertad\u201d.<\/p>\n\n\n\n<p>\u00bfSer\u00e1?<\/p>\n\n\n\n<p>A ver\u2026<\/p>\n\n\n\n<p>\u00bfM\u00e9xico es una de las mejores democracias del planeta? No, ni de cerca. The Economist lo tiene clasificado en el lugar 84 en un mundo donde s\u00f3lo existen 25 democracias plenas. Por su parte, la Universidad de Wurzburgo de Alemania lo tiene rankeado como la democracia n\u00famero 91.<\/p>\n\n\n\n<p>Tanto para The Economist como para la Universidad alemana, M\u00e9xico es una \u201cdemocracia h\u00edbrida\u201d, es decir, una democracia que est\u00e1 apenas un escal\u00f3n arriba de los reg\u00edmenes totalitarios. Y como dato significativo, en 2018 M\u00e9xico ocupaba el lugar 66 de 167 pa\u00edses evaluados.<\/p>\n\n\n\n<p>Claudia no puede presumir que aqu\u00ed se hacen elecciones libres y democr\u00e1ticas, cuando la \u201celecci\u00f3n del acorde\u00f3n\u201d del Poder Judicial, pasar\u00e1 a la historia como la m\u00e1s fraudulenta y sucia de la que se tenga memoria.<\/p>\n\n\n\n<p>La libertad de expresi\u00f3n y de reuni\u00f3n no llegaron con la 4T, ya estaban desde hace lustros. Pero si se pudiera, ser\u00eda interesante saber lo que opinan los 55 periodistas asesinados de diciembre del 2018 a la semana anterior (ocho en lo que va de esta administraci\u00f3n), sobre qu\u00e9 tan cierto es que la libertad de expresi\u00f3n est\u00e1 en su punto m\u00e1s alto.<\/p>\n\n\n\n<p>\u00bfQue ya se puede hablar mal de ella y su antecesor?, eso se ha podido desde siempre. De Guadalupe Victoria para ac\u00e1, pasando por Santa Anna y Huerta, se ha hablado pestes de todos los presidentes, con permiso o sin \u00e9l. \u00bfEntonces?<\/p>\n\n\n\n<p>Si la intenci\u00f3n de la presidenta era descalificar a Zedillo, fracas\u00f3 porque no dijo nada nuevo. Guardando la debida distancia, habl\u00f3 como cuando Fidel dec\u00eda que Cuba era la primera naci\u00f3n libre de Am\u00e9rica.<\/p>\n\n\n\n<p>Pero quiero pensar que la se\u00f1ora no miente sino que est\u00e1 mal informada. \u00bfO acaso tiene raz\u00f3n y a pesar de que ya no existen los contrapesos, a pesar de que se acab\u00f3 la poca independencia que hab\u00eda en el poder Legislativo y Judicial y se infama tiro por viaje desde las ma\u00f1aneras a medios de comunicaci\u00f3n y periodistas, somos uno de los pa\u00edses m\u00e1s dem\u00f3cratas del mundo?<\/p>\n\n\n\n<p>\u00bfTu qu\u00e9 opinas, lector?<\/p>\n\n\n\n<p>Lima Franco en su elemento<\/p>\n\n\n\n<p>Este lunes el diario El Financiero public\u00f3 un art\u00edculo firmado por Jos\u00e9 Luis Lima Franco titulado: \u201cEl predial como ancla de autonom\u00eda: el reto ineludible para los municipios de M\u00e9xico\u201d.<\/p>\n\n\n\n<p>En \u00e9l, el ex titular de la Sefiplan en el sexenio anterior y actual director del Instituto para el Desarrollo T\u00e9cnico de las Haciendas P\u00fablicas (INDETEC), dice que por d\u00e9cadas, los municipios mexicanos han sostenido sus operaciones bajo un esquema de alta dependencia financiera respecto de la Federaci\u00f3n.<\/p>\n\n\n\n<p>\u201cActualmente, el impuesto predial representa apenas alrededor del 0.22% del Producto Interno Bruto (PIB) nacional. Esta cifra no solo es baja en t\u00e9rminos absolutos, sino tambi\u00e9n en comparaci\u00f3n con otros pa\u00edses de Am\u00e9rica Latina, donde la recaudaci\u00f3n predial puede superar el 0.6% del PIB, como ocurre en Brasil o Chile. En M\u00e9xico, a pesar de contar con m\u00e1s de 2,400 municipios con facultad para administrarlo, m\u00e1s del 50% de toda la recaudaci\u00f3n predial nacional se concentra en apenas el 1% de ellos. Es decir, unos 26 municipios recaudan m\u00e1s que los otros dos mil cuatrocientos juntos\u201d dice el funcionario.<\/p>\n\n\n\n<p>M\u00e1s adelante y en palabras sencillas y claras, Lima Franco explica la mejor manera de recaudar el predial sin detrimento de los contribuyentes y beneficiar con ello a todos los municipios del pa\u00eds.<\/p>\n\n\n\n<p>A diferencia de otros funcionarios que anduvieron ofreciendo sus servicios, a Lima Franco lo llamaron como titular de INDETEC porque se necesitaba a una persona como \u00e9l y Jos\u00e9 Luis est\u00e1 en su elemento.<\/p>\n\n\n\n<p>Soy de los que siguen sosteniendo que si Jos\u00e9 Luis Lima Franco hubiera sido candidato a la presidencia municipal de Poza Rica hubiera ganado. Y en estos momentos el partido en el poder no estar\u00eda pasando las de Ca\u00edn con una presidenta electa que gan\u00f3 con trampas y que no es bien vista por una sociedad que se siente enga\u00f1ada y traicionada.<\/p>\n\n\n\n<p>Pero volviendo a la realidad lector, te invito a que leas el texto de Lima Franco que aparte de que no tiene desperdicio, fue escrito por un funcionario que conoce el tema, no es ning\u00fan improvisado y est\u00e1 cumpliendo a cabalidad la encomienda de fortalecer las haciendas p\u00fablicas estatales y municipales, a trav\u00e9s de la modernizaci\u00f3n y eficiencia de los recursos p\u00fablicos.<\/p>\n\n\n\n<p>bernagup28@gmail.com<\/p>\n","protected":false},"excerpt":{"rendered":"<p>Bernardo Guti\u00e9rrez ParraDesde el Caf\u00e9El s\u00e1bado anterior el expresidente Ernesto Zedillo volvi\u00f3 a la carga y dijo al diario El Mundo que bajo las presidencias de Andr\u00e9s Manuel L\u00f3pez Obrador y Claudia Sheinbaum, M\u00e9xico enfrenta un deterioro sin precedentes en sus instituciones democr\u00e1ticas. \u201cAmbos mandatarios han impulsado reformas para concentrar el poder, debilitar al Poder [&hellip;]<\/p>\n","protected":false},"author":2,"featured_media":141479,"comment_status":"closed","ping_status":"closed","sticky":false,"template":"","format":"standard","meta":{"_jetpack_newsletter_access":"","_jetpack_dont_email_post_to_subs":false,"_jetpack_newsletter_tier_id":0,"_jetpack_memberships_contains_paywalled_content":false,"_jetpack_memberships_contains_paid_content":false,"footnotes":""},"categories":[70],"tags":[618,9627,207,395],"class_list":["post-155387","post","type-post","status-publish","format-standard","has-post-thumbnail","hentry","category-de-opinion","tag-andres-manuel-lopez-obrador","tag-claudia-sheinbaum","tag-democracia","tag-mexico"],"jetpack_featured_media_url":"https:\/\/lospoliticosveracruz.com.mx\/wp-content\/uploads\/2025\/04\/Bernardo-Gutierrez-Parra.jpg","jetpack_sharing_enabled":true,"jetpack_shortlink":"https:\/\/wp.me\/p4Qcd3-Eqf","_links":{"self":[{"href":"https:\/\/lospoliticosveracruz.com.mx\/index.php?rest_route=\/wp\/v2\/posts\/155387","targetHints":{"allow":["GET"]}}],"collection":[{"href":"https:\/\/lospoliticosveracruz.com.mx\/index.php?rest_route=\/wp\/v2\/posts"}],"about":[{"href":"https:\/\/lospoliticosveracruz.com.mx\/index.php?rest_route=\/wp\/v2\/types\/post"}],"author":[{"embeddable":true,"href":"https:\/\/lospoliticosveracruz.com.mx\/index.php?rest_route=\/wp\/v2\/users\/2"}],"replies":[{"embeddable":true,"href":"https:\/\/lospoliticosveracruz.com.mx\/index.php?rest_route=%2Fwp%2Fv2%2Fcomments&post=155387"}],"version-history":[{"count":2,"href":"https:\/\/lospoliticosveracruz.com.mx\/index.php?rest_route=\/wp\/v2\/posts\/155387\/revisions"}],"predecessor-version":[{"id":155389,"href":"https:\/\/lospoliticosveracruz.com.mx\/index.php?rest_route=\/wp\/v2\/posts\/155387\/revisions\/155389"}],"wp:featuredmedia":[{"embeddable":true,"href":"https:\/\/lospoliticosveracruz.com.mx\/index.php?rest_route=\/wp\/v2\/media\/141479"}],"wp:attachment":[{"href":"https:\/\/lospoliticosveracruz.com.mx\/index.php?rest_route=%2Fwp%2Fv2%2Fmedia&parent=155387"}],"wp:term":[{"taxonomy":"category","embeddable":true,"href":"https:\/\/lospoliticosveracruz.com.mx\/index.php?rest_route=%2Fwp%2Fv2%2Fcategories&post=155387"},{"taxonomy":"post_tag","embeddable":true,"href":"https:\/\/lospoliticosveracruz.com.mx\/index.php?rest_route=%2Fwp%2Fv2%2Ftags&post=155387"}],"curies":[{"name":"wp","href":"https:\/\/api.w.org\/{rel}","templated":true}]}}