{"id":155395,"date":"2025-10-28T11:50:26","date_gmt":"2025-10-28T17:50:26","guid":{"rendered":"https:\/\/lospoliticosveracruz.com.mx\/?p=155395"},"modified":"2025-10-28T11:50:38","modified_gmt":"2025-10-28T17:50:38","slug":"juzgados-de-poza-rica-y-alamo-ya-chambean","status":"publish","type":"post","link":"https:\/\/lospoliticosveracruz.com.mx\/?p=155395","title":{"rendered":"JUZGADOS DE POZA RICA Y \u00c1LAMO, YA CHAMBEAN!"},"content":{"rendered":"\n<p>El Poder Judicial del Estado de Veracruz informa que, tras la evaluaci\u00f3n de las condiciones en los \u00f3rganos jurisdiccionales del Distrito Judicial de Poza Rica y de la Actuar\u00eda Municipal de \u00c1lamo, se determin\u00f3 levantar la declaratoria de d\u00edas inh\u00e1biles, por lo que a partir del 30 de octubre de 2025 ser\u00e1n reanudadas las labores oficiales en ambos recintos judiciales.<\/p>\n\n\n\n<p>Asimismo, con el prop\u00f3sito de garantizar el funcionamiento en condiciones adecuadas y reactivar la atenci\u00f3n a la ciudadan\u00eda, el \u00d3rgano de Administraci\u00f3n Judicial autoriz\u00f3 el cambio de domicilio del Juzgado de Proceso y Procedimiento Penal Oral de Poza Rica, el cual comenzar\u00e1 a despachar en la siguiente direcci\u00f3n:<\/p>\n\n\n\n<p><em>Avenida Ferrocarril n\u00famero 101, Colonia Aviaci\u00f3n Vieja, C.P. 93370, Poza Rica, Veracruz.<\/em><\/p>\n\n\n\n<p>Esta medida busca asegurar la continuidad en la impartici\u00f3n de justicia y ofrecer espacios \u00f3ptimos para el desempe\u00f1o del personal jurisdiccional y administrativo, en beneficio de las y los justiciables.<\/p>\n\n\n\n<p>El Poder Judicial reconoce el esfuerzo del personal que, pese a las afectaciones derivadas de las recientes contingencias, mantiene su compromiso con la impartici\u00f3n de justicia y con la poblaci\u00f3n de la regi\u00f3n norte del estado.<\/p>\n\n\n\n<p>Esta reanudaci\u00f3n se realiza una vez garantizadas las condiciones de seguridad y operatividad en los inmuebles afectados por las recientes lluvias.<\/p>\n","protected":false},"excerpt":{"rendered":"<p>El Poder Judicial del Estado de Veracruz informa que, tras la evaluaci\u00f3n de las condiciones en los \u00f3rganos jurisdiccionales del Distrito Judicial de Poza Rica y de la Actuar\u00eda Municipal de \u00c1lamo, se determin\u00f3 levantar la declaratoria de d\u00edas inh\u00e1biles, por lo que a partir del 30 de octubre de 2025 ser\u00e1n reanudadas las labores [&hellip;]<\/p>\n","protected":false},"author":2,"featured_media":155396,"comment_status":"closed","ping_status":"closed","sticky":false,"template":"","format":"standard","meta":{"_jetpack_newsletter_access":"","_jetpack_dont_email_post_to_subs":false,"_jetpack_newsletter_tier_id":0,"_jetpack_memberships_contains_paywalled_content":false,"_jetpack_memberships_contains_paid_content":false,"footnotes":""},"categories":[73],"tags":[19497,1267],"class_list":["post-155395","post","type-post","status-publish","format-standard","has-post-thumbnail","hentry","category-de-boleto","tag-poder-judicial-del-estado-de-veracruz","tag-poza-rica"],"jetpack_featured_media_url":"https:\/\/lospoliticosveracruz.com.mx\/wp-content\/uploads\/2025\/10\/Poder-Judicial.jpg","jetpack_sharing_enabled":true,"jetpack_shortlink":"https:\/\/wp.me\/p4Qcd3-Eqn","_links":{"self":[{"href":"https:\/\/lospoliticosveracruz.com.mx\/index.php?rest_route=\/wp\/v2\/posts\/155395","targetHints":{"allow":["GET"]}}],"collection":[{"href":"https:\/\/lospoliticosveracruz.com.mx\/index.php?rest_route=\/wp\/v2\/posts"}],"about":[{"href":"https:\/\/lospoliticosveracruz.com.mx\/index.php?rest_route=\/wp\/v2\/types\/post"}],"author":[{"embeddable":true,"href":"https:\/\/lospoliticosveracruz.com.mx\/index.php?rest_route=\/wp\/v2\/users\/2"}],"replies":[{"embeddable":true,"href":"https:\/\/lospoliticosveracruz.com.mx\/index.php?rest_route=%2Fwp%2Fv2%2Fcomments&post=155395"}],"version-history":[{"count":1,"href":"https:\/\/lospoliticosveracruz.com.mx\/index.php?rest_route=\/wp\/v2\/posts\/155395\/revisions"}],"predecessor-version":[{"id":155397,"href":"https:\/\/lospoliticosveracruz.com.mx\/index.php?rest_route=\/wp\/v2\/posts\/155395\/revisions\/155397"}],"wp:featuredmedia":[{"embeddable":true,"href":"https:\/\/lospoliticosveracruz.com.mx\/index.php?rest_route=\/wp\/v2\/media\/155396"}],"wp:attachment":[{"href":"https:\/\/lospoliticosveracruz.com.mx\/index.php?rest_route=%2Fwp%2Fv2%2Fmedia&parent=155395"}],"wp:term":[{"taxonomy":"category","embeddable":true,"href":"https:\/\/lospoliticosveracruz.com.mx\/index.php?rest_route=%2Fwp%2Fv2%2Fcategories&post=155395"},{"taxonomy":"post_tag","embeddable":true,"href":"https:\/\/lospoliticosveracruz.com.mx\/index.php?rest_route=%2Fwp%2Fv2%2Ftags&post=155395"}],"curies":[{"name":"wp","href":"https:\/\/api.w.org\/{rel}","templated":true}]}}