{"id":155540,"date":"2025-10-29T21:33:48","date_gmt":"2025-10-30T03:33:48","guid":{"rendered":"https:\/\/lospoliticosveracruz.com.mx\/?p=155540"},"modified":"2025-10-29T21:34:17","modified_gmt":"2025-10-30T03:34:17","slug":"boca-hace-frente-al-frente-frio","status":"publish","type":"post","link":"https:\/\/lospoliticosveracruz.com.mx\/?p=155540","title":{"rendered":"BOCA HACE FRENTE AL FRENTE FR\u00cdO!"},"content":{"rendered":"\n<p>Ante el impacto del Frente Fr\u00edo 11 en el municipio de Boca del R\u00edo, el gobierno que encabeza el alcalde Juan Manuel Un\u00e1nue Abascal, se ha mantenido en alerta y atendiendo los reportes ciudadanos causados por el efecto del sistema frontal.<\/p>\n\n\n\n<p>\u201cNuestras \u00e1reas operativas han estado trabajando arduamente para atender los incidentes en la ciudad debido al paso del Frente Fr\u00edo 11. Priorizando la seguridad y bienestar de todos. Nos mantenemos atentos a sus reportes\u201d, expres\u00f3 el edil.<\/p>\n\n\n\n<p>Como parte de las medidas preventivas para la seguridad de los ciudadanos, se decidi\u00f3 desde temprana hora que las unidades deportivas de la ciudad permanecieran cerradas, adem\u00e1s de emitir una serie de recomendaciones a trav\u00e9s de las redes sociales oficiales del gobierno municipal.<\/p>\n\n\n\n<p>Asimismo se determin\u00f3 el cierre vial del bulevar Manuel \u00c1vila Camacho en el tramo carril sur a norte desde la avenida Juan Pablo II has el hotel Lois, y en el carril norte a sur desde calle Reyes Heroles hasta M\u00e9dico Militar; dicho cierre vial permanece una vez que las condiciones del tiempo lo permitan.<\/p>\n\n\n\n<p>Previamente, el Presidente Municipal orden\u00f3 implementar labores de limpieza en la ciudad para mantener espacios p\u00fablicos ordenados y seguros para los boque\u00f1os.<\/p>\n\n\n\n<p>De acuerdo a la autoridad estatal, las rachas de viento del norte alcanzaron los 97.3 kil\u00f3metros por hora.<\/p>\n\n\n\n<p>Por su parte, el Director de Protecci\u00f3n Civil Municipal de Boca del R\u00edo, Jorge Roberto Rojas Hern\u00e1ndez, inform\u00f3 el parte de atenciones que se registraron a lo largo del mi\u00e9rcoles que incluy\u00f3: Ca\u00edda de arboles (10), l\u00e1mina desprendida (1), poste en riesgo de ca\u00edda (2), corto circuito (2).<\/p>\n\n\n\n<p>Se atendieron a dos personas lesionadas, una por desprendimiento de una l\u00e1mina y otra por la ca\u00edda de las ramas de un \u00e1rbol, ninguna amerit\u00f3 ser trasladada para mayor atenci\u00f3n m\u00e9dica.<\/p>\n\n\n\n<p>La Fuerza de Tarea que participa en la atenci\u00f3n y seguimiento de los reportes est\u00e1 conformada por las direcciones de Gobernaci\u00f3n, Alumbrado P\u00fablico, Mantenimiento Urbano, Tr\u00e1nsito Municipal, Protecci\u00f3n Civil, Polic\u00eda Municipal, Limpia P\u00fablica, adem\u00e1s de la Polic\u00eda Estatal, Bomberos Conurbados, Polic\u00eda Naval, Guardia Nacional y CFE.<\/p>\n\n\n\n<p>Se espera que el viento pierda intensidad en el transcurso de la madrugada y ma\u00f1ana de jueves, previ\u00e9ndose tambi\u00e9n leve descenso de la temperatura.<\/p>\n\n\n\n<p>Finalmente, se le recuerda a la poblaci\u00f3n que para cualquier emergencia se pone a disposici\u00f3n los siguientes n\u00fameros: el 911 o los tel\u00e9fonos de Protecci\u00f3n Civil de Boca del R\u00edo 9 86 23 23.<\/p>\n","protected":false},"excerpt":{"rendered":"<p>Ante el impacto del Frente Fr\u00edo 11 en el municipio de Boca del R\u00edo, el gobierno que encabeza el alcalde Juan Manuel Un\u00e1nue Abascal, se ha mantenido en alerta y atendiendo los reportes ciudadanos causados por el efecto del sistema frontal. \u201cNuestras \u00e1reas operativas han estado trabajando arduamente para atender los incidentes en la ciudad [&hellip;]<\/p>\n","protected":false},"author":2,"featured_media":155541,"comment_status":"closed","ping_status":"closed","sticky":false,"template":"","format":"standard","meta":{"_jetpack_newsletter_access":"","_jetpack_dont_email_post_to_subs":false,"_jetpack_newsletter_tier_id":0,"_jetpack_memberships_contains_paywalled_content":false,"_jetpack_memberships_contains_paid_content":false,"footnotes":""},"categories":[73],"tags":[601,4393,6732],"class_list":["post-155540","post","type-post","status-publish","format-standard","has-post-thumbnail","hentry","category-de-boleto","tag-boca-del-rio","tag-frente-frio","tag-juan-manuel-de-unanue"],"jetpack_featured_media_url":"https:\/\/lospoliticosveracruz.com.mx\/wp-content\/uploads\/2025\/10\/9d654ffe-639a-4a0c-801c-577650f997d3-e1761795110192.jpeg","jetpack_sharing_enabled":true,"jetpack_shortlink":"https:\/\/wp.me\/p4Qcd3-EsI","_links":{"self":[{"href":"https:\/\/lospoliticosveracruz.com.mx\/index.php?rest_route=\/wp\/v2\/posts\/155540","targetHints":{"allow":["GET"]}}],"collection":[{"href":"https:\/\/lospoliticosveracruz.com.mx\/index.php?rest_route=\/wp\/v2\/posts"}],"about":[{"href":"https:\/\/lospoliticosveracruz.com.mx\/index.php?rest_route=\/wp\/v2\/types\/post"}],"author":[{"embeddable":true,"href":"https:\/\/lospoliticosveracruz.com.mx\/index.php?rest_route=\/wp\/v2\/users\/2"}],"replies":[{"embeddable":true,"href":"https:\/\/lospoliticosveracruz.com.mx\/index.php?rest_route=%2Fwp%2Fv2%2Fcomments&post=155540"}],"version-history":[{"count":2,"href":"https:\/\/lospoliticosveracruz.com.mx\/index.php?rest_route=\/wp\/v2\/posts\/155540\/revisions"}],"predecessor-version":[{"id":155543,"href":"https:\/\/lospoliticosveracruz.com.mx\/index.php?rest_route=\/wp\/v2\/posts\/155540\/revisions\/155543"}],"wp:featuredmedia":[{"embeddable":true,"href":"https:\/\/lospoliticosveracruz.com.mx\/index.php?rest_route=\/wp\/v2\/media\/155541"}],"wp:attachment":[{"href":"https:\/\/lospoliticosveracruz.com.mx\/index.php?rest_route=%2Fwp%2Fv2%2Fmedia&parent=155540"}],"wp:term":[{"taxonomy":"category","embeddable":true,"href":"https:\/\/lospoliticosveracruz.com.mx\/index.php?rest_route=%2Fwp%2Fv2%2Fcategories&post=155540"},{"taxonomy":"post_tag","embeddable":true,"href":"https:\/\/lospoliticosveracruz.com.mx\/index.php?rest_route=%2Fwp%2Fv2%2Ftags&post=155540"}],"curies":[{"name":"wp","href":"https:\/\/api.w.org\/{rel}","templated":true}]}}