{"id":155591,"date":"2025-10-30T16:24:53","date_gmt":"2025-10-30T22:24:53","guid":{"rendered":"https:\/\/lospoliticosveracruz.com.mx\/?p=155591"},"modified":"2025-10-30T16:26:18","modified_gmt":"2025-10-30T22:26:18","slug":"gano-la-voluntad-del-pueblo","status":"publish","type":"post","link":"https:\/\/lospoliticosveracruz.com.mx\/?p=155591","title":{"rendered":"GAN\u00d3 LA VOLUNTAD DEL PUEBLO!"},"content":{"rendered":"\n<p>El dirigente estatal de Morena en Veracruz, Esteban Ram\u00edrez Zepeta, celebr\u00f3 la resoluci\u00f3n de la Sala Superior del Tribunal Electoral del Poder Judicial de la Federaci\u00f3n (TEPJF), que ratific\u00f3 de manera definitiva el triunfo de Morena en el municipio de Poza Rica y reiter\u00f3 que continuar\u00e1n los trabajos para la reconstrucci\u00f3n y apoyo a los damnificados por las inundaciones.<\/p>\n\n\n\n\n\n<p>Ram\u00edrez Zepeta se\u00f1al\u00f3 que la decisi\u00f3n del m\u00e1ximo tribunal electoral marca el cierre de todo proceso de impugnaci\u00f3n, luego de que tanto el Tribunal Electoral de Veracruz como la Sala Regional Xalapa del TEPJF confirmaran previamente la validez de la elecci\u00f3n.<\/p>\n\n\n\n<p>\u201cHoy podemos afirmar con claridad que triunf\u00f3 la democracia en Poza Rica. La \u00faltima instancia electoral ha hablado y se respeta la voluntad del pueblo. Este triunfo es del pueblo, para el pueblo, y demuestra que en Veracruz la transformaci\u00f3n sigue firme. Pero vienen tambi\u00e9n tiempos de mucho y m\u00e1s trabajo para la reconstrucci\u00f3n y el apoyo a damnificados\u201d, expres\u00f3.<\/p>\n\n\n\n<p>El dirigente estatal subray\u00f3 que el fallo de la Sala Superior fortalece la confianza en las instituciones y reafirma que en Veracruz la decisi\u00f3n del pueblo se respeta.<\/p>\n\n\n\n<p>\u201cCon esta resoluci\u00f3n, se consolida el mandato ciudadano expresado en las urnas y se reafirma que el camino de la transformaci\u00f3n se construye con legalidad, participaci\u00f3n y justicia social\u201d, a\u00f1adi\u00f3.<\/p>\n\n\n\n<p>Ram\u00edrez Zepeta reconoci\u00f3 el compromiso de la militancia y de las y los ciudadanos que participaron en el proceso, recordando que Morena seguir\u00e1 trabajando cerca de la gente y fiel a sus principios de no mentir, no robar y no traicionar al pueblo.<\/p>\n","protected":false},"excerpt":{"rendered":"<p>El dirigente estatal de Morena en Veracruz, Esteban Ram\u00edrez Zepeta, celebr\u00f3 la resoluci\u00f3n de la Sala Superior del Tribunal Electoral del Poder Judicial de la Federaci\u00f3n (TEPJF), que ratific\u00f3 de manera definitiva el triunfo de Morena en el municipio de Poza Rica y reiter\u00f3 que continuar\u00e1n los trabajos para la reconstrucci\u00f3n y apoyo a los [&hellip;]<\/p>\n","protected":false},"author":2,"featured_media":146389,"comment_status":"closed","ping_status":"closed","sticky":false,"template":"","format":"standard","meta":{"_jetpack_newsletter_access":"","_jetpack_dont_email_post_to_subs":false,"_jetpack_newsletter_tier_id":0,"_jetpack_memberships_contains_paywalled_content":false,"_jetpack_memberships_contains_paid_content":false,"footnotes":""},"categories":[73],"tags":[17053,1267],"class_list":["post-155591","post","type-post","status-publish","format-standard","has-post-thumbnail","hentry","category-de-boleto","tag-esteban-ramirez-zepeta","tag-poza-rica"],"jetpack_featured_media_url":"https:\/\/lospoliticosveracruz.com.mx\/wp-content\/uploads\/2025\/06\/Zepeta-1.jpg","jetpack_sharing_enabled":true,"jetpack_shortlink":"https:\/\/wp.me\/p4Qcd3-Etx","_links":{"self":[{"href":"https:\/\/lospoliticosveracruz.com.mx\/index.php?rest_route=\/wp\/v2\/posts\/155591","targetHints":{"allow":["GET"]}}],"collection":[{"href":"https:\/\/lospoliticosveracruz.com.mx\/index.php?rest_route=\/wp\/v2\/posts"}],"about":[{"href":"https:\/\/lospoliticosveracruz.com.mx\/index.php?rest_route=\/wp\/v2\/types\/post"}],"author":[{"embeddable":true,"href":"https:\/\/lospoliticosveracruz.com.mx\/index.php?rest_route=\/wp\/v2\/users\/2"}],"replies":[{"embeddable":true,"href":"https:\/\/lospoliticosveracruz.com.mx\/index.php?rest_route=%2Fwp%2Fv2%2Fcomments&post=155591"}],"version-history":[{"count":1,"href":"https:\/\/lospoliticosveracruz.com.mx\/index.php?rest_route=\/wp\/v2\/posts\/155591\/revisions"}],"predecessor-version":[{"id":155592,"href":"https:\/\/lospoliticosveracruz.com.mx\/index.php?rest_route=\/wp\/v2\/posts\/155591\/revisions\/155592"}],"wp:featuredmedia":[{"embeddable":true,"href":"https:\/\/lospoliticosveracruz.com.mx\/index.php?rest_route=\/wp\/v2\/media\/146389"}],"wp:attachment":[{"href":"https:\/\/lospoliticosveracruz.com.mx\/index.php?rest_route=%2Fwp%2Fv2%2Fmedia&parent=155591"}],"wp:term":[{"taxonomy":"category","embeddable":true,"href":"https:\/\/lospoliticosveracruz.com.mx\/index.php?rest_route=%2Fwp%2Fv2%2Fcategories&post=155591"},{"taxonomy":"post_tag","embeddable":true,"href":"https:\/\/lospoliticosveracruz.com.mx\/index.php?rest_route=%2Fwp%2Fv2%2Ftags&post=155591"}],"curies":[{"name":"wp","href":"https:\/\/api.w.org\/{rel}","templated":true}]}}