{"id":155650,"date":"2025-10-31T09:27:12","date_gmt":"2025-10-31T15:27:12","guid":{"rendered":"https:\/\/lospoliticosveracruz.com.mx\/?p=155650"},"modified":"2025-10-31T09:28:09","modified_gmt":"2025-10-31T15:28:09","slug":"ese-eterno-dolor-de-cabeza-carretero","status":"publish","type":"post","link":"https:\/\/lospoliticosveracruz.com.mx\/?p=155650","title":{"rendered":"ESE ETERNO DOLOR DE CABEZA CARRETERO"},"content":{"rendered":"\n<p><strong>Bernardo Guti\u00e9rrez Parra<\/strong><br><em>Desde el Caf\u00e9<\/em><br>En casi cualquier pa\u00eds del mundo, lo que se recolecta en una caseta de peaje es para darle mantenimiento al puente o autopista donde est\u00e1 instalada, y se supone, ese dinero sirve adem\u00e1s para hacer otros puentes o autopistas. Las casetas de peaje de Jap\u00f3n son de las m\u00e1s caras del mundo y si ning\u00fan japones respinga, es porque hay que ver las autopistas y puentes que tienen; todas y todos de primer mundo. Y ah\u00ed est\u00e1 Andy L\u00f3pez Beltr\u00e1n que no me dejar\u00e1 mentir.<\/p>\n\n\n\n\n\n<p>M\u00e9xico es uno de esos pa\u00edses donde pagas un dineral de peaje para circular en autopistas llenas de hoyancos, que tienen el plus de que si te bajas de tu auto para ver c\u00f3mo qued\u00f3 la suspensi\u00f3n o una llanta despu\u00e9s de caer en un cr\u00e1ter, de seguro te asaltan. Es decir, pagamos mucho por circular en p\u00e9simas e inseguras carreteras.<\/p>\n\n\n\n<p>Otra cosa, se supone que una caseta tiene un determinado tiempo de vida, pero esto est\u00e1 alejado de la verdad. Cuando se inaugur\u00f3 el puente de Tuxpan el 18 de marzo de 1961, se dijo que la caseta durar\u00eda quince a\u00f1os en lo que se recuperaba lo invertido en el puente\u2026 y ya va para quince lustros.<\/p>\n\n\n\n<p>Hay tramos carreteros donde sale m\u00e1s caro el caldo que las alb\u00f3ndigas y uno de \u00e9stos es el que va de M\u00e9xico a Acapulco por la Autopista del Sol. Esta autopista tiene 367 kil\u00f3metros de longitud y cinco casetas de peaje. Si la recorres de ida y vuelta lector, el viaje te saldr\u00e1 m\u00e1s caro que si te subes a un avi\u00f3n para hacer el mismo recorrido.<\/p>\n\n\n\n<p>Si las carreteras federales y estatales estuvieran en buenas condiciones y fueran seguras, nadie pegar\u00eda de reparos por pagar lo que fuera de peaje, pero no es as\u00ed.<\/p>\n\n\n\n<p>La caseta de Fort\u00edn formaba parte de la Autopista C\u00f3rdoba-Veracruz que tard\u00f3 una eternidad en construirse. Esta caseta siempre fue mal vista por los automovilistas porque la autopista est\u00e1 en malas condiciones, no es segura y el peaje era caro: 270 pesos por autom\u00f3vil todav\u00eda en 2025.<\/p>\n\n\n\n<p>Como candidata a la gubernatura, Roc\u00edo Nahle prometi\u00f3 quitarla y como gobernadora lo cumpli\u00f3, pero\u2026<\/p>\n\n\n\n<p>Ahora resulta que en lugar de una caseta habr\u00e1 dos en ese mismo tramo, lo que ha puesto furiosos a los automovilistas de la zona y a los camioneros que utilizan de manera cotidiana esa v\u00eda.<\/p>\n\n\n\n<p>Y las protestas no se hicieron esperar lo que oblig\u00f3 a la gobernadora a decir que esas dos casetas no se van a construir, pero el Banco Nacional de Obras y Servicios P\u00fablicos (Banobras) dice otra cosa.<\/p>\n\n\n\n<p>De acuerdo con documentaci\u00f3n oficial, el pr\u00f3ximo 18 de noviembre se dar\u00e1 a conocer el fallo de la licitaci\u00f3n oficial para que de inmediato arranque la construcci\u00f3n de esas dos casetas, que estar\u00e1n en el tramo carretero C\u00f3rdoba-Orizaba-Ciudad Mendoza.<\/p>\n\n\n\n<p>Al saberlo, la gente de aquella zona se enchil\u00f3, la gobernadora intervino para apaciguar los \u00e1nimos y reiter\u00f3 su negativa a la construcci\u00f3n, pero Banobras dice que las casetas van.<\/p>\n\n\n\n<p>Urge un di\u00e1logo entre autoridades federales, estatales, Banobras y los posibles afectados porque de lo contrario habr\u00e1 bronca y broca gruesa.<\/p>\n\n\n\n<p>En lo personal lector y salvo tu mejor opini\u00f3n, soy partidario de las casetas de peaje, siempre y cuando haya mejores y m\u00e1s seguras carreteras.<\/p>\n\n\n\n<p>\u00bfTu qu\u00e9 opinas?<\/p>\n\n\n\n<p>\u00c1lamo se pone de pie<\/p>\n\n\n\n<p>Desde la semana anterior y por instrucci\u00f3n de la presidenta Claudia Sheinbaum y de la gobernadora Roc\u00edo Nahle, el subsecretario de Gobierno Jos\u00e9 Manuel Pozos Castro, se encuentra coordinando las labores de rehabilitaci\u00f3n que los tres niveles de gobierno est\u00e1n llevando a cabo en \u00c1lamo, uno de los municipios que junto con Poza Rica, resultaron con m\u00e1s afectaciones tras las fuertes lluvias del 10 de octubre. Y la recuperaci\u00f3n est\u00e1 avanzando a grandes pasos.<\/p>\n\n\n\n<p>De acuerdo a reportes period\u00edsticos y de los mismos habitantes, ya est\u00e1n limpias casi la totalidad de las calles del municipio lo mismo que los caminos que llevan a las comunidades rurales.<\/p>\n\n\n\n<p>Ya se abri\u00f3 el Registro Civil al que pueden acudir las personas que perdieron sus actas de nacimiento o matrimonio. El servicio de energ\u00eda el\u00e9ctrica ya se restableci\u00f3 casi en su totalidad, casi todas las escuelas est\u00e1n limpias lo mismo que los hospitales y cl\u00ednicas. La ayuda que sigue llegando se reparte de manera equitativa entre los m\u00e1s necesitados y los servicios m\u00e9dicos funcionan al 100 por ciento.<\/p>\n\n\n\n<p>Ya abrieron decenas de comercios, el mercado empieza a funcionar con normalidad. \u201cYa hay vida en \u00c1lamo\u201d, dijo uno de sus habitantes.<\/p>\n\n\n\n<p>\u201cHa sido una tarea tit\u00e1nica, pero con el auxilio del Ej\u00e9rcito, Marina, Guardia Nacional, personal voluntario y la misma ciudadan\u00eda, \u00c1lamo se est\u00e1 levantando\u201d, me dijo una persona cercana al subsecretario.<\/p>\n\n\n\n<p>Bien.<\/p>\n\n\n\n<p>bernagup28@gmail.com<\/p>\n","protected":false},"excerpt":{"rendered":"<p>Bernardo Guti\u00e9rrez ParraDesde el Caf\u00e9En casi cualquier pa\u00eds del mundo, lo que se recolecta en una caseta de peaje es para darle mantenimiento al puente o autopista donde est\u00e1 instalada, y se supone, ese dinero sirve adem\u00e1s para hacer otros puentes o autopistas. Las casetas de peaje de Jap\u00f3n son de las m\u00e1s caras del [&hellip;]<\/p>\n","protected":false},"author":2,"featured_media":141479,"comment_status":"closed","ping_status":"closed","sticky":false,"template":"","format":"standard","meta":{"_jetpack_newsletter_access":"","_jetpack_dont_email_post_to_subs":false,"_jetpack_newsletter_tier_id":0,"_jetpack_memberships_contains_paywalled_content":false,"_jetpack_memberships_contains_paid_content":false,"footnotes":""},"categories":[70],"tags":[7229,15808,13998,203],"class_list":["post-155650","post","type-post","status-publish","format-standard","has-post-thumbnail","hentry","category-de-opinion","tag-carreteras","tag-casetas-de-peaje","tag-cordoba-orizaba","tag-tuxpan"],"jetpack_featured_media_url":"https:\/\/lospoliticosveracruz.com.mx\/wp-content\/uploads\/2025\/04\/Bernardo-Gutierrez-Parra.jpg","jetpack_sharing_enabled":true,"jetpack_shortlink":"https:\/\/wp.me\/p4Qcd3-Euu","_links":{"self":[{"href":"https:\/\/lospoliticosveracruz.com.mx\/index.php?rest_route=\/wp\/v2\/posts\/155650","targetHints":{"allow":["GET"]}}],"collection":[{"href":"https:\/\/lospoliticosveracruz.com.mx\/index.php?rest_route=\/wp\/v2\/posts"}],"about":[{"href":"https:\/\/lospoliticosveracruz.com.mx\/index.php?rest_route=\/wp\/v2\/types\/post"}],"author":[{"embeddable":true,"href":"https:\/\/lospoliticosveracruz.com.mx\/index.php?rest_route=\/wp\/v2\/users\/2"}],"replies":[{"embeddable":true,"href":"https:\/\/lospoliticosveracruz.com.mx\/index.php?rest_route=%2Fwp%2Fv2%2Fcomments&post=155650"}],"version-history":[{"count":2,"href":"https:\/\/lospoliticosveracruz.com.mx\/index.php?rest_route=\/wp\/v2\/posts\/155650\/revisions"}],"predecessor-version":[{"id":155652,"href":"https:\/\/lospoliticosveracruz.com.mx\/index.php?rest_route=\/wp\/v2\/posts\/155650\/revisions\/155652"}],"wp:featuredmedia":[{"embeddable":true,"href":"https:\/\/lospoliticosveracruz.com.mx\/index.php?rest_route=\/wp\/v2\/media\/141479"}],"wp:attachment":[{"href":"https:\/\/lospoliticosveracruz.com.mx\/index.php?rest_route=%2Fwp%2Fv2%2Fmedia&parent=155650"}],"wp:term":[{"taxonomy":"category","embeddable":true,"href":"https:\/\/lospoliticosveracruz.com.mx\/index.php?rest_route=%2Fwp%2Fv2%2Fcategories&post=155650"},{"taxonomy":"post_tag","embeddable":true,"href":"https:\/\/lospoliticosveracruz.com.mx\/index.php?rest_route=%2Fwp%2Fv2%2Ftags&post=155650"}],"curies":[{"name":"wp","href":"https:\/\/api.w.org\/{rel}","templated":true}]}}